{"id":578622,"date":"2025-12-04T23:50:23","date_gmt":"2025-12-04T23:50:23","guid":{"rendered":"https:\/\/www.europesays.com\/fr\/578622\/"},"modified":"2025-12-04T23:50:23","modified_gmt":"2025-12-04T23:50:23","slug":"depart-daubameyang-om-le-craquage-inattendu-dhabib-beye","status":"publish","type":"post","link":"https:\/\/www.europesays.com\/fr\/578622\/","title":{"rendered":"D\u00e9part d&rsquo;Aubameyang &#8211; OM : Le craquage inattendu d&rsquo;Habib Beye !"},"content":{"rendered":"<p class=\"heading\">Alors que la CAN va d\u00e9marrer le 21 d\u00e9cembre, les joueurs africains devaient initialement quitter leurs clubs respectifs le 8 d\u00e9cembre. Toutefois, la FIFA a finalement d\u00e9cid\u00e9 de reporter leur d\u00e9part au 15 d\u00e9cembre. Une d\u00e9cision ayant provoqu\u00e9 la col\u00e8re d&rsquo;Habib Beye, le technicien du Stade Rennais. <\/p>\n<p>Organis\u00e9e au <strong>Maroc<\/strong>, la <strong>Coupe d&rsquo;Afrique des Nations<\/strong> va d\u00e9buter le 21 d\u00e9cembre. Les clubs de <strong>Ligue 1 <\/strong>se pr\u00e9parent donc \u00e0 perdre leurs joueurs cet hiver. Toutefois, les \u00e9quipes de l&rsquo;hexagone peuvent se r\u00e9jouir de pouvoir conserver leurs prot\u00e9g\u00e9s plus longtemps que pr\u00e9vu. En effet, la <strong>FIFA<\/strong> a report\u00e9 d&rsquo;une semaine la date de d\u00e9part des internationaux africains, qui est pass\u00e9e du 8 au 15 d\u00e9cembre. Si cette nouvelle est suppos\u00e9e faire ses affaires, <a href=\"https:\/\/le10sport.com\/football\/mercato\/transfert-habib-beye-tente-un-gros-coup-a-paris-766973\" target=\"_blank\" rel=\"noopener\">Habib Beye<\/a> a tout de m\u00eame pouss\u00e9 un \u00e9norme coup de gueule en conf\u00e9rence de presse ce jeudi apr\u00e8s-midi. <\/p>\n<p>                                            \u00abC\u2019est incorrect que cette information soit donn\u00e9e aussi tard\u00bb<\/p>\n<p>\u00ab C\u2019est incorrect que cette information soit donn\u00e9e aussi tard aux s\u00e9lectionneurs et aux f\u00e9d\u00e9rations impliqu\u00e9s dans cette comp\u00e9tition, qui est tr\u00e8s importante, alors que des dates avaient \u00e9t\u00e9 ent\u00e9rin\u00e9es, une organisation mise en place, avec une pr\u00e9paration, des h\u00f4tels r\u00e9serv\u00e9s. Je suis sur la m\u00eame logique que mes confr\u00e8res de clubs : j\u2019ai les joueurs jusqu\u2019au 15 d\u00e9cembre, et en tant que coach de Rennes je suis content de les avoir, mais il faut aussi se placer de l\u2019autre c\u00f4t\u00e9. Je ne suis pas surpris par ce qui se passe, par rapport \u00e0 cette ing\u00e9rence o\u00f9 on pense pouvoir impacter cette \u00e9preuve en la consid\u00e9rant comme mineure, cela a d\u00e9j\u00e0 exist\u00e9 dans le pass\u00e9\u2026 Je l\u2019ai d\u00e9j\u00e0 v\u00e9cu \u00bb, a pest\u00e9 <strong>Habib<\/strong> <strong>Beye<\/strong>, le coach du <strong>Stade<\/strong> <strong>Rennais<\/strong>, avant d&rsquo;en rajouter une couche. <\/p>\n<p>                                            \u00abLa CAN a \u00e9t\u00e9 plac\u00e9e l\u00e0 en raison de la Coupe du monde des clubs\u00bb<\/p>\n<p>\u00ab La CAN a \u00e9t\u00e9 plac\u00e9e l\u00e0 en raison de la Coupe du monde des clubs, et tout le monde savait quelles \u00e9taient les dates depuis longtemps. Si on nous avait demand\u00e9 de lib\u00e9rer nos joueurs le 8 d\u00e9cembre, on l\u2019aurait fait le 8. On fait partie des clubs qui n\u2019ont mis aucune pression sur aucune f\u00e9d\u00e9ration pour garder nos joueurs \u00bb, a conclu <strong>Habib<\/strong> <strong>Beye<\/strong>. L&rsquo;entraineur du <strong>Stade Rennais<\/strong> devrait perdre \u00e0 la fois <strong>Mahamadou Nagida<\/strong> (Cameroun), <strong>Seko<\/strong> <strong>Fofana<\/strong> (C\u00f4te d\u2019Ivoire) et <strong>Abdelhamid<\/strong> <strong>Ait<\/strong> <strong>Boudlal<\/strong> (Maroc). De son c\u00f4t\u00e9, l&rsquo;<strong>OM <\/strong>risque de voir <a href=\"https:\/\/le10sport.com\/football\/mercato\/mercato-benjamin-pavard-a-lom-la-fin-est-annoncee-767192\" target=\"_blank\" rel=\"noopener\">Pierre-Emerick Aubameyang<\/a> (Gabon), <strong>Nayef<\/strong> <strong>Aguerd<\/strong> et <strong>Bilal<\/strong> <strong>Nadir<\/strong> (Maroc) partir cet hiver. <\/p>\n","protected":false},"excerpt":{"rendered":"Alors que la CAN va d\u00e9marrer le 21 d\u00e9cembre, les joueurs africains devaient initialement quitter leurs clubs respectifs&hellip;\n","protected":false},"author":2,"featured_media":578623,"comment_status":"","ping_status":"","sticky":false,"template":"","format":"standard","meta":{"footnotes":""},"categories":[1410],"tags":[63,1011,27,60],"class_list":{"0":"post-578622","1":"post","2":"type-post","3":"status-publish","4":"format-standard","5":"has-post-thumbnail","7":"category-football","8":"tag-football","9":"tag-fr","10":"tag-france","11":"tag-sports"},"share_on_mastodon":{"url":"https:\/\/pubeurope.com\/@fr\/115663983686410843","error":""},"_links":{"self":[{"href":"https:\/\/www.europesays.com\/fr\/wp-json\/wp\/v2\/posts\/578622","targetHints":{"allow":["GET"]}}],"collection":[{"href":"https:\/\/www.europesays.com\/fr\/wp-json\/wp\/v2\/posts"}],"about":[{"href":"https:\/\/www.europesays.com\/fr\/wp-json\/wp\/v2\/types\/post"}],"author":[{"embeddable":true,"href":"https:\/\/www.europesays.com\/fr\/wp-json\/wp\/v2\/users\/2"}],"replies":[{"embeddable":true,"href":"https:\/\/www.europesays.com\/fr\/wp-json\/wp\/v2\/comments?post=578622"}],"version-history":[{"count":0,"href":"https:\/\/www.europesays.com\/fr\/wp-json\/wp\/v2\/posts\/578622\/revisions"}],"wp:featuredmedia":[{"embeddable":true,"href":"https:\/\/www.europesays.com\/fr\/wp-json\/wp\/v2\/media\/578623"}],"wp:attachment":[{"href":"https:\/\/www.europesays.com\/fr\/wp-json\/wp\/v2\/media?parent=578622"}],"wp:term":[{"taxonomy":"category","embeddable":true,"href":"https:\/\/www.europesays.com\/fr\/wp-json\/wp\/v2\/categories?post=578622"},{"taxonomy":"post_tag","embeddable":true,"href":"https:\/\/www.europesays.com\/fr\/wp-json\/wp\/v2\/tags?post=578622"}],"curies":[{"name":"wp","href":"https:\/\/api.w.org\/{rel}","templated":true}]}}