{"id":578624,"date":"2025-12-04T23:51:15","date_gmt":"2025-12-04T23:51:15","guid":{"rendered":"https:\/\/www.europesays.com\/fr\/578624\/"},"modified":"2025-12-04T23:51:15","modified_gmt":"2025-12-04T23:51:15","slug":"fiere-du-cinema-francais-juliette-binoche-ne-mache-pas-ses-mots-sur-jamel-debbouze-toute-diversite-doit","status":"publish","type":"post","link":"https:\/\/www.europesays.com\/fr\/578624\/","title":{"rendered":"Fi\u00e8re du cin\u00e9ma fran\u00e7ais, Juliette Binoche ne m\u00e2che pas ses mots sur Jamel Debbouze : \u00ab\u00a0Toute diversit\u00e9 doit\u2026\u00a0\u00bb"},"content":{"rendered":"<p>Par <a class=\"author_recette\" id=\"author_name\" href=\"https:\/\/www.nextplz.fr\/auteur\/victoria-buisson\" target=\"_blank\" rel=\"noopener\">Victoria<br \/>\nBuisson<\/a> &#8211;<br \/>\nPubli\u00e9 le 04 D\u00e9c 2025 \u00e0<br \/>\n20:38<\/p>\n<p class=\"article-intro excerpt\">Juliette Binoche et Jamel Debbouze<br \/>\nse sont \u00e9charp\u00e9s en pleine c\u00e9r\u00e9monie des C\u00e9sar. Une s\u00e9quence qui a<br \/>\nsuscit\u00e9 de vives r\u00e9actions.<\/p>\n<p>De Fatale \u00e0 Le Patient anglais en passant par<br \/>\nLe Chocolat, La Passion de Dodin Bouffant ou Coup de<br \/>\nfoudre \u00e0 Rhode Island, Juliette Binoche ne compte plus les<br \/>\nsucc\u00e8s dans lesquels elle a eu la chance de jouer. Figure<br \/>\nembl\u00e9matique du cin\u00e9ma fran\u00e7ais, elle encha\u00eene en effet les<br \/>\ntournages depuis le d\u00e9but des ann\u00e9es 80. Ce mercredi 3 d\u00e9cembre<br \/>\n2025, elle \u00e9tait d\u00a0\u00bbailleurs de retour sur les \u00e9crans avec Celle<br \/>\nque vous croyez sur Arte. Un film de Safy Nebbou dans lequel<br \/>\nl&rsquo;actrice de 61 ans donne notamment la r\u00e9plique \u00e0 Fran\u00e7ois<br \/>\nCivil.<\/p>\n<p>Juliette Binoche : une grande habitu\u00e9e de la c\u00e9r\u00e9monie des<br \/>\nC\u00e9sar<\/p>\n<p>Si <a href=\"https:\/\/www.nextplz.fr\/personnalite\/juliette-binoche\/\" target=\"_blank\" rel=\"noopener\">Juliette<br \/>\nBinoche a multipli\u00e9 les r\u00f4les marquants au cin\u00e9ma<\/a>, elle a tout<br \/>\nautant multipli\u00e9 les invitations aux c\u00e9r\u00e9monies qui c\u00e9l\u00e8brent le<br \/>\nsepti\u00e8me art, \u00e0 commencer par les C\u00e9sar. L&rsquo;actrice, r\u00e9guli\u00e8rement<br \/>\nnomm\u00e9e et souvent mise \u00e0 l&rsquo;honneur, y est devenue une figure<br \/>\nfamili\u00e8re, accueillie avec le respect que l&rsquo;on r\u00e9serve aux grandes<br \/>\ndames du cin\u00e9ma fran\u00e7ais. On se souvient notamment de la 48e<br \/>\nc\u00e9r\u00e9monie durant laquelle un \u00e9change avec l&rsquo;humoriste, acteur et<br \/>\nproducteur franco-marocain Jamel Debbouze avait suscit\u00e9 de vives<br \/>\nr\u00e9actions.<\/p>\n<p>Jamel Debbouze et son discours sans filtre sur le cin\u00e9ma<br \/>\nfran\u00e7ais<\/p>\n<p>Tandis que Jamel Debbouze entamait son discours d&rsquo;ouverture<br \/>\ndevant des milliers de t\u00e9l\u00e9spectateurs, Juliette Binoche n&rsquo;avait<br \/>\npas h\u00e9sit\u00e9 \u00e0 intervenir depuis son si\u00e8ge. \u00ab\u00a0Qu&rsquo;est-ce qui marche<br \/>\nen ce moment au cin\u00e9ma ? \u00ab\u00a0Avatar\u00a0\u00bb, \u00ab\u00a0Asterix\u00a0\u00bb, \u00ab\u00a0Top Gun\u00a0\u00bb. Des<br \/>\ncascades et des effets sp\u00e9ciaux. J&rsquo;ai regard\u00e9 nos films<br \/>\nd&rsquo;auteurs&#8230;\u00a0\u00bb, avait d&rsquo;abord lanc\u00e9 le cin\u00e9aste avant d&rsquo;ajouter<br \/>\n: \u00ab\u00a0as une cascade, pas un effet sp\u00e9cial. C&rsquo;est normal \u00e7a. Non<br \/>\nmais s\u00e9rieusement vous voulez faire des entr\u00e9es. Il faut booster<br \/>\nnos sc\u00e9narios, \u00eatre plus cr\u00e9atifs\u00a0\u00bb.<\/p>\n<p>\u00ab\u00a0La vie de ma m\u00e8re on fait un<br \/>\nmalheur\u00a0\u00bb<\/p>\n<p>Par la suite, Jamel Debbouze avait propos\u00e9 d&rsquo;ajouter des ninjas<br \/>\naux films, notamment au dernier long-m\u00e9trage de Claire Denis avec<br \/>\nJuliette Binoche. Une proposition qui n&rsquo;avait pas plu \u00e0 tout le<br \/>\nmonde&#8230; \u00e0 commencer par la principale int\u00e9ress\u00e9e : \u00ab\u00a0Je ne suis<br \/>\npas d&rsquo;accord, je ne suis pas d&rsquo;accord. On fait aussi des<br \/>\nentr\u00e9es\u00a0\u00bb, avait-elle lanc\u00e9. Et <a href=\"https:\/\/www.nextplz.fr\/cinema\/475385-jamel-debbouze-confidences-rares-avenir-enfants\" target=\"_blank\" rel=\"noopener\"><br \/>\ncelui qui a r\u00e9cemment fait des confidences rares sur l&rsquo;avenir de<br \/>\nses enfants<\/a> de l\u00e2cher face \u00e0 l&rsquo;assistance : \u00ab\u00a0Je ne<br \/>\nm&rsquo;attendais pas \u00e0 cette intervention. (&#8230;) Tu rajoutes<br \/>\ndes ninjas Juliette, sur la vie de ma m\u00e8re on fait un<br \/>\nmalheur\u00a0\u00bb. S&rsquo;en \u00e9tait alors ensuivi un \u00e9change pour le moins<br \/>\nsurprenant sur lequel l&rsquo;actrice \u00e9tait revenue le lendemain.<\/p>\n<p>Juliette Binoche s&rsquo;en<br \/>\nprend \u00e0 Jamel Debbouze<\/p>\n<p>\u00ab\u00a0Je n&rsquo;ai pas pu m&#8217;emp\u00eacher de me lever au moment o\u00f9 Jamel<br \/>\ncommen\u00e7ait \u00e0 ricaner sur les films d&rsquo;auteur, m\u00eame avec toutes les<br \/>\nlibert\u00e9s que le stand up comics peut prendre, les films d&rsquo;auteurs<br \/>\nsont fragiles, difficiles \u00e0 faire, nous avons la chance de pouvoir<br \/>\navoir une diversit\u00e9 formidable de films en France gr\u00e2ce aux<br \/>\ndiverses aides financi\u00e8res que le monde nous envie. Toute diversit\u00e9<br \/>\ndoit s&rsquo;exprimer\u00a0\u00bb, avait-elle \u00e9crit sur Instagram. \u00ab\u00a0Non !<br \/>\nD\u00e9sol\u00e9 Jamel avec tout le respect et l&rsquo;amour que j&rsquo;ai pour toi, et<br \/>\ntu le sais, je ne suis pas d&rsquo;accord pour te laisser d\u00e9nigrer ce<br \/>\ncin\u00e9ma l\u00e0, ni ceux qui prennent le risque de le faire, c&rsquo;est trop<br \/>\nfacile&#8230;\u00a0\u00bb<\/p>\n","protected":false},"excerpt":{"rendered":"Par Victoria Buisson &#8211; Publi\u00e9 le 04 D\u00e9c 2025 \u00e0 20:38 Juliette Binoche et Jamel Debbouze se sont&hellip;\n","protected":false},"author":2,"featured_media":578625,"comment_status":"","ping_status":"","sticky":false,"template":"","format":"standard","meta":{"footnotes":""},"categories":[1359],"tags":[58,59,1011,27,973,65861],"class_list":{"0":"post-578624","1":"post","2":"type-post","3":"status-publish","4":"format-standard","5":"has-post-thumbnail","7":"category-people","8":"tag-divertissement","9":"tag-entertainment","10":"tag-fr","11":"tag-france","12":"tag-people","13":"tag-trend"},"share_on_mastodon":{"url":"https:\/\/pubeurope.com\/@fr\/115663987330632435","error":""},"_links":{"self":[{"href":"https:\/\/www.europesays.com\/fr\/wp-json\/wp\/v2\/posts\/578624","targetHints":{"allow":["GET"]}}],"collection":[{"href":"https:\/\/www.europesays.com\/fr\/wp-json\/wp\/v2\/posts"}],"about":[{"href":"https:\/\/www.europesays.com\/fr\/wp-json\/wp\/v2\/types\/post"}],"author":[{"embeddable":true,"href":"https:\/\/www.europesays.com\/fr\/wp-json\/wp\/v2\/users\/2"}],"replies":[{"embeddable":true,"href":"https:\/\/www.europesays.com\/fr\/wp-json\/wp\/v2\/comments?post=578624"}],"version-history":[{"count":0,"href":"https:\/\/www.europesays.com\/fr\/wp-json\/wp\/v2\/posts\/578624\/revisions"}],"wp:featuredmedia":[{"embeddable":true,"href":"https:\/\/www.europesays.com\/fr\/wp-json\/wp\/v2\/media\/578625"}],"wp:attachment":[{"href":"https:\/\/www.europesays.com\/fr\/wp-json\/wp\/v2\/media?parent=578624"}],"wp:term":[{"taxonomy":"category","embeddable":true,"href":"https:\/\/www.europesays.com\/fr\/wp-json\/wp\/v2\/categories?post=578624"},{"taxonomy":"post_tag","embeddable":true,"href":"https:\/\/www.europesays.com\/fr\/wp-json\/wp\/v2\/tags?post=578624"}],"curies":[{"name":"wp","href":"https:\/\/api.w.org\/{rel}","templated":true}]}}