{"id":578626,"date":"2025-12-04T23:52:10","date_gmt":"2025-12-04T23:52:10","guid":{"rendered":"https:\/\/www.europesays.com\/fr\/578626\/"},"modified":"2025-12-04T23:52:10","modified_gmt":"2025-12-04T23:52:10","slug":"ce-photographe-de-16-ans-devoile-son-univers-pres-de-marmande-apres-avoir-traverse-lenfer","status":"publish","type":"post","link":"https:\/\/www.europesays.com\/fr\/578626\/","title":{"rendered":"Ce photographe de 16 ans d\u00e9voile son univers pr\u00e8s de Marmande apr\u00e8s avoir travers\u00e9 l&rsquo;enfer"},"content":{"rendered":"<p>                    Par<br \/>\n        <strong><br \/>\n            <a href=\"https:\/\/actu.fr\/auteur\/tomy-rigouleau\" title=\"Consulter tous les articles de Tomy Rigouleau\" target=\"_blank\" rel=\"noopener\">Tomy Rigouleau<\/a><br \/>\n                    <\/strong><\/p>\n<p>        Publi\u00e9 le<\/p>\n<p>            4 d\u00e9c. 2025 \u00e0 20h36        <\/p>\n<p data-end=\"560\">Derri\u00e8re son air discret, <b>Axel Guerrier<\/b>, 16 ans, dissimule un parcours marqu\u00e9 par de douloureuses \u00e9preuves. \u00ab <b>On a travers\u00e9 les enfers<\/b> \u00bb, confie sa m\u00e8re, Sophie en \u00e9voquant la vie de de son fils, atteint d\u2019un <b>cancer des oreilles<\/b> \u00e0 seulement 4 ans. Une enfance marqu\u00e9e par des dizaines de chimios, des anesth\u00e9sies quasi quotidiennes mais aussi par <b>la perte de son p\u00e8re<\/b>, d\u00e9c\u00e9d\u00e9 alors qu\u2019Axel n\u2019avait que 9 ans. C\u2019est sans doute ce parcours qui a permis \u00e0 cet adolescent de d\u00e9velopper <b>une sensibilit\u00e9 presque instinctive pour les choses simples de la vie<\/b> qu\u2019il retranscrit \u00e0 travers la <b>photographie<\/b>, devenue pour lui un refuge. Ses clich\u00e9s seront d\u00e9voil\u00e9s pour la premi\u00e8re fois dans<b> l\u2019exposition \u00ab \u00c9closion \u00bb<\/b>, ce samedi 6 d\u00e9cembre 2025 \u00e0 l\u2019institut Bellissima de<a href=\"https:\/\/actu.fr\/le-republicain-lot-et-garonne\/\" target=\"_blank\" rel=\"noopener\"> Fauguerolles (Lot-et-Garonne)<\/a> de 18h \u00e0 21h.<\/p>\n<p>La photographie : un refuge pour cet adolescent<\/p>\n<p data-end=\"1216\" class=\" wall-content\">\u00c9l\u00e8ve <b>en seconde ann\u00e9e d\u2019horlogerie<\/b> au lyc\u00e9e Marcel-Dassault de M\u00e9rignac, il se destine \u00e0 r\u00e9parer des montres, un m\u00e9tier minutieux d\u00e9couvert gr\u00e2ce \u00e0 son grand-p\u00e8re.<\/p>\n<p data-end=\"1216\" class=\" wall-content\">Mais derri\u00e8re l\u2019apprenti horloger se cache surtout un <b>photographe passionn\u00e9<\/b>. \u00ab On m\u2019a offert un t\u00e9lescope et j\u2019ai coinc\u00e9 mon t\u00e9l\u00e9phone dessus. Mes premi\u00e8res photos sont n\u00e9es comme \u00e7a \u00bb, raconte-t-il. Autodidacte, Axel a appris seul, pouss\u00e9 par une curiosit\u00e9 insatiable.<\/p>\n<p data-end=\"1398\" class=\" wall-content\">La photographie est devenue son refuge. \u00ab<b> Quand je pars me balader, je ne pense \u00e0 rien<\/b> \u00bb, dit-il. La nature est son terrain de jeu, qu\u2019il explore \u00e0 la recherche d\u2019instants fugaces.<\/p>\n<p>Vid\u00e9os : en ce moment sur ActuDans l\u2019intimit\u00e9 des oiseaux<\/p>\n<p data-end=\"1767\" class=\" wall-content\">Fascin\u00e9 par<b> les oiseaux<\/b>, Axel parcourt chemins et sous-bois avec son reflex, pr\u00eat \u00e0 saisir un battement d\u2019ailes ou une lumi\u00e8re fragile.<\/p>\n<blockquote class=\"ac-article-quote wall-content\">\n<p>J\u2019aime capturer les \u00e9motions, surtout celles des oiseaux. Je fais du rep\u00e9rage, j\u2019installe un aff\u00fbt, et je peux attendre des heures.<\/p>\n<p>Axel Guerrier, photographe<\/p><\/blockquote>\n<p>Votre r\u00e9gion, votre actu !<\/p>\n<p>Recevez chaque jour les infos qui comptent pour vous.<\/p>\n<p>\t<a href=\"https:\/\/actu.fr\/newsletter\" class=\"ac-btn ac-btn--corner ac-btn--medium ac-btn--blue800\" target=\"_blank\" rel=\"noopener\">S&rsquo;incrire<\/a><\/p>\n<p data-end=\"1767\" class=\" wall-content\">Pour pr\u00e9server la spontan\u00e9it\u00e9, il se fond dans le paysage. \u00ab C\u2019est comme si je n\u2019\u00e9tais pas l\u00e0. \u00bb<\/p>\n<p data-end=\"1968\" class=\" wall-content\">Ses clich\u00e9s, authentiques et po\u00e9tiques, r\u00e9v\u00e8lent une douceur presque candide. \u00c0 travers cette <b>premi\u00e8re exposition<\/b>, Axel partage son univers et nourrit un r\u00eave : celui de peut-\u00eatre un jour vivre de sa passion.<\/p>\n<p>Exposition \u00ab\u00a0\u00c9closion\u00a0\u00bb, samedi 6 d\u00e9cembre de 18h \u00e0 21h \u00e0 l\u2019Institut Bellissima, 1 impasse de la Poste \u00e0 Fauguerolles. Contact : <a href=\"https:\/\/actu.fr\/cdn-cgi\/l\/email-protection\" class=\"__cf_email__\" data-cfemail=\"a9c8d1ccc5cedcccdbdbc0ccdb87dec0c5cdc5c0cfcce9cec4c8c0c587cac6c4\" target=\"_blank\" rel=\"noopener\">[email\u00a0protected]<\/a> ou 06.02.30.02.25. Instagram et facebook : ag.photowild<\/p>\n<p class=\" wall-content\">Personnalisez votre actualit\u00e9 en ajoutant vos villes et m\u00e9dias en favori avec <a href=\"https:\/\/moncompte.actu.fr\" title=\"D\u00e9couvez Mon Actu\" rel=\"nofollow noopener\" data-trk=\"{&quot;cta&quot;:{&quot;action&quot;:&quot;https:\\\/\\\/moncompte.actu.fr&quot;,&quot;category&quot;:&quot;mon compte&quot;,&quot;from&quot;:&quot;article footer&quot;,&quot;name&quot;:&quot;Mon actu&quot;,&quot;type&quot;:&quot;cta&quot;}}\" target=\"_blank\">Mon Actu<\/a>.<\/p>\n","protected":false},"excerpt":{"rendered":"Par Tomy Rigouleau Publi\u00e9 le 4 d\u00e9c. 2025 \u00e0 20h36 Derri\u00e8re son air discret, Axel Guerrier, 16 ans,&hellip;\n","protected":false},"author":2,"featured_media":578627,"comment_status":"","ping_status":"","sticky":false,"template":"","format":"standard","meta":{"footnotes":""},"categories":[1358],"tags":[1348,1384,1385,1386,58,59,1011,27,1756,9026,104],"class_list":{"0":"post-578626","1":"post","2":"type-post","3":"status-publish","4":"format-standard","5":"has-post-thumbnail","7":"category-arts-et-design","8":"tag-arts","9":"tag-arts-and-design","10":"tag-arts-et-design","11":"tag-design","12":"tag-divertissement","13":"tag-entertainment","14":"tag-fr","15":"tag-france","16":"tag-photographie","17":"tag-portrait","18":"tag-societe"},"share_on_mastodon":{"url":"https:\/\/pubeurope.com\/@fr\/115663991191951555","error":""},"_links":{"self":[{"href":"https:\/\/www.europesays.com\/fr\/wp-json\/wp\/v2\/posts\/578626","targetHints":{"allow":["GET"]}}],"collection":[{"href":"https:\/\/www.europesays.com\/fr\/wp-json\/wp\/v2\/posts"}],"about":[{"href":"https:\/\/www.europesays.com\/fr\/wp-json\/wp\/v2\/types\/post"}],"author":[{"embeddable":true,"href":"https:\/\/www.europesays.com\/fr\/wp-json\/wp\/v2\/users\/2"}],"replies":[{"embeddable":true,"href":"https:\/\/www.europesays.com\/fr\/wp-json\/wp\/v2\/comments?post=578626"}],"version-history":[{"count":0,"href":"https:\/\/www.europesays.com\/fr\/wp-json\/wp\/v2\/posts\/578626\/revisions"}],"wp:featuredmedia":[{"embeddable":true,"href":"https:\/\/www.europesays.com\/fr\/wp-json\/wp\/v2\/media\/578627"}],"wp:attachment":[{"href":"https:\/\/www.europesays.com\/fr\/wp-json\/wp\/v2\/media?parent=578626"}],"wp:term":[{"taxonomy":"category","embeddable":true,"href":"https:\/\/www.europesays.com\/fr\/wp-json\/wp\/v2\/categories?post=578626"},{"taxonomy":"post_tag","embeddable":true,"href":"https:\/\/www.europesays.com\/fr\/wp-json\/wp\/v2\/tags?post=578626"}],"curies":[{"name":"wp","href":"https:\/\/api.w.org\/{rel}","templated":true}]}}