{"id":578628,"date":"2025-12-04T23:54:13","date_gmt":"2025-12-04T23:54:13","guid":{"rendered":"https:\/\/www.europesays.com\/fr\/578628\/"},"modified":"2025-12-04T23:54:13","modified_gmt":"2025-12-04T23:54:13","slug":"rien-ne-va-plus-lucie-bernardoni-vole-au-secours-de-marlene-schaff-que-se-passe-t-il-a-la-star-academy-divertissements","status":"publish","type":"post","link":"https:\/\/www.europesays.com\/fr\/578628\/","title":{"rendered":"Rien ne va plus, Lucie Bernardoni vole au secours de Marl\u00e8ne Schaff : que se passe-t-il \u00e0 la Star Academy ? : Divertissements"},"content":{"rendered":"<p class=\"lead\">Depuis le d\u00e9but de cette 13e saison, la Star Academy nouvelle version fait vibrer TF1, et la semaine du 4 d\u00e9cembre 2025 n&rsquo;a pas d\u00e9rog\u00e9 \u00e0 la r\u00e8gle. Les \u00e9l\u00e8ves ont boss\u00e9 un gros th\u00e8me : l<strong>es com\u00e9dies musicales<\/strong>, un exercice complet qui m\u00e9lange chant, danse et jeu, et qui a donn\u00e9 lieu \u00e0 une pr\u00e9paration intense suivie dans la quotidienne. Entre les tableaux de vingt minutes \u00e0 retenir sans prompteur et trois acad\u00e9miciennes en danger pour le prime, la pression a grimp\u00e9 d&rsquo;un cran. Un contexte exigeant qui, malheureusement, a aussi aliment\u00e9 les r\u00e9actions enflamm\u00e9es sur les r\u00e9seaux sociaux.<\/p>\n<p class=\"lead\"><strong>Marl\u00e8ne Schaff victime de violentes critiques<\/strong><\/p>\n<p class=\"lead\"> Sur le m\u00eame sujet\u00a0:  <\/p>\n<p class=\"lead\">Mais cette semaine tr\u00e8s technique a surtout \u00e9t\u00e9 \u00e9clips\u00e9e par une autre histoire : la vague d&rsquo;attaques visant Marl\u00e8ne Schaff. Sur X, certains internautes d\u00e9noncent sa s\u00e9v\u00e9rit\u00e9 ou l&rsquo;accusent de favoriser certains candidats, une situation qui a pris de l&rsquo;ampleur. Les critiques se sont transform\u00e9es<strong> en une vraie campagne de d\u00e9nigrement<\/strong>. Face \u00e0 cette hostilit\u00e9, Marl\u00e8ne Schaff s&rsquo;est d\u00e9j\u00e0 prot\u00e9g\u00e9e : \u00ab\u00a0Je vais \u00eatre tr\u00e8s claire avec vous, je me suis totalement prot\u00e9g\u00e9e de \u00e7a (&#8230;) je suis dans une bulle\u00a0\u00bb, expliquait-elle \u00e0 Voici mercredi 3 d\u00e9cembre 2025. Sur X, elle ironisait aussi sur les jugements faciles : \u00ab\u00a0Un jour, j&rsquo;aimerais \u00eatre parfaite comme les gens de Twitter (&#8230;) Quelles \u00e9tudes pour \u00eatre ainsi de fiers juges ?\u00a0\u00bb. Son ton cash n&rsquo;a visiblement pas suffi \u00e0 calmer la temp\u00eate.<\/p>\n<p class=\"lead\"><strong>Lucie Bernardoni prend sa d\u00e9fense<\/strong><\/p>\n<p class=\"lead\">C&rsquo;est finalement Lucie Bernardoni qui a choisi de prendre la parole ce jeudi 4 d\u00e9cembre 2025 pour remettre les choses au clair. Sur X, la r\u00e9p\u00e9titrice a sign\u00e9 un message long, personnel, et ultra-solidaire : <strong>\u00ab\u00a0Que les choses soient claires et apais\u00e9es. Marl\u00e8ne Schaff est une femme bien et empathique (&#8230;) Elle \u00e9tait ma coll\u00e8gue, elle est devenue mon amie.\u00a0\u00bb<\/strong> Lucie Bernardoni revient sur leur parcours commun, rappelle que \u00ab\u00a0tout le corps professoral\u00a0\u00bb soutient Marl\u00e8ne Schaff et <strong>se dit \u00ab\u00a0<\/strong><strong>outr\u00e9e<\/strong><strong>\u00a0\u00bb par <\/strong><strong>\u00ab\u00a0les rivi\u00e8res de haine<\/strong><strong>\u00a0\u00bb visant la prof.<\/strong> Elle insiste : \u00ab\u00a0Ici il n&rsquo;y a de place que pour l&rsquo;amour de la musique et la transmission aux \u00e9l\u00e8ves. Marl\u00e8ne. Je t&rsquo;aime\u00a0\u00bb. Un soutien fort qui vise clairement \u00e0 apaiser un climat devenu pesant autour du ch\u00e2teau.<\/p>\n","protected":false},"excerpt":{"rendered":"Depuis le d\u00e9but de cette 13e saison, la Star Academy nouvelle version fait vibrer TF1, et la semaine&hellip;\n","protected":false},"author":2,"featured_media":578629,"comment_status":"","ping_status":"","sticky":false,"template":"","format":"standard","meta":{"footnotes":""},"categories":[1356],"tags":[58,59,1011,27,69278,69277,252,1364],"class_list":{"0":"post-578628","1":"post","2":"type-post","3":"status-publish","4":"format-standard","5":"has-post-thumbnail","7":"category-television","8":"tag-divertissement","9":"tag-entertainment","10":"tag-fr","11":"tag-france","12":"tag-generic_tvactu","13":"tag-tlrealit","14":"tag-television","15":"tag-tv"},"share_on_mastodon":{"url":"https:\/\/pubeurope.com\/@fr\/115663999159504198","error":""},"_links":{"self":[{"href":"https:\/\/www.europesays.com\/fr\/wp-json\/wp\/v2\/posts\/578628","targetHints":{"allow":["GET"]}}],"collection":[{"href":"https:\/\/www.europesays.com\/fr\/wp-json\/wp\/v2\/posts"}],"about":[{"href":"https:\/\/www.europesays.com\/fr\/wp-json\/wp\/v2\/types\/post"}],"author":[{"embeddable":true,"href":"https:\/\/www.europesays.com\/fr\/wp-json\/wp\/v2\/users\/2"}],"replies":[{"embeddable":true,"href":"https:\/\/www.europesays.com\/fr\/wp-json\/wp\/v2\/comments?post=578628"}],"version-history":[{"count":0,"href":"https:\/\/www.europesays.com\/fr\/wp-json\/wp\/v2\/posts\/578628\/revisions"}],"wp:featuredmedia":[{"embeddable":true,"href":"https:\/\/www.europesays.com\/fr\/wp-json\/wp\/v2\/media\/578629"}],"wp:attachment":[{"href":"https:\/\/www.europesays.com\/fr\/wp-json\/wp\/v2\/media?parent=578628"}],"wp:term":[{"taxonomy":"category","embeddable":true,"href":"https:\/\/www.europesays.com\/fr\/wp-json\/wp\/v2\/categories?post=578628"},{"taxonomy":"post_tag","embeddable":true,"href":"https:\/\/www.europesays.com\/fr\/wp-json\/wp\/v2\/tags?post=578628"}],"curies":[{"name":"wp","href":"https:\/\/api.w.org\/{rel}","templated":true}]}}