{"id":578634,"date":"2025-12-04T23:57:13","date_gmt":"2025-12-04T23:57:13","guid":{"rendered":"https:\/\/www.europesays.com\/fr\/578634\/"},"modified":"2025-12-04T23:57:13","modified_gmt":"2025-12-04T23:57:13","slug":"aux-etats-unis-la-vaccination-des-nouveaux-nes-contre-lhepatite-b-sur-la-sellette-04-12-2025-a-2024","status":"publish","type":"post","link":"https:\/\/www.europesays.com\/fr\/578634\/","title":{"rendered":"Aux Etats-Unis, la vaccination des nouveaux-n\u00e9s contre l&rsquo;h\u00e9patite B sur la sellette &#8211; 04\/12\/2025 \u00e0 20:24"},"content":{"rendered":"<p>        <img decoding=\"async\" src=\"https:\/\/www.europesays.com\/fr\/wp-content\/uploads\/2025\/12\/c17a15b6a3bb9421547c43e53e3de2f8-760x506.jpg\" alt=\"Une infirmi\u00e8re s'appr\u00eate \u00e0 administrer une dose de vaccin contre l'h\u00e9patite B \u00e0  Lynwood, Californie, le 27 ao\u00fbt 2013 ( AFP \/ ROBYN BECK )\" loading=\"eager\" fetchpriority=\"high\" width=\"760\" height=\"506\" style=\"max-width: 100%!important; height: auto;\"\/><\/p>\n<p class=\"c-image-news__legend\">Une infirmi\u00e8re s&rsquo;appr\u00eate \u00e0 administrer une dose de vaccin contre l&rsquo;h\u00e9patite B \u00e0  Lynwood, Californie, le 27 ao\u00fbt 2013 ( AFP \/ ROBYN BECK )<\/p>\n<p>\n Des experts nomm\u00e9s par le ministre de la Sant\u00e9 vaccinosceptique de Donald Trump Robert Kennedy Jr. discutent jeudi de la vaccination contre l&rsquo;h\u00e9patite B qu&rsquo;ils envisagent de cesser de recommander \u00e0 l&rsquo;ensemble des nouveaux-n\u00e9s, contre l&rsquo;avis de nombreux m\u00e9decins.\n<\/p>\n<p>\n Ce groupe, dont les recommandations sont traditionnellement suivies par les autorit\u00e9s f\u00e9d\u00e9rales am\u00e9ricaines, a modifi\u00e9 en septembre les recommandations vaccinales sur le Covid-19 et la rougeole.\n<\/p>\n<p>\n Initialement pr\u00e9vue jeudi, sa d\u00e9cision sur le vaccin contre l&rsquo;h\u00e9patite B a \u00e9t\u00e9 report\u00e9e \u00e0 vendredi en raison de la confusion et de la r\u00e9sistance de certains des experts quant aux implications du changement envisag\u00e9.\n<\/p>\n<p>\n D\u00e9sormais compos\u00e9 de personnalit\u00e9s critiqu\u00e9es souvent par le milieu scientifique pour leur manque d&rsquo;expertise ou pour avoir relay\u00e9 des th\u00e9ories vaccinosceptiques, le Comit\u00e9 consultatif sur les pratiques de vaccination (ACIP) r\u00e9\u00e9value la s\u00fbret\u00e9 de plusieurs vaccins pour certains utilis\u00e9s depuis des d\u00e9cennies.\n<\/p>\n<p>\n L&rsquo;initiative inqui\u00e8te la communaut\u00e9 m\u00e9dicale am\u00e9ricaine qui redoute que l&rsquo;acc\u00e8s aux vaccins ne soit restreint pour des raisons id\u00e9ologiques, alors m\u00eame que les taux de vaccination reculent depuis la pand\u00e9mie et font craindre le retour de maladies contagieuses mortelles comme la rougeole.\n<\/p>\n<p> &#8211; \u00ab\u00a0Irresponsable\u00a0\u00bb &#8211;<\/p>\n<p>\n Les Etats-Unis recommandent depuis 1991 la vaccination contre l&rsquo;h\u00e9patite B pour tous les nouveaux-n\u00e9s dans les premi\u00e8res heures de leur vie. Mais l&rsquo;ACIP pourrait d\u00e9sormais la conseiller seulement aux enfants dont la m\u00e8re est porteuse du virus, selon une proposition d\u00e9voil\u00e9e jeudi.\n<\/p>\n<p>\n Les autres enfants se verraient alors recommander la premi\u00e8re dose &#8211; sur trois n\u00e9cessaires &#8211; \u00e0 partir de deux mois.\n<\/p>\n<p>\n Pour certains membres du comit\u00e9, l&rsquo;initiative permettrait d&rsquo;aligner la politique vaccinale am\u00e9ricaine sur celle de pays d\u00e9velopp\u00e9s comme la France ou le Royaume-Uni, mais elle est d\u00e9nonc\u00e9e comme injustifi\u00e9e et m\u00eame risqu\u00e9e par des institutions m\u00e9dicales am\u00e9ricaines.\n<\/p>\n<p>\n Celles-ci soulignent les failles dans les dispositifs de d\u00e9pistage des m\u00e8res aux Etats-Unis et avertissent que tout report conduirait \u00e0 une baisse des taux de vaccination.\n<\/p>\n<p>\n Tout changement serait \u00ab\u00a0irresponsable, irrespectueux et tr\u00e8s pr\u00e9judiciable\u00a0\u00bb, a jug\u00e9 le docteur Flor Munoz de la National Foundation for Infectious Diseases, tandis que d&rsquo;autres experts ext\u00e9rieurs d\u00e9non\u00e7aient l&rsquo;utilisation par le comit\u00e9 d&rsquo;\u00e9l\u00e9ments \u00ab\u00a0non scientifiques\u00a0\u00bb sur le sujet.\n<\/p>\n<p>\n L&rsquo;h\u00e9patite B est une maladie virale du foie qui peut notamment \u00eatre transmise par la m\u00e8re lors de l&rsquo;accouchement et qui expose les personnes touch\u00e9es \u00e0 un risque \u00e9lev\u00e9 de d\u00e9c\u00e8s par cirrhose ou cancer du foie.\n<\/p>\n<p>\n La vaccination des nouveaux-n\u00e9s, soutenue par l&rsquo;OMS, a permis de quasiment \u00e9radiquer les infections chez les jeunes aux Etats-Unis, selon les autorit\u00e9s am\u00e9ricaines.\n<\/p>\n<p> &#8211; \u00ab\u00a0Plus confiance\u00a0\u00bb &#8211;<\/p>\n<p>\n Auparavant routini\u00e8res, les r\u00e9unions de l&rsquo;ACIP ont pris une importance nouvelle depuis le retour au pouvoir de Donald Trump. Son ministre de la Sant\u00e9, connu de longue date pour ses positions antivaccins, a engag\u00e9 une profonde refonte de la politique vaccinale des Etats-Unis.\n<\/p>\n<p>\n Robert Kennedy Jr. a limog\u00e9 de nombreux experts r\u00e9put\u00e9s, annul\u00e9 des financements pour le d\u00e9veloppement des vaccins et initi\u00e9 une large r\u00e9vision des recommandations.\n<\/p>\n<p>\n L&rsquo;ACIP examinera aussi vendredi le calendrier vaccinal des enfants et l&rsquo;utilisation d&rsquo;aluminium dans les vaccins, jug\u00e9e toxique par les milieux antivax.\n<\/p>\n<p>\n Ses recommandations dictent la prise en charge ou non des vaccins par certaines assurances et programmes de vaccinations,  ce dans un pays o\u00f9 le prix d&rsquo;un seul vaccin peut atteindre plusieurs centaines de dollars.\n<\/p>\n<p>\n N\u00e9anmoins, leurs poids s&rsquo;est affaibli. Des institutions scientifiques am\u00e9ricaines et Etats dirig\u00e9s par l&rsquo;opposition d\u00e9mocrate ont annonc\u00e9 derni\u00e8rement cesser de les suivre.\n<\/p>\n<p>\n \u00ab\u00a0Les \u00c9tats forment leurs propres comit\u00e9s consultatifs parce qu&rsquo;ils ne font confiance \u00e0 rien de ce qui se passe sous la houlette de Robert Kennedy Jr\u00a0\u00bb, explique le p\u00e9diatre infectiologue am\u00e9ricain Paul Offit aupr\u00e8s de l&rsquo;AFP.<\/p>\n","protected":false},"excerpt":{"rendered":"Une infirmi\u00e8re s&rsquo;appr\u00eate \u00e0 administrer une dose de vaccin contre l&rsquo;h\u00e9patite B \u00e0 Lynwood, Californie, le 27 ao\u00fbt&hellip;\n","protected":false},"author":2,"featured_media":578635,"comment_status":"","ping_status":"","sticky":false,"template":"","format":"standard","meta":{"footnotes":""},"categories":[10],"tags":[400,398,408,405,1011,27,72,403,402,399,404,71,401,406,407],"class_list":{"0":"post-578634","1":"post","2":"type-post","3":"status-publish","4":"format-standard","5":"has-post-thumbnail","7":"category-sante","8":"tag-action-cac-40","9":"tag-bourse-de-paris","10":"tag-boursorama","11":"tag-cotations","12":"tag-fr","13":"tag-france","14":"tag-health","15":"tag-indices-devises","16":"tag-investir","17":"tag-investissement","18":"tag-marche-boursier","19":"tag-sante","20":"tag-sicav","21":"tag-trackers","22":"tag-warrants"},"share_on_mastodon":{"url":"","error":""},"_links":{"self":[{"href":"https:\/\/www.europesays.com\/fr\/wp-json\/wp\/v2\/posts\/578634","targetHints":{"allow":["GET"]}}],"collection":[{"href":"https:\/\/www.europesays.com\/fr\/wp-json\/wp\/v2\/posts"}],"about":[{"href":"https:\/\/www.europesays.com\/fr\/wp-json\/wp\/v2\/types\/post"}],"author":[{"embeddable":true,"href":"https:\/\/www.europesays.com\/fr\/wp-json\/wp\/v2\/users\/2"}],"replies":[{"embeddable":true,"href":"https:\/\/www.europesays.com\/fr\/wp-json\/wp\/v2\/comments?post=578634"}],"version-history":[{"count":0,"href":"https:\/\/www.europesays.com\/fr\/wp-json\/wp\/v2\/posts\/578634\/revisions"}],"wp:featuredmedia":[{"embeddable":true,"href":"https:\/\/www.europesays.com\/fr\/wp-json\/wp\/v2\/media\/578635"}],"wp:attachment":[{"href":"https:\/\/www.europesays.com\/fr\/wp-json\/wp\/v2\/media?parent=578634"}],"wp:term":[{"taxonomy":"category","embeddable":true,"href":"https:\/\/www.europesays.com\/fr\/wp-json\/wp\/v2\/categories?post=578634"},{"taxonomy":"post_tag","embeddable":true,"href":"https:\/\/www.europesays.com\/fr\/wp-json\/wp\/v2\/tags?post=578634"}],"curies":[{"name":"wp","href":"https:\/\/api.w.org\/{rel}","templated":true}]}}