{"id":578638,"date":"2025-12-04T23:59:12","date_gmt":"2025-12-04T23:59:12","guid":{"rendered":"https:\/\/www.europesays.com\/fr\/578638\/"},"modified":"2025-12-04T23:59:12","modified_gmt":"2025-12-04T23:59:12","slug":"shana-loustau-sa-smart-vandalisee-dans-le-parking-du-travail-la-protegee-de-cyril-hanouna-desesperee","status":"publish","type":"post","link":"https:\/\/www.europesays.com\/fr\/578638\/","title":{"rendered":"Shana Loustau : sa Smart vandalis\u00e9e dans le parking du travail, la prot\u00e9g\u00e9e de Cyril Hanouna d\u00e9sesp\u00e9r\u00e9e"},"content":{"rendered":"<p>      R\u00e9sum\u00e9<\/p>\n<p>La voiture de Shana Loustau a \u00e9t\u00e9 vandalis\u00e9e avec une peinture r\u00e9sistante, causant un choc \u00e0 la chroniqueuse et mobilisant les \u00e9quipes pour tenter de r\u00e9parer les d\u00e9g\u00e2ts.<\/p>\n<p>        Sommaire<\/p>\n<p>Mauvaise journ\u00e9e <a href=\"https:\/\/www.public.fr\/gel-hydroalcoolique-interdiction-de-parler-cyril-hanouna-bourre-de-tocs-deux-de-ses-chroniqueuses-temoignent\" target=\"_blank\" rel=\"noopener\">pour Shana Loustau<\/a>. La chroniqueuse de <a href=\"https:\/\/www.public.fr\/tag\/cyril-hanouna\" target=\"_blank\" rel=\"noopener\">Cyril Hanouna<\/a>, sur <strong>Tout beau tout Fun <\/strong>et <strong>Tout beau tout n9uf,<\/strong> a fait l\u2019objet d\u2019un canular qui a visiblement mal tourn\u00e9 \u00e0 en croire les r\u00e9v\u00e9lations de l\u2019animateur.\u00a0<\/p>\n<p>Des personnes ont en effet <strong>tagu\u00e9 la voiture de la jeune femme en \u00e9crivant \u00ab\u00a0Shanus\u00a0\u00bb<\/strong> sur tous les c\u00f4t\u00e9s du v\u00e9hicule. Alors que la peinture utilis\u00e9e devait, au d\u00e9part, partir \u00e0 l\u2019eau, celle-ci se veut finalement bien plus r\u00e9sistante comme l\u2019a regrett\u00e9 \u00ab\u00a0Baba\u00a0\u00bb.<\/p>\n<p>Shana Loustau, la nouvelle recrue de Cyril Hanouna<\/p>\n<p>Depuis le lancement de <strong>Tout beau, tout n9uf<\/strong> le 1\u1d49\u02b3 septembre 2025, l\u2019\u00e9mission a r\u00e9uni <a href=\"https:\/\/www.public.fr\/nos-plus-belles-photos-de-cyril-hanouna-et-tiphaine-auziere\" target=\"_blank\" rel=\"noopener\">autour de Cyril Hanouna<\/a> une nouvelle bande de chroniqueurs, m\u00e9langeant visages familiers fid\u00e8les \u00e0 l\u2019ancien format <strong>Touche pas \u00e0 mon poste (TPMP)<\/strong> et de nouvelles recrues. Shana Loustau fait partie de ces \u00ab\u00a0nouveaux visages\u00a0\u00bb qui ont su s\u2019imposer depuis le lancement de <strong>TBT9<\/strong>.\u00a0<\/p>\n<p>La pr\u00e9sence de Shana Loustau apporte un profil un peu diff\u00e9rent : celui d\u2019une journaliste habitu\u00e9e \u00e0 l\u2019analyse, apportant un \u00e9clairage plus \u00ab\u00a0s\u00e9rieux\u00a0\u00bb \u00e0 certaines chroniques, tout en restant dans l\u2019esprit de l\u2019\u00e9mission.<\/p>\n<p>Malgr\u00e9 ce c\u00f4t\u00e9 plus \u00ab\u00a0s\u00e9rieux\u00a0\u00bb par rapport \u00e0 d\u2019autres chroniqueurs, la jeune femme n\u2019\u00e9chappe toutefois pas aux blagues de <a href=\"https:\/\/vsd.fr\/tag\/cyril-hanouna\/\" target=\"_blank\" rel=\"noopener\">Cyril Hanouna<\/a> lorsque ce dernier en a l\u2019occasion. N\u00e9anmoins, le dernier canular de l\u2019animateur a visiblement mal tourn\u00e9 comme le principal int\u00e9ress\u00e9 l\u2019a annonc\u00e9 \u00e0 la radio ce jeudi 4 d\u00e9cembre 2025.<\/p>\n<p>La chroniqueuse d\u00e9couvre sa voiture vandalis\u00e9e<\/p>\n<p>\u00ab\u00a0<strong>C\u2019est un \u00e9norme drame sur Fun Radio<\/strong>. Merci d&rsquo;\u00eatre avec nous. Il est 15h32. La voiture de Shana Loustau a \u00e9t\u00e9 vandalis\u00e9e. Ouais, c&rsquo;est le terme. Avec de la bombe de peinture blanche. Je ne sais pas qui c&rsquo;est moi-m\u00eame. On va mener l&rsquo;enqu\u00eate ensemble. Et <strong>une personne a vandalis\u00e9 la voiture de Shana Loustau.<\/strong> En apprenant \u00e7a, en arrivant au studio, j&rsquo;ai demand\u00e9 aux \u00e9quipes, bien s\u00fbr, de prendre les photos et de nettoyer la voiture de Shana Loustau le temps qu&rsquo;on m\u00e8ne l\u2019enqu\u00eate\u00a0\u00bb, a d\u2019abord indiqu\u00e9 Cyril Hanouna avant d\u2019annoncer une mauvaise nouvelle \u00e0 sa chroniqueuse.<\/p>\n<p>\u00ab\u00a0J\u2019ai demand\u00e9 aux \u00e9quipes d&rsquo;aller donc \u00e0 c\u00f4t\u00e9 dans une droguerie pour acheter un truc pour nettoyer bien la voiture de Shana pour qu&rsquo;elle soit magnifique et rutilante. Mais la personne qui a fait \u00e7a avait l&rsquo;intention de le faire avec une bombe de No\u00ebl qui peut s&rsquo;effacer instantan\u00e9ment. <strong>Malheureusement&#8230; C&rsquo;est de la vraie peinture<\/strong>\u00ab\u00a0, a-t-il finalement annonc\u00e9. Une r\u00e9v\u00e9lation qui n\u2019a pas manqu\u00e9 de choquer Shana Loustau. Face \u00e0 la situation, Cyril Hanouna a demand\u00e9 \u00e0 sa chroniqueuse de lui confier les cl\u00e9s de sa voiture pour se rendre \u00e0 la carrosserie et pouvoir la nettoyer.<\/p>\n<p>Avant de dire \u00ab\u00a0au revoir\u00a0\u00bb \u00e0 son v\u00e9hicule, la chroniqueuse a pu prendre connaissance de l\u2019\u00e9tendue des d\u00e9g\u00e2ts en se rendant jusqu\u2019au parking. <strong>Celle-ci n\u2019a pas pu cacher son choc<\/strong> en d\u00e9couvrant sa voiture vandalis\u00e9e. Reste \u00e0 savoir si les \u00e9quipes de Tout beau tout fun vont parvenir \u00e0 la rendre comme neuve. <\/p>\n<p>\n          Hits &amp; People en continu\n        <\/p>\n<p>\n          Public Radio\n        <\/p>\n<p>      Mentionn\u00e9s dans cet article<\/p>\n<p>      Sur le m\u00eame sujet<\/p>\n","protected":false},"excerpt":{"rendered":"R\u00e9sum\u00e9 La voiture de Shana Loustau a \u00e9t\u00e9 vandalis\u00e9e avec une peinture r\u00e9sistante, causant un choc \u00e0 la&hellip;\n","protected":false},"author":2,"featured_media":578639,"comment_status":"","ping_status":"","sticky":false,"template":"","format":"standard","meta":{"footnotes":""},"categories":[8],"tags":[1083,58,59,1011,27,6034,22498,22497,45215,69279],"class_list":{"0":"post-578638","1":"post","2":"type-post","3":"status-publish","4":"format-standard","5":"has-post-thumbnail","7":"category-divertissement","8":"tag-cyril-hanouna","9":"tag-divertissement","10":"tag-entertainment","11":"tag-fr","12":"tag-france","13":"tag-fun-radio","14":"tag-tout-9-tbt9","15":"tag-tout-beau","16":"tag-tout-beau-tout-fun","17":"tag-voiturette"},"share_on_mastodon":{"url":"https:\/\/pubeurope.com\/@fr\/115664018817641984","error":""},"_links":{"self":[{"href":"https:\/\/www.europesays.com\/fr\/wp-json\/wp\/v2\/posts\/578638","targetHints":{"allow":["GET"]}}],"collection":[{"href":"https:\/\/www.europesays.com\/fr\/wp-json\/wp\/v2\/posts"}],"about":[{"href":"https:\/\/www.europesays.com\/fr\/wp-json\/wp\/v2\/types\/post"}],"author":[{"embeddable":true,"href":"https:\/\/www.europesays.com\/fr\/wp-json\/wp\/v2\/users\/2"}],"replies":[{"embeddable":true,"href":"https:\/\/www.europesays.com\/fr\/wp-json\/wp\/v2\/comments?post=578638"}],"version-history":[{"count":0,"href":"https:\/\/www.europesays.com\/fr\/wp-json\/wp\/v2\/posts\/578638\/revisions"}],"wp:featuredmedia":[{"embeddable":true,"href":"https:\/\/www.europesays.com\/fr\/wp-json\/wp\/v2\/media\/578639"}],"wp:attachment":[{"href":"https:\/\/www.europesays.com\/fr\/wp-json\/wp\/v2\/media?parent=578638"}],"wp:term":[{"taxonomy":"category","embeddable":true,"href":"https:\/\/www.europesays.com\/fr\/wp-json\/wp\/v2\/categories?post=578638"},{"taxonomy":"post_tag","embeddable":true,"href":"https:\/\/www.europesays.com\/fr\/wp-json\/wp\/v2\/tags?post=578638"}],"curies":[{"name":"wp","href":"https:\/\/api.w.org\/{rel}","templated":true}]}}