{"id":57865,"date":"2025-04-27T22:53:15","date_gmt":"2025-04-27T22:53:15","guid":{"rendered":"https:\/\/www.europesays.com\/fr\/57865\/"},"modified":"2025-04-27T22:53:15","modified_gmt":"2025-04-27T22:53:15","slug":"le-calendrier-de-la-lutte-dingue-pour-la-ligue-des-champions","status":"publish","type":"post","link":"https:\/\/www.europesays.com\/fr\/57865\/","title":{"rendered":"le calendrier de la lutte dingue pour la Ligue des champions"},"content":{"rendered":"<p>\u00c0 quelques journ\u00e9es de la fin de la Ligue 1, la lutte pour la 3e place, synonyme de qualification directe pour la Ligue des champions, voire la quatri\u00e8me, est plus intense que jamais.<\/p>\n<p>L&rsquo;OM, Lille, Monaco, Lyon, Nice et Strasbourg se disputent cette place tant convoit\u00e9e, avec un \u00e9cart de quatre points seulement entre toutes les formations. Voici un aper\u00e7u des trois derniers matchs pour chaque \u00e9quipe, o\u00f9 chaque rencontre pourrait s&rsquo;av\u00e9rer d\u00e9cisive dans cette course folle.<\/p>\n<p>OM (3e, 58 points)<\/p>\n<ul>\n<li>Lille &#8211; Marseille (04.05, 20:45)<\/li>\n<li>Le Havre &#8211; Marseille (10.05, 21:00)<\/li>\n<li>Marseille &#8211; Rennes (17.05, 21:00)<\/li>\n<\/ul>\n<p>Lille OSC (4e, 56 points)<\/p>\n<ul>\n<li>Lille &#8211; Marseille (04.05, 20:45)<\/li>\n<li>Brest &#8211; Lille (10.05, 21:00)<\/li>\n<li>Lille &#8211; Reims (17.05, 21:00)<\/li>\n<\/ul>\n<p>AS Monaco (5e, 55 points)<\/p>\n<ul>\n<li>Saint-\u00c9tienne &#8211; Monaco (03.05, 21:05)<\/li>\n<li>Monaco &#8211; Lyon (10.05, 21:00)<\/li>\n<li>Lens &#8211; Monaco (17.05, 21:00)<\/li>\n<\/ul>\n<p>Olympique Lyonnais (6e, 54 points)<\/p>\n<ul>\n<li>Lyon &#8211; Lens (04.05, 17:15)<\/li>\n<li>Monaco &#8211; Lyon (10.05, 21:00)<\/li>\n<li>Lyon &#8211; Angers (17.05, 21:00)<\/li>\n<\/ul>\n<p>OGC Nice (7e, 54 points)<\/p>\n<ul>\n<li>Nice &#8211; Reims (02.05, 20:45)<\/li>\n<li>Rennes &#8211; Nice (10.05, 21:00)<\/li>\n<li>Nice &#8211; Brest (17.05, 21:00)<\/li>\n<\/ul>\n<p>RC Strasbourg (8e, 54 points)<\/p>\n<ul>\n<li>Strasbourg &#8211; PSG (03.05, 17:00)<\/li>\n<li>Angers &#8211; Strasbourg (10.05, 21:00)<\/li>\n<li>Strasbourg &#8211; Le Havre (17.05, 21:00)<\/li>\n<\/ul>\n<p>Alors que la fin de saison approche \u00e0 grands pas, la lutte pour la 3e place est plus f\u00e9roce que jamais. L&rsquo;OM semble en bonne position, mais Lille et Monaco, avec des matchs cl\u00e9s \u00e0 venir, sont \u00e0 l&rsquo;aff\u00fbt. Lyon, bien qu&rsquo;en retrait, n&rsquo;a pas dit son dernier mot et pourrait surprendre, tandis que Nice et Strasbourg, bien qu&rsquo;\u00e0 la tra\u00eene, restent en lice pour d\u00e9crocher leur place en Ligue des champions si elles encha\u00eenent les victoires.<\/p>\n<p>    Pour r\u00e9sumer<\/p>\n<p>La lutte pour la 3e place en Ligue 1, synonyme de qualification directe pour la Ligue des champions, est f\u00e9roce avec six \u00e9quipes en comp\u00e9tition. L&rsquo;OM, Lille, Monaco, Lyon, Nice et Strasbourg se disputent cette place, avec un \u00e9cart de seulement quatre points. Chaque match des derni\u00e8res journ\u00e9es sera d\u00e9cisif.<\/p>\n<p>R\u00e9dacteur<\/p>\n<p><img decoding=\"async\" width=\"76\" height=\"76\" loading=\"lazy\" src=\"https:\/\/www.europesays.com\/fr\/wp-content\/uploads\/2025\/04\/logo-julien-pedebos.jpg\" alt=\"Julien P\u00e9debos\"\/><\/p>\n","protected":false},"excerpt":{"rendered":"\u00c0 quelques journ\u00e9es de la fin de la Ligue 1, la lutte pour la 3e place, synonyme de&hellip;\n","protected":false},"author":2,"featured_media":57866,"comment_status":"","ping_status":"","sticky":false,"template":"","format":"standard","meta":{"footnotes":""},"categories":[2820],"tags":[1111,11,1777,674,1011,27,775,12,25,640],"class_list":{"0":"post-57865","1":"post","2":"type-post","3":"status-publish","4":"format-standard","5":"has-post-thumbnail","7":"category-strasbourg","8":"tag-actu","9":"tag-actualites","10":"tag-eu","11":"tag-europe","12":"tag-fr","13":"tag-france","14":"tag-grand-est","15":"tag-news","16":"tag-republique-francaise","17":"tag-strasbourg"},"share_on_mastodon":{"url":"https:\/\/pubeurope.com\/@fr\/114412388637098601","error":""},"_links":{"self":[{"href":"https:\/\/www.europesays.com\/fr\/wp-json\/wp\/v2\/posts\/57865","targetHints":{"allow":["GET"]}}],"collection":[{"href":"https:\/\/www.europesays.com\/fr\/wp-json\/wp\/v2\/posts"}],"about":[{"href":"https:\/\/www.europesays.com\/fr\/wp-json\/wp\/v2\/types\/post"}],"author":[{"embeddable":true,"href":"https:\/\/www.europesays.com\/fr\/wp-json\/wp\/v2\/users\/2"}],"replies":[{"embeddable":true,"href":"https:\/\/www.europesays.com\/fr\/wp-json\/wp\/v2\/comments?post=57865"}],"version-history":[{"count":0,"href":"https:\/\/www.europesays.com\/fr\/wp-json\/wp\/v2\/posts\/57865\/revisions"}],"wp:featuredmedia":[{"embeddable":true,"href":"https:\/\/www.europesays.com\/fr\/wp-json\/wp\/v2\/media\/57866"}],"wp:attachment":[{"href":"https:\/\/www.europesays.com\/fr\/wp-json\/wp\/v2\/media?parent=57865"}],"wp:term":[{"taxonomy":"category","embeddable":true,"href":"https:\/\/www.europesays.com\/fr\/wp-json\/wp\/v2\/categories?post=57865"},{"taxonomy":"post_tag","embeddable":true,"href":"https:\/\/www.europesays.com\/fr\/wp-json\/wp\/v2\/tags?post=57865"}],"curies":[{"name":"wp","href":"https:\/\/api.w.org\/{rel}","templated":true}]}}