{"id":578656,"date":"2025-12-05T00:08:34","date_gmt":"2025-12-05T00:08:34","guid":{"rendered":"https:\/\/www.europesays.com\/fr\/578656\/"},"modified":"2025-12-05T00:08:34","modified_gmt":"2025-12-05T00:08:34","slug":"football-grenoble-as-nancy-lorraine-en-mode-escalade-au-stade-des-alpes","status":"publish","type":"post","link":"https:\/\/www.europesays.com\/fr\/578656\/","title":{"rendered":"Football. Grenoble &#8211; AS Nancy Lorraine\u00a0: en mode escalade au Stade des Alpes"},"content":{"rendered":"<p>\u00c0 ce rythme, tous les membres du staff de Pablo Correa, notamment <a href=\"https:\/\/www.estrepublicain.fr\/sport\/2025\/10\/09\/arret-sur-image-avec-l-analyste-video-de-l-as-nancy-lorraine-cyprien-holzhammer\" target=\"_blank\" rel=\"noopener\">l\u2019analyste vid\u00e9o Cyprien Holzhammer<\/a> , vont devenir incollables sur le GF38\u00a0! \u00ab\u00a0Avec la rencontre de vendredi au Stade des Alpes, <a href=\"https:\/\/www.estrepublicain.fr\/sport\/2025\/12\/02\/l-as-nancy-lorraine-a-grenoble-en-32e-de-finale-de-la-coupe-de-france-un-doublon-qui-ne-fait-pas-rever\" target=\"_blank\" rel=\"noopener\">avec le tirage au sort des 32es de finale de la Coupe de France<\/a> et avec le match retour de championnat \u00e0 Picot programm\u00e9 en f\u00e9vrier, on va jouer trois fois contre Grenoble en l\u2019espace de deux mois\u00a0\u00bb note le coach nanc\u00e9ien, \u00ab\u00a0Ce n\u2019est pas banal, comme situation, mais la priorit\u00e9, comme toujours, c\u2019est le match devant nous. Le match de vendredi. On ne peut pas se permettre de faire des calculs\u00a0\u00bb. Avec ces trois rendez-vous tr\u00e8s rapproch\u00e9s face au m\u00eame adversaire, c\u2019est le moment, en tout cas, pour l\u2019ASNL, de mettre fin \u00e0 une&#8230;<\/p>\n","protected":false},"excerpt":{"rendered":"\u00c0 ce rythme, tous les membres du staff de Pablo Correa, notamment l\u2019analyste vid\u00e9o Cyprien Holzhammer , vont&hellip;\n","protected":false},"author":2,"featured_media":578657,"comment_status":"","ping_status":"","sticky":false,"template":"","format":"standard","meta":{"footnotes":""},"categories":[9635],"tags":[1111,11,3703,1777,674,63,1011,27,775,1702,12,25,517,1700],"class_list":{"0":"post-578656","1":"post","2":"type-post","3":"status-publish","4":"format-standard","5":"has-post-thumbnail","7":"category-nancy","8":"tag-actu","9":"tag-actualites","10":"tag-asnl","11":"tag-eu","12":"tag-europe","13":"tag-football","14":"tag-fr","15":"tag-france","16":"tag-grand-est","17":"tag-nancy","18":"tag-news","19":"tag-republique-francaise","20":"tag-sport","21":"tag-sport-lorrain"},"share_on_mastodon":{"url":"https:\/\/pubeurope.com\/@fr\/115664054112854945","error":""},"_links":{"self":[{"href":"https:\/\/www.europesays.com\/fr\/wp-json\/wp\/v2\/posts\/578656","targetHints":{"allow":["GET"]}}],"collection":[{"href":"https:\/\/www.europesays.com\/fr\/wp-json\/wp\/v2\/posts"}],"about":[{"href":"https:\/\/www.europesays.com\/fr\/wp-json\/wp\/v2\/types\/post"}],"author":[{"embeddable":true,"href":"https:\/\/www.europesays.com\/fr\/wp-json\/wp\/v2\/users\/2"}],"replies":[{"embeddable":true,"href":"https:\/\/www.europesays.com\/fr\/wp-json\/wp\/v2\/comments?post=578656"}],"version-history":[{"count":0,"href":"https:\/\/www.europesays.com\/fr\/wp-json\/wp\/v2\/posts\/578656\/revisions"}],"wp:featuredmedia":[{"embeddable":true,"href":"https:\/\/www.europesays.com\/fr\/wp-json\/wp\/v2\/media\/578657"}],"wp:attachment":[{"href":"https:\/\/www.europesays.com\/fr\/wp-json\/wp\/v2\/media?parent=578656"}],"wp:term":[{"taxonomy":"category","embeddable":true,"href":"https:\/\/www.europesays.com\/fr\/wp-json\/wp\/v2\/categories?post=578656"},{"taxonomy":"post_tag","embeddable":true,"href":"https:\/\/www.europesays.com\/fr\/wp-json\/wp\/v2\/tags?post=578656"}],"curies":[{"name":"wp","href":"https:\/\/api.w.org\/{rel}","templated":true}]}}