{"id":578660,"date":"2025-12-05T00:10:18","date_gmt":"2025-12-05T00:10:18","guid":{"rendered":"https:\/\/www.europesays.com\/fr\/578660\/"},"modified":"2025-12-05T00:10:18","modified_gmt":"2025-12-05T00:10:18","slug":"toulon-sur-arroux-tous-se-federent-pour-mettre-au-jour-les-tresors-toulonnais","status":"publish","type":"post","link":"https:\/\/www.europesays.com\/fr\/578660\/","title":{"rendered":"Toulon-sur-Arroux. Tous se f\u00e9d\u00e8rent pour mettre au jour les tr\u00e9sors toulonnais"},"content":{"rendered":"<p>\u00ab Quand nous croisons des touristes, on a l\u2019impression qu\u2019ils errent sans savoir o\u00f9 aller. En parall\u00e8le, peu de communes ont \u00e0 proposer autant de choses diverses. C\u2019est de l\u00e0 qu\u2019est partie l\u2019id\u00e9e de rassembler les forces vives du village pour construire, sans rien mettre en cause, un programme attractif et visible\u00a0\u00bb, explique d\u2019entr\u00e9e un des deux coordinateurs du projet.<\/p>\n<p>Deux Toulonnais, Henri&#8230;<\/p>\n","protected":false},"excerpt":{"rendered":"\u00ab Quand nous croisons des touristes, on a l\u2019impression qu\u2019ils errent sans savoir o\u00f9 aller. En parall\u00e8le, peu&hellip;\n","protected":false},"author":2,"featured_media":578661,"comment_status":"","ping_status":"","sticky":false,"template":"","format":"standard","meta":{"footnotes":""},"categories":[9619],"tags":[1111,11,1687,12568,1777,674,107,1011,27,14000,12,2661,882,25,2310,13999],"class_list":{"0":"post-578660","1":"post","2":"type-post","3":"status-publish","4":"format-standard","5":"has-post-thumbnail","7":"category-toulon","8":"tag-actu","9":"tag-actualites","10":"tag-culture-loisirs","11":"tag-edition-montceau-les-mines","12":"tag-eu","13":"tag-europe","14":"tag-fil-info","15":"tag-fr","16":"tag-france","17":"tag-montceau-les-mines-bassin","18":"tag-news","19":"tag-patrimoine-culturel","20":"tag-provence-alpes-cote-dazur","21":"tag-republique-francaise","22":"tag-toulon","23":"tag-toulon-sur-arroux"},"share_on_mastodon":{"url":"https:\/\/pubeurope.com\/@fr\/115664062004872605","error":""},"_links":{"self":[{"href":"https:\/\/www.europesays.com\/fr\/wp-json\/wp\/v2\/posts\/578660","targetHints":{"allow":["GET"]}}],"collection":[{"href":"https:\/\/www.europesays.com\/fr\/wp-json\/wp\/v2\/posts"}],"about":[{"href":"https:\/\/www.europesays.com\/fr\/wp-json\/wp\/v2\/types\/post"}],"author":[{"embeddable":true,"href":"https:\/\/www.europesays.com\/fr\/wp-json\/wp\/v2\/users\/2"}],"replies":[{"embeddable":true,"href":"https:\/\/www.europesays.com\/fr\/wp-json\/wp\/v2\/comments?post=578660"}],"version-history":[{"count":0,"href":"https:\/\/www.europesays.com\/fr\/wp-json\/wp\/v2\/posts\/578660\/revisions"}],"wp:featuredmedia":[{"embeddable":true,"href":"https:\/\/www.europesays.com\/fr\/wp-json\/wp\/v2\/media\/578661"}],"wp:attachment":[{"href":"https:\/\/www.europesays.com\/fr\/wp-json\/wp\/v2\/media?parent=578660"}],"wp:term":[{"taxonomy":"category","embeddable":true,"href":"https:\/\/www.europesays.com\/fr\/wp-json\/wp\/v2\/categories?post=578660"},{"taxonomy":"post_tag","embeddable":true,"href":"https:\/\/www.europesays.com\/fr\/wp-json\/wp\/v2\/tags?post=578660"}],"curies":[{"name":"wp","href":"https:\/\/api.w.org\/{rel}","templated":true}]}}