{"id":578662,"date":"2025-12-05T00:11:23","date_gmt":"2025-12-05T00:11:23","guid":{"rendered":"https:\/\/www.europesays.com\/fr\/578662\/"},"modified":"2025-12-05T00:11:23","modified_gmt":"2025-12-05T00:11:23","slug":"sur-la9-un-poids-lourd-perd-son-chargement-et-percute-un-pont","status":"publish","type":"post","link":"https:\/\/www.europesays.com\/fr\/578662\/","title":{"rendered":"sur l&rsquo;A9, un poids-lourd perd son chargement et percute un pont"},"content":{"rendered":"<p>                    Par<br \/>\n        <strong><br \/>\n            <a href=\"https:\/\/actu.fr\/auteur\/jm-aubert\" title=\"Consulter tous les articles de Jean-Marc Aubert\" target=\"_blank\" rel=\"noopener\">Jean-Marc Aubert<\/a><br \/>\n                    <\/strong><\/p>\n<p>        Publi\u00e9 le<\/p>\n<p>            4 d\u00e9c. 2025 \u00e0 9h09        <\/p>\n<p><strong>Accident<\/strong> en cours ce jeudi martin sur l\u2019<strong>autoroute A9<\/strong>, dans le sens Montpellier-B\u00e9ziers au niveau de la commune de<strong> Fabr\u00e8gues<\/strong> : un poids lourd a perdu son chargement de poutres et percut\u00e9 un pont.<\/p>\n<p>    <a href=\"https:\/\/www.google.com\/maps\/embed?pb=!1m18!1m12!1m3!1d5809.65717203557!2d3.705203659190886!3d43.48607830124029!2m3!1f0!2f0!3f0!3m2!1i1024!2i768!4f13.1!3m3!1m2!1s0x12b6cdca03545995%3A0xbc15a5e64ea531c7!2sA9!5e0!3m2!1sfr!2sfr!4v1764835713110!5m2!1sfr!2sfr\" title=\"Ouvrie le lien\" target=\"_blank\" rel=\"noopener\">Cliquez ici pour visualiser le contenu<\/a><\/p>\n<p class=\" wall-content\">Les services de secours, dont les sapeurs-pompiers du <strong>Sdis 34<\/strong> et les <strong>gendarmes<\/strong> du peloton d\u2019autoroute de Poussan sont engag\u00e9s depuis 8h15 pour porter secours au chauffeur routier, qui est bless\u00e9 et actuellement pris en charge pour \u00e9valuer ses blessures.<\/p>\n<p class=\" wall-content\">Le poids lourd a termin\u00e9 sa course contre le pilier d\u2019un pont, non loin de l\u2019aire de repos de l\u2019A9 de Montpellier-Fabr\u00e8gues Sud, apr\u00e8s avoir d\u00e9vi\u00e9 de sa trajectoire pour un motif que l\u2019enqu\u00eate \u00e9tablira. Son chargement des poutres b\u00e9ton de 5m de longs s\u2019est r\u00e9pandu sur les deux voies de droite et sur la bande d\u2019arr\u00eat d\u2019urgence. <strong>Attention<\/strong> \u00a0: la circulation est tr\u00e8s perturb\u00e9e.<\/p>\n<p class=\" wall-content\">Personnalisez votre actualit\u00e9 en ajoutant vos villes et m\u00e9dias en favori avec <a href=\"https:\/\/moncompte.actu.fr\" title=\"D\u00e9couvez Mon Actu\" rel=\"nofollow noopener\" data-trk=\"{&quot;cta&quot;:{&quot;action&quot;:&quot;https:\\\/\\\/moncompte.actu.fr&quot;,&quot;category&quot;:&quot;mon compte&quot;,&quot;from&quot;:&quot;article footer&quot;,&quot;name&quot;:&quot;Mon actu&quot;,&quot;type&quot;:&quot;cta&quot;}}\" target=\"_blank\">Mon Actu<\/a>.<\/p>\n","protected":false},"excerpt":{"rendered":"Par Jean-Marc Aubert Publi\u00e9 le 4 d\u00e9c. 2025 \u00e0 9h09 Accident en cours ce jeudi martin sur l\u2019autoroute&hellip;\n","protected":false},"author":2,"featured_media":578663,"comment_status":"","ping_status":"","sticky":false,"template":"","format":"standard","meta":{"footnotes":""},"categories":[9599],"tags":[1111,11,33978,1777,674,118,1011,27,3381,2208,12,2680,1311,25],"class_list":{"0":"post-578662","1":"post","2":"type-post","3":"status-publish","4":"format-standard","5":"has-post-thumbnail","7":"category-montpellier","8":"tag-actu","9":"tag-actualites","10":"tag-autoroute-a9","11":"tag-eu","12":"tag-europe","13":"tag-faits-divers","14":"tag-fr","15":"tag-france","16":"tag-gendarmerie","17":"tag-montpellier","18":"tag-news","19":"tag-occitanie","20":"tag-pompiers","21":"tag-republique-francaise"},"share_on_mastodon":{"url":"https:\/\/pubeurope.com\/@fr\/115664065918964980","error":""},"_links":{"self":[{"href":"https:\/\/www.europesays.com\/fr\/wp-json\/wp\/v2\/posts\/578662","targetHints":{"allow":["GET"]}}],"collection":[{"href":"https:\/\/www.europesays.com\/fr\/wp-json\/wp\/v2\/posts"}],"about":[{"href":"https:\/\/www.europesays.com\/fr\/wp-json\/wp\/v2\/types\/post"}],"author":[{"embeddable":true,"href":"https:\/\/www.europesays.com\/fr\/wp-json\/wp\/v2\/users\/2"}],"replies":[{"embeddable":true,"href":"https:\/\/www.europesays.com\/fr\/wp-json\/wp\/v2\/comments?post=578662"}],"version-history":[{"count":0,"href":"https:\/\/www.europesays.com\/fr\/wp-json\/wp\/v2\/posts\/578662\/revisions"}],"wp:featuredmedia":[{"embeddable":true,"href":"https:\/\/www.europesays.com\/fr\/wp-json\/wp\/v2\/media\/578663"}],"wp:attachment":[{"href":"https:\/\/www.europesays.com\/fr\/wp-json\/wp\/v2\/media?parent=578662"}],"wp:term":[{"taxonomy":"category","embeddable":true,"href":"https:\/\/www.europesays.com\/fr\/wp-json\/wp\/v2\/categories?post=578662"},{"taxonomy":"post_tag","embeddable":true,"href":"https:\/\/www.europesays.com\/fr\/wp-json\/wp\/v2\/tags?post=578662"}],"curies":[{"name":"wp","href":"https:\/\/api.w.org\/{rel}","templated":true}]}}