{"id":578664,"date":"2025-12-05T00:12:17","date_gmt":"2025-12-05T00:12:17","guid":{"rendered":"https:\/\/www.europesays.com\/fr\/578664\/"},"modified":"2025-12-05T00:12:17","modified_gmt":"2025-12-05T00:12:17","slug":"murs-decrans-stand-de-tir-dojo-sur-13-000-m2-le-chantier-de-lhotel-des-securites-de-montpellier-est-lance","status":"publish","type":"post","link":"https:\/\/www.europesays.com\/fr\/578664\/","title":{"rendered":"Murs d\u2019\u00e9crans, stand de tir, dojo\u00a0: sur 13\u00a0000\u00a0m2, le chantier de l\u2019H\u00f4tel des s\u00e9curit\u00e9s de Montpellier est lanc\u00e9"},"content":{"rendered":"<p>\n                                                                L\u2019H\u00f4tel des s\u00e9curit\u00e9s, ce complexe central, d\u2019une superficie de 13\u00a0000 m\u00b2 r\u00e9unira la police municipale, le poste de commandement de TAM et d\u2019autres services municipaux charg\u00e9s de la protection de la population. Ouverture pr\u00e9vue en 2029.\n                            <\/p>\n<p>Deux grandes salles \u00e9quip\u00e9es d\u2019un mur d\u2019\u00e9crans, une armurerie, un stand de tir, un dojo\u2026 Les d\u00e9tails du futur H\u00f4tel des s\u00e9curit\u00e9s voulu par la Ville pour regrouper ses services ont \u00e9t\u00e9 d\u00e9voil\u00e9s ce jeudi \u00e0 l\u2019occasion de la pose de sa premi\u00e8re pierre.<\/p>\n<p>Jusqu\u2019\u00e0 560 agents accueillis sur place<\/p>\n<p>Ce nouveau b\u00e2timent a \u00e9t\u00e9 pens\u00e9 pour accueillir la direction de la police municipale et son centre de visionnage, la police m\u00e9tropolitaine des transports, le poste de commandement de TAM mais aussi les services municipaux charg\u00e9s de la sant\u00e9 publique et de l\u2019environnement, de la pr\u00e9vention de la d\u00e9linquance, de la lutte contre l\u2019habitat d\u00e9grad\u00e9.<\/p>\n<p>Au total, 400 agents y seront accueillis lors de son ouverture en 2029, mais l\u2019\u00e9quipement a \u00e9t\u00e9 pens\u00e9 pour \u00ab\u00a0accueillir les \u00e9volutions sur les vingt prochaines ann\u00e9es\u00a0\u00bb\u00a0et pourra abriter jusqu\u2019\u00e0 560 fonctionnaires indique Jean-Pierre Vialay, le directeur des s\u00e9curit\u00e9s et de la tranquillit\u00e9 publique \u00e0 la Ville et la M\u00e9tropole.<\/p>\n<p>L\u2019objectif de ce site d\u2019une superficie totale de 13\u00a0000 m\u00b2 est \u00ab\u00a0de rassembler tous les acteurs de la s\u00e9curit\u00e9 qui sont sous la responsabilit\u00e9 du maire et du pr\u00e9sident de la M\u00e9tropole. Le ma\u00eetre mot c\u2019est la coordination\u00a0\u00bb\u00a0a pr\u00e9cis\u00e9 Micha\u00ebl Delafosse. Des services qui sont actuellement abrit\u00e9s dans \u00ab\u00a0un b\u00e2timentaire d\u00e9grad\u00e9\u00a0\u00bb\u00a0comme dans l\u2019ancien h\u00f4tel de ville ou dans des locaux lou\u00e9s par la collectivit\u00e9.<\/p>\n<p>Sur le site de l\u2019ancien bidonville<\/p>\n<p>L\u2019am\u00e9nagement, con\u00e7u par le cabinet d\u2019architecture grenoblois Groupe 6 architecte, relay\u00e9 par le montpelli\u00e9rain Imagine Architecture, d\u00e9j\u00e0 associ\u00e9 \u00e0 la construction du commissariat mixte de la Mosson, int\u00e8gre, \u00e0 l\u2019int\u00e9rieur la location de 3\u00a0000 m\u00b2 de bureaux destin\u00e9s \u00e0 la location pour des entreprises \u00ab\u00a0li\u00e9es \u00e0 la s\u00e9curit\u00e9, \u00e0 la cybers\u00e9curit\u00e9\u00a0\u00bb.<\/p>\n<p>Avant de lancer le chantier, Micha\u00ebl Delafosse a tenu \u00e0 rappeler que cet H\u00f4tel des s\u00e9curit\u00e9s sera construit sur les parcelles o\u00f9 s\u2019\u00e9tait d\u00e9ploy\u00e9 le bidonville de Celleneuve pendant pr\u00e8s de sept ans\u00a0: \u00ab\u00a0Ce terrain a cette histoire. C\u2019\u00e9tait irresponsable d\u2019avoir laiss\u00e9 prosp\u00e9rer cette situation\u00a0\u00bb.<\/p>\n","protected":false},"excerpt":{"rendered":"L\u2019H\u00f4tel des s\u00e9curit\u00e9s, ce complexe central, d\u2019une superficie de 13\u00a0000 m\u00b2 r\u00e9unira la police municipale, le poste de&hellip;\n","protected":false},"author":2,"featured_media":578665,"comment_status":"","ping_status":"","sticky":false,"template":"","format":"standard","meta":{"footnotes":""},"categories":[9599],"tags":[1111,11,1777,674,1011,27,7089,2208,12,2680,25,7691],"class_list":{"0":"post-578664","1":"post","2":"type-post","3":"status-publish","4":"format-standard","5":"has-post-thumbnail","7":"category-montpellier","8":"tag-actu","9":"tag-actualites","10":"tag-eu","11":"tag-europe","12":"tag-fr","13":"tag-france","14":"tag-herault","15":"tag-montpellier","16":"tag-news","17":"tag-occitanie","18":"tag-republique-francaise","19":"tag-su00e9curitu00e9"},"share_on_mastodon":{"url":"https:\/\/pubeurope.com\/@fr\/115664069787935982","error":""},"_links":{"self":[{"href":"https:\/\/www.europesays.com\/fr\/wp-json\/wp\/v2\/posts\/578664","targetHints":{"allow":["GET"]}}],"collection":[{"href":"https:\/\/www.europesays.com\/fr\/wp-json\/wp\/v2\/posts"}],"about":[{"href":"https:\/\/www.europesays.com\/fr\/wp-json\/wp\/v2\/types\/post"}],"author":[{"embeddable":true,"href":"https:\/\/www.europesays.com\/fr\/wp-json\/wp\/v2\/users\/2"}],"replies":[{"embeddable":true,"href":"https:\/\/www.europesays.com\/fr\/wp-json\/wp\/v2\/comments?post=578664"}],"version-history":[{"count":0,"href":"https:\/\/www.europesays.com\/fr\/wp-json\/wp\/v2\/posts\/578664\/revisions"}],"wp:featuredmedia":[{"embeddable":true,"href":"https:\/\/www.europesays.com\/fr\/wp-json\/wp\/v2\/media\/578665"}],"wp:attachment":[{"href":"https:\/\/www.europesays.com\/fr\/wp-json\/wp\/v2\/media?parent=578664"}],"wp:term":[{"taxonomy":"category","embeddable":true,"href":"https:\/\/www.europesays.com\/fr\/wp-json\/wp\/v2\/categories?post=578664"},{"taxonomy":"post_tag","embeddable":true,"href":"https:\/\/www.europesays.com\/fr\/wp-json\/wp\/v2\/tags?post=578664"}],"curies":[{"name":"wp","href":"https:\/\/api.w.org\/{rel}","templated":true}]}}