{"id":57867,"date":"2025-04-27T22:54:09","date_gmt":"2025-04-27T22:54:09","guid":{"rendered":"https:\/\/www.europesays.com\/fr\/57867\/"},"modified":"2025-04-27T22:54:09","modified_gmt":"2025-04-27T22:54:09","slug":"notre-objectif-final-est-dinterdire-tout-simplement-la-peche-au-vif-mobilisation-devant-le-decathlon-de-lingostiere-a-nice-qui-vend-des-appats-vivants","status":"publish","type":"post","link":"https:\/\/www.europesays.com\/fr\/57867\/","title":{"rendered":"\u00ab\u00a0Notre objectif final est d\u2019interdire, tout simplement, la p\u00eache au vif\u00a0\u00bb: mobilisation devant le D\u00e9cathlon de Lingosti\u00e8re \u00e0 Nice qui vend des app\u00e2ts vivants"},"content":{"rendered":"<p>Pancartes brandies, ils ont attir\u00e9 l\u2019\u0153il des passants. Ils ont sensibilis\u00e9 le public en distribuant des tracts pour exiger la fin de la vente de crabes vivants pour la p\u00eache au vif. Des \u00ab\u00a0articles\u00a0\u00bb disponibles, notamment, dans les magasins Decathlon. Samedi 27 avril, une vingtaine de militants associatifs se sont rassembl\u00e9s devant le parking du magasin de sport de LIngosti\u00e8re \u00e0 Nice. Une mobilisation \u00e0 l\u2019\u00e9chelle nationale \u00e0 l\u2019initiative de l\u2019association PAZ (Projet animaux zoopolis).<\/p>\n<p>\u00a0\u00bb La p\u00eache au vif est une technique de p\u00eache cruelle qui consiste \u00e0 utiliser un animal vert\u00e9br\u00e9 vivant comme app\u00e2t: l\u2019animal est transperc\u00e9 vivant avec un hame\u00e7on pour attirer un poisson carnassier. Il peut souffrir pendant des heures sans pouvoir fuir face \u00e0 son pr\u00e9dateur\u00a0\u00bb, r\u00e9sume PAZ dont le <a href=\"https:\/\/www.nicematin.com\/faits-de-societe\/cette-association-veut-faire-retirer-de-la-vente-les-appats-vivants-des-magasins-decathlon-965347\" rel=\"nofollow noopener\" target=\"_blank\">combat contre ces app\u00e2ts vivants n\u2019est pas nouveau<\/a>. Des p\u00e9titions circulent, depuis quelques ann\u00e9es, dans plusieurs r\u00e9gions de France. \u00ab\u00a0Notre objectif final est d\u2019interdire, tout simplement la p\u00eache au vif. Certains D\u00e9cathlon en France comme celui d\u2019Avignon ont saut\u00e9 le pas\u00a0\u00bb, t\u00e9moigne Lo\u00efc, militant de L214. En juillet 2024, l\u2019enseigne Decathlon de Mistral 7 dans la cit\u00e9 des papes vis\u00e9e par une p\u00e9tition \u2013 qui a recueilli 20.000 signatures \u2013 a d\u00e9cid\u00e9 de retirer les app\u00e2ts vivants de ses rayons. \u00ab\u00a0Nous attendons la m\u00eame chose chez nous\u00a0\u00bb, appuie Lo\u00efc.<\/p>\n<p>Sollicit\u00e9 sur cette question, en d\u00e9cembre, le groupe Decathlon avait r\u00e9pondu \u00eatre \u00ab\u00a0engag\u00e9 dans la recherche, le d\u00e9veloppement et la vente de leurres de haute qualit\u00e9, offrant des alternatives de plus en plus efficaces \u00e0 la pratique traditionnelle de la p\u00eache au vif. Respectant la libert\u00e9 de choix de nos clients, nous les informons sur les avantages environnementaux des leurres et les encourageons \u00e0 envisager ces options dans le cadre de leurs activit\u00e9s de p\u00eache. Pour \u00eatre durablement ancr\u00e9e dans les pratiques, nous sommes convaincus que cette transition requiert une approche progressive et p\u00e9dagogique.\u00a0\u00bb<\/p>\n<p>\u00c0 noter qu\u2019une proposition de loi visant \u00e0 interdire la p\u00eache au vif a \u00e9t\u00e9 pr\u00e9sent\u00e9e par des d\u00e9put\u00e9s de La France insoumise en d\u00e9cembre 2024.<\/p>\n","protected":false},"excerpt":{"rendered":"Pancartes brandies, ils ont attir\u00e9 l\u2019\u0153il des passants. Ils ont sensibilis\u00e9 le public en distribuant des tracts pour&hellip;\n","protected":false},"author":2,"featured_media":57868,"comment_status":"","ping_status":"","sticky":false,"template":"","format":"standard","meta":{"footnotes":""},"categories":[2819],"tags":[1111,11,1777,674,1011,27,12,2401,882,25,3366],"class_list":{"0":"post-57867","1":"post","2":"type-post","3":"status-publish","4":"format-standard","5":"has-post-thumbnail","7":"category-nice","8":"tag-actu","9":"tag-actualites","10":"tag-eu","11":"tag-europe","12":"tag-fr","13":"tag-france","14":"tag-news","15":"tag-nice","16":"tag-provence-alpes-cote-dazur","17":"tag-republique-francaise","18":"tag-vie-locale"},"share_on_mastodon":{"url":"https:\/\/pubeurope.com\/@fr\/114412392533417074","error":""},"_links":{"self":[{"href":"https:\/\/www.europesays.com\/fr\/wp-json\/wp\/v2\/posts\/57867","targetHints":{"allow":["GET"]}}],"collection":[{"href":"https:\/\/www.europesays.com\/fr\/wp-json\/wp\/v2\/posts"}],"about":[{"href":"https:\/\/www.europesays.com\/fr\/wp-json\/wp\/v2\/types\/post"}],"author":[{"embeddable":true,"href":"https:\/\/www.europesays.com\/fr\/wp-json\/wp\/v2\/users\/2"}],"replies":[{"embeddable":true,"href":"https:\/\/www.europesays.com\/fr\/wp-json\/wp\/v2\/comments?post=57867"}],"version-history":[{"count":0,"href":"https:\/\/www.europesays.com\/fr\/wp-json\/wp\/v2\/posts\/57867\/revisions"}],"wp:featuredmedia":[{"embeddable":true,"href":"https:\/\/www.europesays.com\/fr\/wp-json\/wp\/v2\/media\/57868"}],"wp:attachment":[{"href":"https:\/\/www.europesays.com\/fr\/wp-json\/wp\/v2\/media?parent=57867"}],"wp:term":[{"taxonomy":"category","embeddable":true,"href":"https:\/\/www.europesays.com\/fr\/wp-json\/wp\/v2\/categories?post=57867"},{"taxonomy":"post_tag","embeddable":true,"href":"https:\/\/www.europesays.com\/fr\/wp-json\/wp\/v2\/tags?post=57867"}],"curies":[{"name":"wp","href":"https:\/\/api.w.org\/{rel}","templated":true}]}}