{"id":578672,"date":"2025-12-05T00:17:35","date_gmt":"2025-12-05T00:17:35","guid":{"rendered":"https:\/\/www.europesays.com\/fr\/578672\/"},"modified":"2025-12-05T00:17:35","modified_gmt":"2025-12-05T00:17:35","slug":"concerts-expositions-spectacles-les-evenements-a-ne-pas-manquer-en-decembre-en-bretagne","status":"publish","type":"post","link":"https:\/\/www.europesays.com\/fr\/578672\/","title":{"rendered":"Concerts, expositions, spectacles\u00a0: les \u00e9v\u00e9nements \u00e0 ne pas manquer en d\u00e9cembre en Bretagne"},"content":{"rendered":"<p>Des Trans Musicales de Rennes, qui mettent en lumi\u00e8re de nouveaux talents, aux fascinantes expositions des mus\u00e9es de Nantes ou de Morlaix, il y en a pour tous les go\u00fbts en d\u00e9cembre en Bretagne. Voici une s\u00e9lection de sorties par le magazine \u00ab\u00a0Bretons\u00a0\u00bb.<\/p>\n<p>Le froid de d\u00e9cembre ne fait pas peur aux m\u00e9lomanes et aux amateurs d\u2019expositions et de spectacles bretons\u00a0! Une fois encore, la r\u00e9gion regorge de rendez-vous incontournables. Les Trans Musicales de Rennes bien s\u00fbr, mais aussi le festival No Border \u00e0 Brest, un impressionnant spectacle \u00e9questre, des expositions insolites\u2026 Voici la s\u00e9lection de sorties du magazine  <a rel=\"noopener\" target=\"_blank\" href=\"https:\/\/www.ouest-france.fr\/bretagne\/magazine-bretons\/\">Bretons.<\/a> <\/p>\n<p>1. Les Trans Musicales<\/p>\n<p><a rel=\"noopener\" target=\"_blank\" href=\"https:\/\/www.ouest-france.fr\/festivals\/trans-musicales\/\">Le marathon des musiques actuelles<\/a> reprend en ce d\u00e9but d\u00e9cembre avec 77\u00a0nouveaux talents venus de la sc\u00e8ne rennaise et de quarante pays diff\u00e9rents. De la chanteuse italienne Gaia Banfi \u00e0 la rappeuse Asfar Shamsi, en passant par le duo berlinois Afar ou le groupe anglais My First Time, tous les styles musicaux seront repr\u00e9sent\u00e9s. De quoi rep\u00e9rer en avant-premi\u00e8re les artistes qui cartonneront l\u2019\u00e9t\u00e9 prochain.<\/p>\n<p><strong>Du 3 au 7\u00a0d\u00e9cembre,<\/strong> \u00e0 Rennes. Programmation et billetterie sur <a rel=\"noopener\" target=\"_blank\" href=\"https:\/\/www.lestrans.com\/le-festival\/\">lestrans.com<\/a><\/p>\n<p>2. Les tr\u00e9sors du mus\u00e9e de Morlaix<\/p>\n<p>Le mus\u00e9e des Jacobins, actuellement en chantier, vous invite \u00e0 faire connaissance avec sa collection \u00e9clectique dans un nouveau lieu, L\u2019espace des arts, \u00e0 la Manufacture de Morlaix. L\u2019occasion de d\u00e9couvrir un sarcophage ou encore un nu du peintre Pierre Bonnard, en m\u00eame temps qu\u2019un monument historique r\u00e9habilit\u00e9 avec succ\u00e8s.<\/p>\n<p><strong>Du 6\u00a0d\u00e9cembre au 2\u00a0mai,<\/strong> exposition \u00ab\u00a0Tr\u00e9sors. Regards choisis dans la collection du mus\u00e9e\u00a0\u00bb, \u00e0 la Manufacture de Morlaix (Finist\u00e8re).<\/p>\n<p>3. La folie \u00e9questre de Don Quichotte<\/p>\n<p>Le haras national d\u2019Hennebont pr\u00e9sente son grand spectacle de No\u00ebl dans sa salle flambant neuve, l\u2019\u00c9crin. Au programme\u00a0: une relecture tout public, d\u00e9cal\u00e9e et po\u00e9tique du fameux roman Don Quichotte. Chevaux et artistes vous embarquent, pendant une heure vingt, pour une qu\u00eate fantasque, de r\u00eave, de folie et d\u2019humour.<\/p>\n<p><strong>Du 20 au 31\u00a0d\u00e9cembre,<\/strong> spectacle \u00ab\u00a0Don Quichotte, folie \u00e9questre\u00a0\u00bb, salle de l\u2019\u00c9crin, haras national d\u2019Hennebont (Morbihan).<\/p>\n<p>4. No\u00ebl \u00e0 Tr\u00e9varez<\/p>\n<p>Spectacle son et lumi\u00e8re, gaufres et vin chaud\u00a0: c\u2019est le programme de No\u00ebl au domaine de Tr\u00e9varez, dans le Finist\u00e8re. Entre les all\u00e9es du parc, la cour des \u00e9curies et l\u2019int\u00e9rieur du ch\u00e2teau, les souvenirs d\u2019\u00e9cole sont \u00e0 l\u2019honneur de cette \u00e9dition de No\u00ebl \u00e0 Tr\u00e9varez. Autre nouveaut\u00e9\u00a0: un grand sapin illumin\u00e9 gr\u00e2ce \u00e0 des lucioles parrain\u00e9es par des volontaires.<\/p>\n<p><strong>Jusqu\u2019au 11\u00a0janvier,<\/strong> au domaine de Tr\u00e9varez, \u00e0 Saint-Goazec (Finist\u00e8re).<\/p>\n<p>5. Une exposition \u00e0 c\u0153urs ouverts \u00e0 Nantes<\/p>\n<p>Quel rapport entre les rites fun\u00e9raires antiques et les cartes de la Saint-Valentin\u00a0? Pour sa premi\u00e8re exposition depuis sa r\u00e9ouverture, le mus\u00e9e Dobr\u00e9e pr\u00e9sente plus de 200\u00a0\u0153uvres explorant le c\u0153ur comme organe vital et symbole universel. Un voyage artistique, spirituel, scientifique et historique, dans ce mus\u00e9e dont la pi\u00e8ce embl\u00e9matique est justement l\u2019\u00e9crin du c\u0153ur d\u2019Anne de Bretagne.<\/p>\n<p><strong>Jusqu\u2019au 1er\u00a0mars,<\/strong> exposition \u00ab\u00a0\u00c0 c\u0153urs ouverts\u00a0\u00bb au mus\u00e9e Dobr\u00e9e, \u00e0 Nantes (Loire-Atlantique).<\/p>\n<p>\u00a0<\/p>\n<p>\u00a0<\/p>\n<p>\u00a0<\/p>\n<p>6. Pas de fronti\u00e8re pour la musique<\/p>\n<p>Litanies portugaises, danses basques, rock gascon, bal malgache, flamenco revisit\u00e9, reggaeton\u2026 Le festival des musiques populaires No Border propose encore une fois une multitude de concerts, spectacles et d\u00e9bats, dans les grandes salles brestoises (Le Quartz, La Car\u00e8ne, Le Vauban) mais aussi dans 18\u00a0autres lieux un peu partout en Bretagne.<\/p>\n<p><strong>Du 4 au 14\u00a0d\u00e9cembre,<\/strong> festival No Border, dans 21\u00a0lieux \u00e0 Brest et ailleurs. Programme et billetterie sur <a rel=\"noopener\" target=\"_blank\" href=\"https:\/\/www.festivalnoborder.com\/\">festivalnoborder.com<\/a><\/p>\n<p>\u00a0<\/p>\n","protected":false},"excerpt":{"rendered":"Des Trans Musicales de Rennes, qui mettent en lumi\u00e8re de nouveaux talents, aux fascinantes expositions des mus\u00e9es de&hellip;\n","protected":false},"author":2,"featured_media":578673,"comment_status":"","ping_status":"","sticky":false,"template":"","format":"standard","meta":{"footnotes":""},"categories":[2821],"tags":[1111,11,829,4156,49832,1777,674,3696,1349,1011,27,14342,12,584,25,853],"class_list":{"0":"post-578672","1":"post","2":"type-post","3":"status-publish","4":"format-standard","5":"has-post-thumbnail","7":"category-rennes","8":"tag-actu","9":"tag-actualites","10":"tag-bretagne","11":"tag-concerts","12":"tag-decembre","13":"tag-eu","14":"tag-europe","15":"tag-evenements","16":"tag-expositions","17":"tag-fr","18":"tag-france","19":"tag-manquer","20":"tag-news","21":"tag-rennes","22":"tag-republique-francaise","23":"tag-spectacles"},"share_on_mastodon":{"url":"https:\/\/pubeurope.com\/@fr\/115664089670140883","error":""},"_links":{"self":[{"href":"https:\/\/www.europesays.com\/fr\/wp-json\/wp\/v2\/posts\/578672","targetHints":{"allow":["GET"]}}],"collection":[{"href":"https:\/\/www.europesays.com\/fr\/wp-json\/wp\/v2\/posts"}],"about":[{"href":"https:\/\/www.europesays.com\/fr\/wp-json\/wp\/v2\/types\/post"}],"author":[{"embeddable":true,"href":"https:\/\/www.europesays.com\/fr\/wp-json\/wp\/v2\/users\/2"}],"replies":[{"embeddable":true,"href":"https:\/\/www.europesays.com\/fr\/wp-json\/wp\/v2\/comments?post=578672"}],"version-history":[{"count":0,"href":"https:\/\/www.europesays.com\/fr\/wp-json\/wp\/v2\/posts\/578672\/revisions"}],"wp:featuredmedia":[{"embeddable":true,"href":"https:\/\/www.europesays.com\/fr\/wp-json\/wp\/v2\/media\/578673"}],"wp:attachment":[{"href":"https:\/\/www.europesays.com\/fr\/wp-json\/wp\/v2\/media?parent=578672"}],"wp:term":[{"taxonomy":"category","embeddable":true,"href":"https:\/\/www.europesays.com\/fr\/wp-json\/wp\/v2\/categories?post=578672"},{"taxonomy":"post_tag","embeddable":true,"href":"https:\/\/www.europesays.com\/fr\/wp-json\/wp\/v2\/tags?post=578672"}],"curies":[{"name":"wp","href":"https:\/\/api.w.org\/{rel}","templated":true}]}}