{"id":578684,"date":"2025-12-05T00:24:11","date_gmt":"2025-12-05T00:24:11","guid":{"rendered":"https:\/\/www.europesays.com\/fr\/578684\/"},"modified":"2025-12-05T00:24:11","modified_gmt":"2025-12-05T00:24:11","slug":"feu-dartifice-et-marche-de-noel-annules-pres-de-nantes-ce-5-decembre","status":"publish","type":"post","link":"https:\/\/www.europesays.com\/fr\/578684\/","title":{"rendered":"feu d\u2019artifice et march\u00e9 de No\u00ebl annul\u00e9s pr\u00e8s de Nantes ce 5 d\u00e9cembre"},"content":{"rendered":"<p>                    Par<br \/>\n        <strong><br \/>\n            <a href=\"https:\/\/actu.fr\/auteur\/laurent-fortin\" title=\"Consulter tous les articles de Laurent Fortin\" target=\"_blank\" rel=\"noopener\">Laurent Fortin<\/a><br \/>\n                    <\/strong><\/p>\n<p>        Publi\u00e9 le<\/p>\n<p>            5 d\u00e9c. 2025 \u00e0 0h10        <\/p>\n<p>Il avait <b>d\u00e9j\u00e0 \u00e9t\u00e9 report\u00e9 pour des raisons m\u00e9t\u00e9orologiques,<\/b> il le sera de nouveau. Le<b> feu d\u2019artifice <\/b>de <a href=\"https:\/\/actu.fr\/pays-de-la-loire\/vertou_44215\" target=\"_blank\" rel=\"noopener\"><b>Vertou <\/b><\/a>n\u2019avait <b>pas pu se tenir le 13\u00a0juillet dernier,<\/b> en raison des risques d\u2019incendie accentu\u00e9s par la s\u00e9cheresse. La ville avait donc d\u00e9cid\u00e9 de le <b>reporter au moment des f\u00eates de No\u00ebl<\/b>. A savoir la<b> veille de l\u2019inauguration des <a href=\"https:\/\/vertou.fr\/noel-en-fete-illuminations-et-feu-dartifice\/\" target=\"_blank\" rel=\"noopener\">illuminations de No\u00ebl<\/a>.<\/b> Si ces derni\u00e8res sont <b>maintenues samedi 6\u00a0d\u00e9cembre<\/b> avec des concerts des chorales du Ch\u0153ur du Ch\u00eane, de La Cl\u00e9 des chants et le ch\u0153ur d\u2019enfants de l\u2019\u00e9cole de musique, \u00e0 partir de 17\u2009h\u200945, <a href=\"https:\/\/www.google.com\/maps\/place\/Pl.+Saint-Martin,+44120+Vertou\/@47.1681996,-1.4758799,1283m\/data=!3m2!1e3!4b1!4m6!3m5!1s0x4805e62a620c71b9:0xed319b6c6c955a2e!8m2!3d47.168196!4d-1.473305!16s%2Fg%2F1tm8jz8d?entry=ttu&amp;g_ep=EgoyMDI1MTIwMi4wIKXMDSoASAFQAw%3D%3D\" target=\"_blank\" rel=\"noopener\">place Saint-Martin,<\/a> le s<b>pectacle pyrotechnique est de nouveau annul\u00e9<\/b>. Il devait se tenir au <a href=\"https:\/\/www.google.com\/maps\/place\/Parc+du+Loiry\/@47.1635093,-1.4795853,642m\/data=!3m2!1e3!4b1!4m6!3m5!1s0x4805e87e425f4209:0x4a0716ac390f2576!8m2!3d47.1635057!4d-1.4770104!16s%2Fg%2F11ggb8lxzm?entry=ttu&amp;g_ep=EgoyMDI1MTIwMi4wIKXMDSoASAFQAw%3D%3D\" target=\"_blank\" rel=\"noopener\">parc du Loiry, <\/a>ce <b>vendredi 5\u00a0d\u00e9cembre.<\/b> Mais les<b> rafales de vent \u00e0 plus de 60\u00a0km\/h<\/b> et<b> la pluie<\/b> <a href=\"https:\/\/www.meteociel.fr\/previsions-arpege-1h\/15673\/vertou.htm\" target=\"_blank\" rel=\"noopener\">annonc\u00e9es <\/a>ont eu raison, une nouvelle fois de l\u2019\u00e9v\u00e9nement.<\/p>\n<p>Rien non plus \u00e0 la\u00a0Haye-Fouassi\u00e8re<\/p>\n<p class=\" wall-content\">M\u00eame chose \u00e0 <a href=\"https:\/\/actu.fr\/pays-de-la-loire\/la-haie-fouassiere_44070\" target=\"_blank\" rel=\"noopener\"><b>la\u00a0Haye-Fouassi\u00e8re<\/b><\/a> qui a d\u00e9cid\u00e9 d\u2019annuler le <b>march\u00e9 de No\u00ebl <\/b>qui devait avoir lieu de 16\u2009h \u00e0 21\u2009h dans le centre-bourg entre la rue Etienne Cassard et la <a href=\"https:\/\/www.google.com\/maps\/place\/Pl.+Pirmil,+44690+La+Haie-Fouassi%C3%A8re\/@47.1547531,-1.4038716,642m\/data=!3m2!1e3!4b1!4m6!3m5!1s0x4805e73a863383cb:0xc29f7f1c418896d8!8m2!3d47.1547495!4d-1.4012967!16s%2Fg%2F1thx7_2t?entry=ttu&amp;g_ep=EgoyMDI1MTIwMi4wIKXMDSoASAFQAw%3D%3D\" target=\"_blank\" rel=\"noopener\">place Pirmil.<\/a> Une vingtaine d\u2019exposants \u00e9taient attendus dans une ambiance musicale.<\/p>\n<blockquote class=\"ac-article-quote wall-content\">\n<p>La s\u00e9curit\u00e9 des exposants, visiteurs et visiteuses et des \u00e9quipes reste la priorit\u00e9 de la municipalit\u00e9. Nous vous remercions pour votre compr\u00e9hension.<\/p>\n<p>La municipalit\u00e9<\/p><\/blockquote>\n<p class=\" wall-content\">Toutefois, elle a renvoy\u00e9 \u00e0 deux autres \u00e9v\u00e9nements gratuits qui auront lieu<a href=\"https:\/\/www.google.com\/maps\/place\/Espace+S%C3%A8vria\/@47.1561696,-1.3994969,642m\/data=!3m2!1e3!4b1!4m6!3m5!1s0x4805e731c3eb2221:0x4e326b5c4007312f!8m2!3d47.156166!4d-1.396922!16s%2Fg%2F11cs2x2ns8?entry=ttu&amp;g_ep=EgoyMDI1MTIwMi4wIKXMDSoASAFQAw%3D%3D\" target=\"_blank\" rel=\"noopener\"> salle S\u00e9vria,<\/a> d\u2019ici la fin de l\u2019ann\u00e9e pour f\u00eater l\u2019\u00e9v\u00e9nement. \u00c0 savoir, le dimanche 14 d\u00e9cembre, le spectacle jeune public <a href=\"https:\/\/metropole.nantes.fr\/que-faire-nantes\/agenda\/tout-i-polichinelle\" target=\"_blank\" rel=\"noopener\">Tout\u2026 I\u2026 Polichinelle<\/a> de la compagnie Sirocco, qui sera jou\u00e9 \u00e0 partir de 16\u2009h\u2009; et, dimanche 28 d\u00e9cembre, <b>la projection de deux films <\/b>sur le th\u00e8me de No\u00ebl, \u00e0 10\u2009h et \u00e0 15\u2009h.<\/p>\n<p class=\" wall-content\">Personnalisez votre actualit\u00e9 en ajoutant vos villes et m\u00e9dias en favori avec <a href=\"https:\/\/moncompte.actu.fr\" title=\"D\u00e9couvez Mon Actu\" rel=\"nofollow noopener\" data-trk=\"{&quot;cta&quot;:{&quot;action&quot;:&quot;https:\\\/\\\/moncompte.actu.fr&quot;,&quot;category&quot;:&quot;mon compte&quot;,&quot;from&quot;:&quot;article footer&quot;,&quot;name&quot;:&quot;Mon actu&quot;,&quot;type&quot;:&quot;cta&quot;}}\" target=\"_blank\">Mon Actu<\/a>.<\/p>\n","protected":false},"excerpt":{"rendered":"Par Laurent Fortin Publi\u00e9 le 5 d\u00e9c. 2025 \u00e0 0h10 Il avait d\u00e9j\u00e0 \u00e9t\u00e9 report\u00e9 pour des raisons&hellip;\n","protected":false},"author":2,"featured_media":578685,"comment_status":"","ping_status":"","sticky":false,"template":"","format":"standard","meta":{"footnotes":""},"categories":[2818],"tags":[1111,11,1777,674,1011,27,2357,766,12,15830,2636,25,104,2900],"class_list":{"0":"post-578684","1":"post","2":"type-post","3":"status-publish","4":"format-standard","5":"has-post-thumbnail","7":"category-nantes","8":"tag-actu","9":"tag-actualites","10":"tag-eu","11":"tag-europe","12":"tag-fr","13":"tag-france","14":"tag-meteo-france","15":"tag-nantes","16":"tag-news","17":"tag-noel","18":"tag-pays-de-la-loire","19":"tag-republique-francaise","20":"tag-societe","21":"tag-vignoble-nantais"},"share_on_mastodon":{"url":"https:\/\/pubeurope.com\/@fr\/115664117108703884","error":""},"_links":{"self":[{"href":"https:\/\/www.europesays.com\/fr\/wp-json\/wp\/v2\/posts\/578684","targetHints":{"allow":["GET"]}}],"collection":[{"href":"https:\/\/www.europesays.com\/fr\/wp-json\/wp\/v2\/posts"}],"about":[{"href":"https:\/\/www.europesays.com\/fr\/wp-json\/wp\/v2\/types\/post"}],"author":[{"embeddable":true,"href":"https:\/\/www.europesays.com\/fr\/wp-json\/wp\/v2\/users\/2"}],"replies":[{"embeddable":true,"href":"https:\/\/www.europesays.com\/fr\/wp-json\/wp\/v2\/comments?post=578684"}],"version-history":[{"count":0,"href":"https:\/\/www.europesays.com\/fr\/wp-json\/wp\/v2\/posts\/578684\/revisions"}],"wp:featuredmedia":[{"embeddable":true,"href":"https:\/\/www.europesays.com\/fr\/wp-json\/wp\/v2\/media\/578685"}],"wp:attachment":[{"href":"https:\/\/www.europesays.com\/fr\/wp-json\/wp\/v2\/media?parent=578684"}],"wp:term":[{"taxonomy":"category","embeddable":true,"href":"https:\/\/www.europesays.com\/fr\/wp-json\/wp\/v2\/categories?post=578684"},{"taxonomy":"post_tag","embeddable":true,"href":"https:\/\/www.europesays.com\/fr\/wp-json\/wp\/v2\/tags?post=578684"}],"curies":[{"name":"wp","href":"https:\/\/api.w.org\/{rel}","templated":true}]}}