{"id":578686,"date":"2025-12-05T00:25:33","date_gmt":"2025-12-05T00:25:33","guid":{"rendered":"https:\/\/www.europesays.com\/fr\/578686\/"},"modified":"2025-12-05T00:25:33","modified_gmt":"2025-12-05T00:25:33","slug":"meme-les-joueurs-demandent-des-recrues-a-nantes","status":"publish","type":"post","link":"https:\/\/www.europesays.com\/fr\/578686\/","title":{"rendered":"M\u00eame les joueurs demandent des recrues \u00e0 Nantes"},"content":{"rendered":"<p><b>En grand danger apr\u00e8s une premi\u00e8re partie de saison catastrophique, le FC Nantes s\u2019appr\u00eate \u00e0 vivre un <a href=\"https:\/\/www.foot01.com\/mercato\" title=\"Mercato\" target=\"_blank\" rel=\"noopener\">mercato<\/a> hivernal tr\u00e8s agit\u00e9. De nombreuses recrues devraient d\u00e9barquer \u00e0 La Beaujoire, \u00e0 la demande m\u00eame des cadres de Luis Castro.<\/b>Depuis son \u00e9pop\u00e9e folle entre 2022 et 2023, avec une victoire en Coupe de France, un grand retour en Coupe d\u2019Europe et une deuxi\u00e8me finale de CDF, le <a href=\"https:\/\/www.foot01.com\/nantes\" target=\"_self\" rel=\"noopener\">FC Nantes<\/a> n\u2019y arrive vraiment plus. Reparti sur un nouveau projet bas\u00e9 sur les jeunes de son centre de formation l\u2019\u00e9t\u00e9 dernier, le club jaune et vert pensait vivre une saison moins compliqu\u00e9e que la derni\u00e8re sous les ordres d\u2019Antoine Kombouar\u00e9. Mais pas du tout, bien au contraire, puisqu\u2019apr\u00e8s 14 journ\u00e9es de championnat, le Nantes de Luis Castro est barragiste avec trois points de retard sur le premier non-rel\u00e9gable.<\/p>\n<p>Autant dire qu\u2019avant d\u2019affronter le leader lensois ce samedi \u00e0 La Beaujoire, l\u2019heure est d\u00e9j\u00e0 grave pour les Canaris, qui n\u2019ont gagn\u00e9 que deux fois depuis le d\u00e9but de la saison. Si les joueurs nantais font leur maximum pour relancer la machine, la direction attend le mercato de janvier avec impatience pour renforcer l\u2019effectif sur toutes les lignes. M\u00eame les cadres de Castro, \u00e0 l\u2019image de Johann Lepenant, r\u00e9clament d\u2019eux-m\u00eames des renforts pour la deuxi\u00e8me partie de saison.<\/p>\n<p>\u00ab Deux ou trois recrues pour amener une certaine concurrence \u00bb\u00ab On est un groupe jeune, \u00e7a met du temps \u00e0 se mettre en place. Apr\u00e8s, il y a aussi un mercato qui arrive. Je pense qu\u2019il y aura quelques arriv\u00e9es. En tout cas, j\u2019esp\u00e8re. Le groupe bosse, on n\u2019est pas des tricheurs. On donne tout \u00e0 l\u2019entra\u00eenement. M\u00eame en match, on essaie de montrer le meilleur visage possible. Le staff bosse. Tous les jours, il est l\u00e0 \u00e0 chercher des solutions. On ne l\u00e2che rien. Je sais que le vent va tourner. Oui, je pense qu\u2019il va falloir deux ou trois recrues pour amener une certaine concurrence. Que le groupe se pousse vers le haut. Je pense que c\u2019est ainsi qu\u2019on va r\u00e9ussir \u00e0 r\u00e9aliser de belles choses. Il faut qu\u2019\u00e0 l\u2019avenir les \u00e9quipes craignent de venir jouer contre nous \u00bb, a avou\u00e9, <a href=\"https:\/\/www.ouest-france.fr\/sport\/football\/fc-nantes\/fc-nantes-rc-lens-jespere-quil-y-aura-quelques-arrivees-au-mercato-dit-lepenant-3e77fec4-d127-11f0-b23a-af5f5b40838c\" target=\"_blank\" rel=\"noopener\">en conf\u00e9rence de presse<\/a>, le milieu de terrain nantais, qui va voir son voeu se r\u00e9aliser plus vite que pr\u00e9vu sachant que le FCN va accueillir sa premi\u00e8re recrue de l\u2019hiver en la personne de Deiver Machado d\u00e8s la semaine prochaine.<\/p>\n","protected":false},"excerpt":{"rendered":"En grand danger apr\u00e8s une premi\u00e8re partie de saison catastrophique, le FC Nantes s\u2019appr\u00eate \u00e0 vivre un mercato&hellip;\n","protected":false},"author":2,"featured_media":578687,"comment_status":"","ping_status":"","sticky":false,"template":"","format":"standard","meta":{"footnotes":""},"categories":[2818],"tags":[1111,11,1777,674,462,1011,27,1434,766,12,2636,25],"class_list":{"0":"post-578686","1":"post","2":"type-post","3":"status-publish","4":"format-standard","5":"has-post-thumbnail","7":"category-nantes","8":"tag-actu","9":"tag-actualites","10":"tag-eu","11":"tag-europe","12":"tag-fc-nantes","13":"tag-fr","14":"tag-france","15":"tag-mercato","16":"tag-nantes","17":"tag-news","18":"tag-pays-de-la-loire","19":"tag-republique-francaise"},"share_on_mastodon":{"url":"https:\/\/pubeurope.com\/@fr\/115664121073743552","error":""},"_links":{"self":[{"href":"https:\/\/www.europesays.com\/fr\/wp-json\/wp\/v2\/posts\/578686","targetHints":{"allow":["GET"]}}],"collection":[{"href":"https:\/\/www.europesays.com\/fr\/wp-json\/wp\/v2\/posts"}],"about":[{"href":"https:\/\/www.europesays.com\/fr\/wp-json\/wp\/v2\/types\/post"}],"author":[{"embeddable":true,"href":"https:\/\/www.europesays.com\/fr\/wp-json\/wp\/v2\/users\/2"}],"replies":[{"embeddable":true,"href":"https:\/\/www.europesays.com\/fr\/wp-json\/wp\/v2\/comments?post=578686"}],"version-history":[{"count":0,"href":"https:\/\/www.europesays.com\/fr\/wp-json\/wp\/v2\/posts\/578686\/revisions"}],"wp:featuredmedia":[{"embeddable":true,"href":"https:\/\/www.europesays.com\/fr\/wp-json\/wp\/v2\/media\/578687"}],"wp:attachment":[{"href":"https:\/\/www.europesays.com\/fr\/wp-json\/wp\/v2\/media?parent=578686"}],"wp:term":[{"taxonomy":"category","embeddable":true,"href":"https:\/\/www.europesays.com\/fr\/wp-json\/wp\/v2\/categories?post=578686"},{"taxonomy":"post_tag","embeddable":true,"href":"https:\/\/www.europesays.com\/fr\/wp-json\/wp\/v2\/tags?post=578686"}],"curies":[{"name":"wp","href":"https:\/\/api.w.org\/{rel}","templated":true}]}}