{"id":578694,"date":"2025-12-05T00:29:14","date_gmt":"2025-12-05T00:29:14","guid":{"rendered":"https:\/\/www.europesays.com\/fr\/578694\/"},"modified":"2025-12-05T00:29:14","modified_gmt":"2025-12-05T00:29:14","slug":"entretien-tfc-comme-dans-un-reve-se-rememore-daniel-jeandupeux-entraineur-de-toulouse-puis-de-strasbourg-en-deplacement-au-stadium-samedi","status":"publish","type":"post","link":"https:\/\/www.europesays.com\/fr\/578694\/","title":{"rendered":"ENTRETIEN. TFC\u00a0: \u00ab\u00a0Comme dans un r\u00eave\u00a0\u00bb se rem\u00e9more Daniel Jeandupeux, entra\u00eeneur de Toulouse, puis de Strasbourg en d\u00e9placement au Stadium samedi"},"content":{"rendered":"<p>\n                                                                    l&rsquo;essentiel<br \/>\n                                                                Le Suisse qui a entra\u00een\u00e9 deux ans les Violets (1983-1985) puis neuf mois le Racing (1994 \u2013 mars\u00a01995), a gard\u00e9 un souvenir f\u00e9erique de sa premi\u00e8re ann\u00e9e sur le banc du TFC. Pour La D\u00e9p\u00eache, Daniel Jeandupeux, 76 ans, remonte le temps. Nostalgie. Alors que samedi 6\u00a0d\u00e9cembre se joue Toulouse \u2013 Strasbourg. Coup d\u2019envoi de cette 15e journ\u00e9e de L1\u00a0: 19 heures.\n                            <\/p>\n<p><strong>Daniel, on prend d\u2019abord des nouvelles\u00a0: que devenez-vous\u00a0?<\/strong><br \/>Je ne suis plus actif dans le foot \u00e9videmment\u00a0; je joue un petit peu au golf, je prom\u00e8ne la chienne et c\u2019est \u00e0 peu pr\u00e8s tout. Bon, d\u00e9j\u00e0 pas mal, d\u2019accord (sourire). Sinon, je vis dans le Tarn. Dans une maison, anciennement de vacances, au-dessus de Gaillac. Apr\u00e8s avoir arr\u00eat\u00e9 au\u00a0Mans en 2012, se poser la question de savoir o\u00f9 on allait vivre. On a s\u00e9journ\u00e9 un an sur Toulouse puis on s\u2019est install\u00e9s ici, donc.<\/p>\n<p>        <img decoding=\"async\" class=\"std-img__img responsive-img\" src=\"https:\/\/www.europesays.com\/fr\/wp-content\/uploads\/2025\/12\/1764894553_724_image.jpg\" alt=\"Duel Cresswell-Moreira au mois de mars dernier sous les yeux de McKenzie, cach\u00e9.\"\/><\/p>\n<p>                Duel Cresswell-Moreira au mois de mars dernier sous les yeux de McKenzie, cach\u00e9.<br \/>\n                                    MAXPPP &#8211; JEAN-MARC LOOS<\/p>\n<p><strong>Vous continuez \u00e0 suivre l\u2019actualit\u00e9 du ballon rond, on suppose\u2026<\/strong><br \/>Je regarde souvent le PSG car j\u2019ai toujours \u00e9t\u00e9 curieux de voir comment le club allait pouvoir \u00e9voluer avec toutes ces stars\u2026 Et je suis beaucoup le\u2026 rugby\u00a0: le Stade Toulousain me pla\u00eet \u00e9norm\u00e9ment.<\/p>\n<p>        <img decoding=\"async\" class=\"std-img__img responsive-img\" src=\"https:\/\/www.europesays.com\/fr\/wp-content\/uploads\/2025\/12\/1764894554_392_image.jpg\" alt=\"Daniel Jeandupeux, observateur attentif de deux de ses anciens clubs en France.\"\/><\/p>\n<p>                Daniel Jeandupeux, observateur attentif de deux de ses anciens clubs en France.<br \/>\n                                    DR &#8211; DJ<\/p>\n<p><strong>On entre dans le vif du sujet\u00a0: comment arrivez-vous en bord de Garonne l\u2019\u00e9t\u00e9 1983 (au relais de Pierre Cahuzac)\u00a0?<\/strong><br \/>Je pense que G\u00e9rard Soler, qui \u00e9tait tr\u00e8s convaincant en r\u00e9sum\u00e9, a jou\u00e9 un grand r\u00f4le l\u00e0-dedans. Il \u00e9tait arriv\u00e9 \u00e0 Toulouse la saison d\u2019avant en provenance de Bordeaux o\u00f9 il avait jou\u00e9 avec Alain Giresse qui m\u2019appr\u00e9ciait. Je n\u2019ai jamais v\u00e9rifi\u00e9 l\u2019histoire, je vous dirais\u2026<\/p>\n<p class=\"std-elt__inline\">\n        <strong>\u00c0 lire aussi :<\/strong><br \/>\n        <a href=\"https:\/\/www.ladepeche.fr\/2025\/12\/04\/tfc-piston-droit-trois-hommes-et-un-coup-fin-qui-a-la-place-de-donnum-suspendu-samedi-face-a-strasbourg-nous-vous-donnons-la-tendance-13089470.php\" target=\"_blank\" rel=\"noopener\">TFC\u00a0: piston droit, trois hommes et un coup fin\u2026 Qui \u00e0 la place de D\u00f6nnum, suspendu samedi face \u00e0 Strasbourg\u00a0? Nous vous donnons la tendance<\/a>\n    <\/p>\n<p><strong>Premi\u00e8re saison quasiment parfaite\u00a0: cinqui\u00e8mes, vous terminez aux portes de l\u2019Europe\u00a0!<\/strong><br \/>Oui, celle d\u2019avant, la vraie. Pas comme aujourd\u2019hui o\u00f9 septi\u00e8mes vous pouvez \u00eatre europ\u00e9ens\u00a0! C\u2019\u00e9tait une super saison et je crois que si Monaco avait battu Metz en finale de Coupe de France, nous aurions \u00e9t\u00e9 qualifi\u00e9s. C\u2019est vraiment pass\u00e9 tout pr\u00e8s.<\/p>\n<p><strong>Bergeroo, Domergue, Lopez, Sassus, Durand, Favre, Ferratge, Lacombe\u2026 vous aviez un bien bel effectif, non\u00a0?<\/strong><br \/>Une \u00e9quipe assez compl\u00e8te, tr\u00e8s homog\u00e8ne. Il n\u2019y avait pas de trou, o\u00f9 que ce soit\u00a0; et j\u2019avais de quoi faire. M\u00eame si au d\u00e9but, pour ma premi\u00e8re exp\u00e9rience en France, au bout d\u2019une dizaine de matchs j\u2019entendais dans les tribunes les gens dire qu\u2019il fallait changer d\u2019entra\u00eeneur.<\/p>\n<p class=\"std-elt__inline\">\n        <strong>\u00c0 lire aussi :<\/strong><br \/>\n        <a href=\"https:\/\/www.ladepeche.fr\/2025\/12\/03\/tfc-des-declarations-qui-ne-passent-pas-strasbourg-suspend-son-capitaine-emegha-qui-ne-viendra-pas-au-stadium-13088311.php\" target=\"_blank\" rel=\"noopener\">TFC\u00a0: des d\u00e9clarations qui ne passent pas\u2026 Strasbourg suspend son capitaine Emegha qui ne viendra pas au Stadium<\/a>\n    <\/p>\n<p><strong>Vous jouiez en quel syst\u00e8me\u00a0?<\/strong><br \/>4-4-2 \u00e0 plat, \u00e0 la Gourcuff. Et, surtout, on pratiquait la zone, ce qui \u00e9tait quand m\u00eame assez r\u00e9volutionnaire \u00e0 l\u2019\u00e9poque. C\u2019est pour cela qu\u2019on posait des probl\u00e8mes \u00e0 nos adversaires. \u00c0 une place pr\u00e8s, je me r\u00e9p\u00e8te, c\u2019\u00e9tait parfait.<\/p>\n<p><strong>L\u2019ann\u00e9e suivante, retour sur terre, c\u2019est moins bien au niveau des r\u00e9sultats\u00a0: Toulouse finit 11e.<\/strong><br \/>Mais on fait une demi-finale de Coupe de France contre le PSG (\u00e9limin\u00e9 au Parc 5-3 aux tirs au but\u00a0; aller 2-0, retour 0-2). C\u2019est moins bien parce qu\u2019on n\u2019a pas r\u00e9ussi \u00e0 int\u00e9grer les nouveaux. Didier Christophe rempla\u00e7ait Raymond Camus, Yannick Stopyra avait pris la place de Laurent Roussey. \u00c7a avait l\u2019air mieux, pourtant\u2026<\/p>\n<p class=\"std-elt__inline\">\n        <strong>\u00c0 lire aussi :<\/strong><br \/>\n        <a href=\"https:\/\/www.ladepeche.fr\/2025\/12\/03\/dossier-tfc-toute-lequipe-est-mobilisee-comment-toulouse-a-fait-des-touches-longues-une-arme-offensive-majeure-13085637.php\" target=\"_blank\" rel=\"noopener\">TFC\u00a0: \u00ab\u00a0Toute l\u2019\u00e9quipe est mobilis\u00e9e\u00a0\u00bb\u2026 Comment Toulouse a fait des touches longues une arme offensive majeure<\/a>\n    <\/p>\n<p><strong>Alberto Tarantini aussi \u00e9tait arriv\u00e9\u00a0?<\/strong><br \/>\u00c7a n\u2019a pas \u00ab\u00a0match\u00e9\u00a0\u00bb entre nous comme on dit. Il avait quitt\u00e9 Bastia, le meilleur de sa carri\u00e8re \u00e9tait derri\u00e8re\u00a0; en tout cas, je n\u2019ai pas su l\u2019utiliser car, l\u2019ann\u00e9e d\u2019apr\u00e8s, il sera tr\u00e8s bon avec Jacques Santini.<\/p>\n<p><strong>Chez les jeunes, Pascal Despeyroux avait int\u00e9gr\u00e9 la Une\u00a0?<\/strong><br \/>Je m\u2019en rappelle. Je l\u2019avais incorpor\u00e9 et au premier entra\u00eenement il blesse un co\u00e9quipier \u2013 et il ne fait pas semblant. Moralit\u00e9, je l\u2019avais sorti de mon esprit. Alors qu\u2019il avait quelque chose de particulier\u00a0: cette volont\u00e9 de gagner. \u00c0 l\u2019intersaison, on devait virer \u00e0 peu pr\u00e8s tout le monde du Centre de formation\u00a0; eh bien lui s\u2019\u00e9tait tellement battu qu\u2019avec Serge Delmas on l\u2019avait finalement conserv\u00e9. Il n\u2019a pas oubli\u00e9, il m\u2019en est toujours reconnaissant.<\/p>\n<p class=\"std-elt__inline\">\n        <strong>\u00c0 lire aussi :<\/strong><br \/>\n        <a href=\"https:\/\/www.ladepeche.fr\/2025\/12\/03\/dossier-tfc-quand-le-specialiste-mondial-des-touches-longues-travaillait-a-toulouse-jai-eu-des-discussions-de-qualite-avec-martinez-novell-13085610.php\" target=\"_blank\" rel=\"noopener\">TFC\u00a0: Quand le sp\u00e9cialiste mondial des touches longues travaillait \u00e0 Toulouse\u2026 \u00ab\u00a0J\u2019ai eu des discussions de qualit\u00e9 avec Martinez Novell\u00a0\u00bb<\/a>\n    <\/p>\n<p><strong>Qu\u2019est-ce qui vous a marqu\u00e9 lors de ce passage \u00e0 Toulouse\u00a0?<\/strong><br \/>Plut\u00f4t des bons souvenirs puisque j\u2019ai rencontr\u00e9 ma femme (rires). Et puis, la premi\u00e8re ann\u00e9e c\u2019\u00e9tait comme dans un r\u00eave. On avait la capacit\u00e9 \u00e0 battre toutes les \u00ab\u00a0petites\u00a0\u00bb \u00e9quipes.<\/p>\n<p><strong>On fait un bond de dix ans\u00a0: 1994, c\u2019est Strasbourg que vous prenez en main.<\/strong><br \/>Dr\u00f4le de saison. On \u00e9tait qualifi\u00e9s pour la demi-finale de Coupe de France et puis je me fais virer en mars. Je n\u2019ai pass\u00e9 le printemps\u2026 Je n\u2019ai pas fini. C\u2019est original quand m\u00eame parce que, 10e en championnat, ce n\u2019est pas non plus calamiteux. L\u2019\u00e9quipe \u00e9tait pas mal, sauf qu\u2019il n\u2019y avait pas d\u2019avant-centre. Juste Wilfrid Gohel, un joueur qui allait tr\u00e8s-tr\u00e8s vite, que je mettais toujours parce que je n\u2019avais pas le choix devant. Il y avait bien Aleksandr Mostovo\u00ef, Xavier Gravelaine\u00a0: des N\u00b010, quoi\u00a0!<\/p>\n<p class=\"std-elt__inline\">\n        <strong>\u00c0 lire aussi :<\/strong><br \/>\n        <a href=\"https:\/\/www.ladepeche.fr\/2025\/12\/04\/tfc-coupe-du-monde-depuis-le-depart-du-bateau-il-supporte-toulouse-depuis-lantarctique-13090336.php\" target=\"_blank\" rel=\"noopener\">TFC\u00a0: \u00ab\u00a0Coup\u00e9 du monde depuis le d\u00e9part du bateau\u2026\u00a0\u00bb Il supporte Toulouse\u2026 depuis l\u2019Antarctique\u00a0!<\/a>\n    <\/p>\n<p><strong>Aujourd\u2019hui, quel regard portez-vous sur le TFC\u00a0?<\/strong><br \/>L\u2019argent, c\u2019est le nerf de la guerre. Il peut bien s\u00fbr y avoir une ou des embellies mais Toulouse (RedBird Capital Partners) ne peut pas lutter au niveau des budgets. D\u2019o\u00f9 il s\u2019av\u00e8re compliqu\u00e9 de dominer beaucoup d\u2019autres clubs. Alors que pour sa part, Strasbourg (BlueCo), aujourd\u2019hui, a les moyens pour. Quand j\u2019entra\u00eenais c\u2019\u00e9tait du \u00ab\u00a0local\u00a0\u00bb\u00a0; l\u00e0, c\u2019est international. L\u2019effectif se construit en recherchant mondialement. L\u2019\u00e9quipe est jeune, forc\u00e9ment, mais elle joue bien. Elle est capable de faire des r\u00e9sultats sur le plan europ\u00e9en. J\u2019ai vu sa victoire contre Crystal Palace \u00e0 La Meinau (2-1), c\u2019\u00e9tait sympa.<\/p>\n<p><strong>Et le Tef, alors, avec son 3-4-3\u00a0?<\/strong><br \/>J\u2019avoue que je n\u2019ai jamais pratiqu\u00e9. Enfin, si, j\u2019ai essay\u00e9 une fois avec l\u2019\u00e9quipe suisse. En deuxi\u00e8me mi-temps, les pistons s\u2019\u00e9taient effondr\u00e9s, on \u00e9tait repass\u00e9s \u00e0 quatre derri\u00e8re.<\/p>\n<p class=\"std-elt__inline\">\n        <strong>\u00c0 lire aussi :<\/strong><br \/>\n        <a href=\"https:\/\/www.ladepeche.fr\/2025\/12\/04\/aron-donnum-joueur-du-tfc-annonce-quil-va-devenir-papa-sa-femme-star-du-football-feminin-va-mettre-sa-carriere-sur-pause-13091357.php\" target=\"_blank\" rel=\"noopener\">Aron D\u00f6nnum, joueur du TFC, annonce qu\u2019il va devenir papa\u00a0: sa femme, star du football f\u00e9minin, va mettre sa carri\u00e8re sur pause<\/a>\n    <\/p>\n<p><strong>Quels joueurs toulousains sortent du lot\u00a0?<\/strong><br \/>Sidib\u00e9, bien s\u00fbr, champion du monde. Apr\u00e8s, Nicolaisen\u00a0solide, tr\u00e8s bon jeu de t\u00eate\u00a0: un joueur que j\u2019aurais aim\u00e9 entra\u00eener. Restes, aussi\u00a0: sa premi\u00e8re saison, j\u2019avais l\u2019impression qu\u2019il \u00e9tait imbattable.<\/p>\n<p><strong>Un petit prono pour finir\u00a0?<\/strong><br \/>Je vois bien un match nul. Parce que Strasbourg me para\u00eet plus fort, OK, mais c\u2019est au Stadium\u00a0: allez, 1-1.<\/p>\n","protected":false},"excerpt":{"rendered":"l&rsquo;essentiel Le Suisse qui a entra\u00een\u00e9 deux ans les Violets (1983-1985) puis neuf mois le Racing (1994 \u2013&hellip;\n","protected":false},"author":2,"featured_media":578695,"comment_status":"","ping_status":"","sticky":false,"template":"","format":"standard","meta":{"footnotes":""},"categories":[2816],"tags":[1111,11,1777,674,63,1011,27,2722,12,2680,25,517,2312,68922],"class_list":{"0":"post-578694","1":"post","2":"type-post","3":"status-publish","4":"format-standard","5":"has-post-thumbnail","7":"category-toulouse","8":"tag-actu","9":"tag-actualites","10":"tag-eu","11":"tag-europe","12":"tag-football","13":"tag-fr","14":"tag-france","15":"tag-haute-garonne","16":"tag-news","17":"tag-occitanie","18":"tag-republique-francaise","19":"tag-sport","20":"tag-toulouse","21":"tag-toulouse-football-club"},"share_on_mastodon":{"url":"https:\/\/pubeurope.com\/@fr\/115664137695349252","error":""},"_links":{"self":[{"href":"https:\/\/www.europesays.com\/fr\/wp-json\/wp\/v2\/posts\/578694","targetHints":{"allow":["GET"]}}],"collection":[{"href":"https:\/\/www.europesays.com\/fr\/wp-json\/wp\/v2\/posts"}],"about":[{"href":"https:\/\/www.europesays.com\/fr\/wp-json\/wp\/v2\/types\/post"}],"author":[{"embeddable":true,"href":"https:\/\/www.europesays.com\/fr\/wp-json\/wp\/v2\/users\/2"}],"replies":[{"embeddable":true,"href":"https:\/\/www.europesays.com\/fr\/wp-json\/wp\/v2\/comments?post=578694"}],"version-history":[{"count":0,"href":"https:\/\/www.europesays.com\/fr\/wp-json\/wp\/v2\/posts\/578694\/revisions"}],"wp:featuredmedia":[{"embeddable":true,"href":"https:\/\/www.europesays.com\/fr\/wp-json\/wp\/v2\/media\/578695"}],"wp:attachment":[{"href":"https:\/\/www.europesays.com\/fr\/wp-json\/wp\/v2\/media?parent=578694"}],"wp:term":[{"taxonomy":"category","embeddable":true,"href":"https:\/\/www.europesays.com\/fr\/wp-json\/wp\/v2\/categories?post=578694"},{"taxonomy":"post_tag","embeddable":true,"href":"https:\/\/www.europesays.com\/fr\/wp-json\/wp\/v2\/tags?post=578694"}],"curies":[{"name":"wp","href":"https:\/\/api.w.org\/{rel}","templated":true}]}}