{"id":578698,"date":"2025-12-05T00:31:22","date_gmt":"2025-12-05T00:31:22","guid":{"rendered":"https:\/\/www.europesays.com\/fr\/578698\/"},"modified":"2025-12-05T00:31:22","modified_gmt":"2025-12-05T00:31:22","slug":"la-bonne-recette-de-bruno-genesio-pour-maintenir-tous-ses-joueurs-concernes-a-lille","status":"publish","type":"post","link":"https:\/\/www.europesays.com\/fr\/578698\/","title":{"rendered":"la bonne recette de Bruno Genesio pour\u00a0maintenir tous ses joueurs concern\u00e9s \u00e0 Lille"},"content":{"rendered":"\n<p>Concurrence aiguis\u00e9e, rotations gagnantes et discours adapt\u00e9\u00a0: la bonne recette de Bruno Genesio pour\u00a0maintenir tous ses joueurs concern\u00e9s \u00e0 Lille<\/p>\n<p>Dans un calendrier dense, l&rsquo;entra\u00eeneur du LOSC, Bruno Genesio, dont l&rsquo;\u00e9quipe re\u00e7oit Marseille vendredi (21 h), parvient \u00e0 maintenir le niveau de comp\u00e9titivit\u00e9 de son \u00e9quipe en concernant un maximum de joueurs, sans peur de d\u00e9boulonner certains statuts.<\/p>\n","protected":false},"excerpt":{"rendered":"Concurrence aiguis\u00e9e, rotations gagnantes et discours adapt\u00e9\u00a0: la bonne recette de Bruno Genesio pour\u00a0maintenir tous ses joueurs concern\u00e9s&hellip;\n","protected":false},"author":2,"featured_media":578699,"comment_status":"","ping_status":"","sticky":false,"template":"","format":"standard","meta":{"footnotes":""},"categories":[2815],"tags":[1111,11,1777,674,1011,27,811,1307,12,25],"class_list":{"0":"post-578698","1":"post","2":"type-post","3":"status-publish","4":"format-standard","5":"has-post-thumbnail","7":"category-lille","8":"tag-actu","9":"tag-actualites","10":"tag-eu","11":"tag-europe","12":"tag-fr","13":"tag-france","14":"tag-hauts-de-france","15":"tag-lille","16":"tag-news","17":"tag-republique-francaise"},"share_on_mastodon":{"url":"https:\/\/pubeurope.com\/@fr\/115664144974643621","error":""},"_links":{"self":[{"href":"https:\/\/www.europesays.com\/fr\/wp-json\/wp\/v2\/posts\/578698","targetHints":{"allow":["GET"]}}],"collection":[{"href":"https:\/\/www.europesays.com\/fr\/wp-json\/wp\/v2\/posts"}],"about":[{"href":"https:\/\/www.europesays.com\/fr\/wp-json\/wp\/v2\/types\/post"}],"author":[{"embeddable":true,"href":"https:\/\/www.europesays.com\/fr\/wp-json\/wp\/v2\/users\/2"}],"replies":[{"embeddable":true,"href":"https:\/\/www.europesays.com\/fr\/wp-json\/wp\/v2\/comments?post=578698"}],"version-history":[{"count":0,"href":"https:\/\/www.europesays.com\/fr\/wp-json\/wp\/v2\/posts\/578698\/revisions"}],"wp:featuredmedia":[{"embeddable":true,"href":"https:\/\/www.europesays.com\/fr\/wp-json\/wp\/v2\/media\/578699"}],"wp:attachment":[{"href":"https:\/\/www.europesays.com\/fr\/wp-json\/wp\/v2\/media?parent=578698"}],"wp:term":[{"taxonomy":"category","embeddable":true,"href":"https:\/\/www.europesays.com\/fr\/wp-json\/wp\/v2\/categories?post=578698"},{"taxonomy":"post_tag","embeddable":true,"href":"https:\/\/www.europesays.com\/fr\/wp-json\/wp\/v2\/tags?post=578698"}],"curies":[{"name":"wp","href":"https:\/\/api.w.org\/{rel}","templated":true}]}}