{"id":578700,"date":"2025-12-05T00:32:13","date_gmt":"2025-12-05T00:32:13","guid":{"rendered":"https:\/\/www.europesays.com\/fr\/578700\/"},"modified":"2025-12-05T00:32:13","modified_gmt":"2025-12-05T00:32:13","slug":"la-chute-sans-fin-du-petit-madoff-provencal-condamne-a-marseille-pour-une-escroquerie-a-33-millions-deuros","status":"publish","type":"post","link":"https:\/\/www.europesays.com\/fr\/578700\/","title":{"rendered":"La\u00a0chute sans fin du \u00ab\u00a0petit Madoff\u00a0\u00bb proven\u00e7al condamn\u00e9 \u00e0 Marseille pour une escroquerie \u00e0 33\u00a0millions d\u2019euros"},"content":{"rendered":"<p>Dure est la chute, depuis le sommet d\u2019une pyramide de Ponzi\u2026 Ce jeudi 4 d\u00e9cembre, <a href=\"https:\/\/www.laprovence.com\/article\/actualites\/1575309\/le-petit-madoff-du-sud-est-menait-grand-train-de-vie.html\" target=\"_blank\" rel=\"noopener\">Fabrice Denizet, surnomm\u00e9 \u00ab\u00a0le petit Madoff\u00a0\u00bb<\/a> proven\u00e7al a \u00e9t\u00e9 discr\u00e8tement condamn\u00e9 par la justice marseillaise au cours d\u2019une proc\u00e9dure dite \u00ab\u00a0de plaider-coupable\u00a0\u00bb (ou CRPC), plus de 13\u00a0ans apr\u00e8s la premi\u00e8re plainte d\u00e9pos\u00e9e contre lui.<\/p>\n<p>Cet ancien courtier varois, \u00e2g\u00e9 aujourd\u2019hui de 59 ans, a reconnu avoir escroqu\u00e9 des centaines d\u2019investisseurs au d\u00e9but des ann\u00e9es 2010 gr\u00e2ce \u00e0 un syst\u00e8me frauduleux pyramidal consistant \u00e0 rembourser les premiers clients avec l\u2019argent des suivants, afin de conserver l\u2019illusion que leurs investissements \u00e9taient effectifs et rentables. Le pr\u00e9judice global estim\u00e9 se monte \u00e0 33 millions d\u2019euros. Quelque 820 personnes se sont port\u00e9es partie civile pour r\u00e9clamer r\u00e9paration.<\/p>\n<p>Premiers signalements en\u00a02012<\/p>\n<p>Fabrice Denizet \u00e9tait poursuivi pour cinq infractions\u00a0: <a href=\"https:\/\/www.laprovence.com\/article\/faits-divers-justice\/11127416978395\/escroquerie-de-467000e-a-la-secu-le-chirurgien-aubagnais-ecope-de-2-ans-avec-sursis-et-100000e-d-amende\" target=\"_blank\" rel=\"noopener\">escroquerie<\/a>, blanchiment, abus de biens sociaux, faux et usage de faux, et enfin usage irr\u00e9gulier de la marque de <a href=\"https:\/\/www.laprovence.com\/article\/france-monde\/13761174259573\/soupcons-de-blanchiment-de-fraude-fiscale-la-societe-generale-perquisitionnee-a-la-defense-et-au-luxembourg\" target=\"_blank\" rel=\"noopener\">la Soci\u00e9t\u00e9 g\u00e9n\u00e9rale<\/a>, dont il se r\u00e9clamait pour gagner la confiance de ses investisseurs. C\u2019est cette derni\u00e8re qui la premi\u00e8re, en janvier\u00a02012, avait fait un signalement aupr\u00e8s du parquet de Toulon, suivie quelques jours plus tard par l\u2019<a href=\"https:\/\/www.laprovence.com\/article\/economie\/10846917882626\/courtage-lamf-met-en-garde-contre-le-site-immediate-connect\" target=\"_blank\" rel=\"noopener\">Autorit\u00e9 des march\u00e9s financiers<\/a>. R\u00e9cup\u00e9r\u00e9 par le parquet de <a href=\"https:\/\/www.laprovence.com\/bouches-du-rhone\/marseille-13055\" target=\"_blank\" rel=\"noopener\">Marseille<\/a>, le dossier avait err\u00e9, des ann\u00e9es durant, dans les couloirs de l\u2019instruction, avant qu\u2019un magistrat ne renvoie en\u00a02020 l\u2019ancien courtier face \u00e0 ses juges. Le parquet avait ensuite fait volte-face, proposant \u00e0 l\u2019ancien courtier le plaider-coupable, plut\u00f4t qu\u2019un long et complexe proc\u00e8s public.<\/p>\n<p>Fabrice Denizet, qui a admis la totalit\u00e9 des faits qui lui sont reproch\u00e9s d\u00e8s sa premi\u00e8re garde \u00e0 vue, a \u00e9t\u00e9 condamn\u00e9 apr\u00e8s n\u00e9gociation avec le parquet &#8211; sp\u00e9cificit\u00e9 de cette proc\u00e9dure particuli\u00e8re &#8211; \u00e0 une peine de 30 mois de d\u00e9tention \u00e0 domicile sous bracelet \u00e9lectronique (dont il purgera en r\u00e9alit\u00e9 18 mois, la d\u00e9tention provisoire d\u00e9duite), une amende d\u00e9lictuelle de 150\u00a0000\u00a0\u20ac, l\u2019interdiction d\u00e9finitive d\u2019exercer une activit\u00e9 professionnelle dans le courtage, les domaines bancaires et financiers, ainsi qu\u2019une interdiction de gestion d\u2019entreprise pour cinq ans. Une partie de ses biens, d\u00e9j\u00e0 saisis par la justice, lui ont \u00e9galement \u00e9t\u00e9 confisqu\u00e9s\u00a0: 4,8\u00a0millions d\u2019euros pioch\u00e9s sur ses comptes en banque, une Audi Q7, un chalet \u00e0 Vars acquis en\u00a02009 pour la somme de 620\u00a0000\u00a0\u20ac\u2026<\/p>\n<p>Handicap\u00e9 par un AVC et un infarctus<\/p>\n<p>La peine p\u00e9nale tomb\u00e9e, reste d\u00e9sormais \u00e0 boucler <a href=\"https:\/\/www.laprovence.com\/article\/faits-divers-justice\/4197568140635\/proces-des-effondrements-de-la-rue-daubagne-la-justice-face-a-la-complexe-question-de-lindemnisation\" target=\"_blank\" rel=\"noopener\">le volet civil de ce dossier hors norme<\/a>. Une grande partie des investisseurs ont b\u00e9n\u00e9fici\u00e9 de protocoles transactionnels pass\u00e9s avec la Soci\u00e9t\u00e9 g\u00e9n\u00e9rale &#8211; banque du courtier et elle-m\u00eame partie civile &#8211; pour indemniser leurs pertes financi\u00e8res, pour un montant global d\u00e9passant les 22\u00a0millions d\u2019euros. Outre les pr\u00e9judices financiers restant \u00e0 solder, la plupart des investisseurs r\u00e9clament la r\u00e9paration de leur pr\u00e9judice moral. Leurs demandes seront \u00e9tudi\u00e9es lors de trois audiences d\u00e9di\u00e9es dans le courant de l\u2019ann\u00e9e\u00a02026.<\/p>\n<p>Devant les (rares) avocats et parties civiles venus assister \u00e0 l\u2019homologation de la peine ce jeudi 4 d\u00e9cembre dans la salle des proc\u00e8s hors norme de la caserne du Muy \u00e0 Marseille, l\u2019ancien courtier, diminu\u00e9 par un AVC et un infarctus survenus il y a cinq ans lui laissant des s\u00e9quelles physiques et neurologiques, a pris bri\u00e8vement la parole pour pr\u00e9senter ses excuses. \u00ab\u00a0Je souhaite r\u00e9ellement demander pardon \u00e0 toutes mes victimes, tr\u00e8s sinc\u00e8rement\u00a0\u00bb, a-t-il souffl\u00e9, accompagn\u00e9 par son avocat parisien Stanislas Panon et son \u00e9pouse, qui fait d\u00e9sormais vivre le couple et sa fille de six ans.<\/p>\n","protected":false},"excerpt":{"rendered":"Dure est la chute, depuis le sommet d\u2019une pyramide de Ponzi\u2026 Ce jeudi 4 d\u00e9cembre, Fabrice Denizet, surnomm\u00e9&hellip;\n","protected":false},"author":2,"featured_media":578701,"comment_status":"","ping_status":"","sticky":false,"template":"","format":"standard","meta":{"footnotes":""},"categories":[2814],"tags":[17,1111,11,1102,8652,1777,674,274,5729,1011,27,69281,69282,884,12,15864,69283,882,25,4561],"class_list":{"0":"post-578700","1":"post","2":"type-post","3":"status-publish","4":"format-standard","5":"has-post-thumbnail","7":"category-marseille","8":"tag-17","9":"tag-actu","10":"tag-actualites","11":"tag-breakingnews","12":"tag-condamne","13":"tag-eu","14":"tag-europe","15":"tag-faits-divers-justice","16":"tag-fin","17":"tag-fr","18":"tag-france","19":"tag-la-chute","20":"tag-madoff","21":"tag-marseille","22":"tag-news","23":"tag-petit","24":"tag-provencal","25":"tag-provence-alpes-cote-dazur","26":"tag-republique-francaise","27":"tag-sans"},"share_on_mastodon":{"url":"https:\/\/pubeurope.com\/@fr\/115664148595088006","error":""},"_links":{"self":[{"href":"https:\/\/www.europesays.com\/fr\/wp-json\/wp\/v2\/posts\/578700","targetHints":{"allow":["GET"]}}],"collection":[{"href":"https:\/\/www.europesays.com\/fr\/wp-json\/wp\/v2\/posts"}],"about":[{"href":"https:\/\/www.europesays.com\/fr\/wp-json\/wp\/v2\/types\/post"}],"author":[{"embeddable":true,"href":"https:\/\/www.europesays.com\/fr\/wp-json\/wp\/v2\/users\/2"}],"replies":[{"embeddable":true,"href":"https:\/\/www.europesays.com\/fr\/wp-json\/wp\/v2\/comments?post=578700"}],"version-history":[{"count":0,"href":"https:\/\/www.europesays.com\/fr\/wp-json\/wp\/v2\/posts\/578700\/revisions"}],"wp:featuredmedia":[{"embeddable":true,"href":"https:\/\/www.europesays.com\/fr\/wp-json\/wp\/v2\/media\/578701"}],"wp:attachment":[{"href":"https:\/\/www.europesays.com\/fr\/wp-json\/wp\/v2\/media?parent=578700"}],"wp:term":[{"taxonomy":"category","embeddable":true,"href":"https:\/\/www.europesays.com\/fr\/wp-json\/wp\/v2\/categories?post=578700"},{"taxonomy":"post_tag","embeddable":true,"href":"https:\/\/www.europesays.com\/fr\/wp-json\/wp\/v2\/tags?post=578700"}],"curies":[{"name":"wp","href":"https:\/\/api.w.org\/{rel}","templated":true}]}}