{"id":578704,"date":"2025-12-05T00:34:30","date_gmt":"2025-12-05T00:34:30","guid":{"rendered":"https:\/\/www.europesays.com\/fr\/578704\/"},"modified":"2025-12-05T00:34:30","modified_gmt":"2025-12-05T00:34:30","slug":"decouvrez-les-illuminations-en-avant-premiere","status":"publish","type":"post","link":"https:\/\/www.europesays.com\/fr\/578704\/","title":{"rendered":"d\u00e9couvrez les illuminations en avant-premi\u00e8re"},"content":{"rendered":"<p>                    Par<br \/>\n        <strong><br \/>\n            <a href=\"https:\/\/actu.fr\/auteur\/redaction-lyon\" title=\"Consulter tous les articles de R\u00e9daction Lyon\" target=\"_blank\" rel=\"noopener\">R\u00e9daction Lyon<\/a><br \/>\n                    <\/strong><\/p>\n<p>        Publi\u00e9 le<\/p>\n<p>            4 d\u00e9c. 2025 \u00e0 17h34<br \/>\n        ; mis \u00e0 jour le 4 d\u00e9c. 2025 \u00e0 23h26    <\/p>\n<p>Deux millions de personnes sont attendues d\u00e8s ce vendredi 5 d\u00e9cembre jusqu\u2019au 8 dans les rues de <a href=\"https:\/\/actu.fr\/auvergne-rhone-alpes\/lyon_69123\" target=\"_blank\" rel=\"noopener\">Lyon<\/a> pour assister \u00e0 la c\u00e9l\u00e8bre <a href=\"https:\/\/actu.fr\/tag\/fete-des-lumieres-de-lyon\" target=\"_blank\" rel=\"noopener\">F\u00eate des Lumi\u00e8res<\/a>. Cette ann\u00e9e 2025 s\u2019annonce entre modernit\u00e9 et traditions avec moins d\u2019\u0153uvres en raison de coupes budg\u00e9taires importantes.\u00a0<\/p>\n<p class=\" wall-content\">Avant la premi\u00e8re soir\u00e9e ouverte au public, suivez en direct la pr\u00e9sentation en avant-premi\u00e8re des principales illuminations ce jeudi 4 d\u00e9cembre. Comme chaque ann\u00e9e, les m\u00e9dias et les curieux peuvent assister aux derni\u00e8res r\u00e9p\u00e9titions avant le lancement officiel.<\/p>\n<p class=\" wall-content\">Show de <a href=\"https:\/\/actu.fr\/auvergne-rhone-alpes\/lyon_69123\/fete-des-lumieres-de-lyon-l-incroyable-show-de-drones-peut-etre-annule-voici-pourquoi_63513486.html\" target=\"_blank\" rel=\"noopener\">drones dans le ciel du parc de la T\u00eate d\u2019Or<\/a>, mapping place des Terreaux, une <a href=\"https:\/\/actu.fr\/auvergne-rhone-alpes\/lyon_69123\/lyon-le-gros-cheque-de-netflix-a-la-fete-des-lumieres-2025-provoque-de-sacres-remous_63478151.html\" target=\"_blank\" rel=\"noopener\">\u0153uvre Netflix place Sathonay<\/a>, Lumignons du C\u0153ur sur la place des Jacobins, le retour des arches rue de la R\u00e9publique\u2026 Au total, <strong>23 \u0153uvres<\/strong> seront pr\u00e9sent\u00e9es gratuitement.<\/p>\n<p class=\" wall-content\"><strong>Le direct de cette avant-premi\u00e8re avec nos journalistes, Julien Damboise et Anthony Soudani, est termin\u00e9. Merci de nous avoir suivis. <br \/><\/strong><\/p>\n<p class=\" wall-content\"><strong>Le spectacle de drones au parc de la T\u00eate d\u2019Or, Fourvi\u00e8re, Saint-Jean, les Terreaux\u2026 Revivez les moments forts ci-dessous.<\/strong><\/p>\n<p>23h15 : Le monde \u00e0 l\u2019envers de Stranger Things \u00e0 Lyon<\/p>\n<p class=\" wall-content\">Le monde \u00e0 l\u2019envers de Stranger Things d\u00e9barque \u00e0 Lyon. Netflix, m\u00e9c\u00e8ne de cette \u00e9dition, se paie une jolie promo en pleine saison 5 finale de la s\u00e9rie \u00e9v\u00e9nement de la plateforme. Voici les premi\u00e8res images de l\u2019\u0153uvre.<\/p>\n<p class=\" wall-content\">\n<p class=\" wall-content\">\n<p>22h55 : la place des Terreaux et ses raviolis pr\u00e9sent\u00e9s<\/p>\n<p class=\" wall-content\">L\u2019\u0153uvre \u00ab\u00a0Lundi, c\u2019est raviolis !\u00a0\u00bb a finalement \u00e9t\u00e9 pr\u00e9sent\u00e9e en toute fin de soir\u00e9e aux journalistes. Cette illumination fait la part belle \u00e0 la gastronomie et notamment aux m\u00e8res lyonnaises. Elle semble avoir \u00e9t\u00e9 appr\u00e9ci\u00e9e.<\/p>\n<p class=\" wall-content\">\n<p class=\" wall-content\">\n<p>22h20 : les illuminations sur les quais de Sa\u00f4ne<\/p>\n<p class=\" wall-content\">Et voici le tour de la traditionnelle \u0153uvre sur les quais de Sa\u00f4ne d\u2019\u00eatre pr\u00e9sent\u00e9e en avant-premi\u00e8re.<\/p>\n<p class=\" wall-content\">\n<p>    <img   decoding=\"async\" loading=\"lazy\" src=\"https:\/\/www.europesays.com\/fr\/wp-content\/uploads\/2025\/12\/fete-des-lumieres-lyon-quais-de-saone-960x640.jpg\" alt=\"L'\u0153uvre de la F\u00eate des Lumi\u00e8res 2025 sur les quais de Sa\u00f4ne, \u00e0 Lyon.\" width=\"960\" height=\"640\"\/><br \/>\n    L\u2019\u0153uvre de la F\u00eate des Lumi\u00e8res 2025 sur les quais de Sa\u00f4ne, \u00e0 Lyon. (\u00a9Julien Damboise \/ actu Lyon)<\/p>\n<p>Votre r\u00e9gion, votre actu !<\/p>\n<p>Recevez chaque jour les infos qui comptent pour vous.<\/p>\n<p>\t<a href=\"https:\/\/actu.fr\/newsletter\" class=\"ac-btn ac-btn--corner ac-btn--medium ac-btn--blue800\" target=\"_blank\" rel=\"noopener\">S&rsquo;incrire<\/a><br \/>\n21h50 : du monde devant la cath\u00e9drale Saint-Jean<\/p>\n<p class=\" wall-content\">Il y a d\u00e9j\u00e0 du monde ce jeudi soir devant la cath\u00e9drale Saint-Jean pour voir la projection en avant-premi\u00e8re. D\u00e9couvrez les premi\u00e8res images.\u00a0<\/p>\n<p class=\" wall-content\">\n<p class=\" wall-content\">\n<p class=\" wall-content\">\n    <img   decoding=\"async\" loading=\"lazy\" src=\"https:\/\/www.europesays.com\/fr\/wp-content\/uploads\/2025\/12\/cathedrale-saint-jean-fete-des-lumieres-lyon-960x640.jpg\" alt=\"L'illumination de la cath\u00e9drale Saint-Jean se d\u00e9voile pour cette F\u00eate des Lumi\u00e8res 2025 \u00e0 Lyon.\" width=\"960\" height=\"640\"\/><br \/>\n    L\u2019illumination de la cath\u00e9drale Saint-Jean se d\u00e9voile pour cette F\u00eate des Lumi\u00e8res 2025 \u00e0 Lyon. (\u00a9Julien Damboise \/ actu Lyon)<br \/>\n    <img   decoding=\"async\" loading=\"lazy\" src=\"https:\/\/www.europesays.com\/fr\/wp-content\/uploads\/2025\/12\/monde-cathedrale-saint-jean-fete-lumieres-lyon-960x640.jpg\" alt=\"Du monde pr\u00e9sent pour l'avant-premi\u00e8re de l'illumination de la cath\u00e9drale Saint-Jean, \u00e0 Lyon.\" width=\"960\" height=\"640\"\/><br \/>\n    Du monde pr\u00e9sent pour l\u2019avant-premi\u00e8re de l\u2019illumination de la cath\u00e9drale Saint-Jean, \u00e0 Lyon. (\u00a9Julien Damboise \/ actu Lyon)<\/p>\n<p>21h30 : la projection sur la fa\u00e7ade de Fourvi\u00e8re en vid\u00e9o<\/p>\n<p class=\" wall-content\"><a href=\"https:\/\/www.instagram.com\/p\/DR2ut2siDW0\/embed\" title=\"Ouvrir le lien sur Instagram\" target=\"_blank\" rel=\"noopener\">Visualiser le contenu sur Instagram<\/a><\/p>\n<p>21h10 : l\u2019illumination de la basilique de Fourvi\u00e8re<\/p>\n<p class=\" wall-content\">D\u00e9couvrez les premi\u00e8res images des illuminations de la <strong>basilique de Fourvi\u00e8re<\/strong>. Ateliers BK, Etienne Guiol, Gilbert Coud\u00e8ne et Paradoxe Studio ont collabor\u00e9 \u00e0 ce spectacle foisonnant port\u00e9 par Les Allumeurs de R\u00eaves.\u00a0<\/p>\n<p>20h15 : d\u00e9couvrez le spectacle de drones en avant-premi\u00e8re<\/p>\n<p class=\" wall-content\">Le spectacle des 500 drones d\u2019Allumee se d\u00e9voile au parc de la T\u00eate d\u2019Or. \u00ab\u00a0Extraordinaire\u00a0\u00bb, \u00ab\u00a0\u00e9poustouflant\u00a0\u00bb, notre journaliste sur place est conquis par le show. \u00ab\u00a0Quand Fourvi\u00e8re appara\u00eet au-dessus du lac\u2026 c\u2019est quelque chose.\u00a0\u00bb Ce sera certainement le grand succ\u00e8s de cette \u00e9dition 2025 de la F\u00eate des Lumi\u00e8res.<\/p>\n<p class=\" wall-content\">\n<p class=\" wall-content\">\n    <img   decoding=\"async\" loading=\"lazy\" src=\"https:\/\/www.europesays.com\/fr\/wp-content\/uploads\/2025\/12\/fete-des-lumieres-lyon-2025-drones-960x640.jpg\" alt=\"Le show de drones du parc de la T\u00eate d'Or d\u00e9voil\u00e9 lors de l'avant-premi\u00e8re de la F\u00eate des Lumi\u00e8res 2025 \u00e0 Lyon.\" width=\"960\" height=\"640\"\/><br \/>\n    Le show de drones du parc de la T\u00eate d\u2019Or d\u00e9voil\u00e9 lors de l\u2019avant-premi\u00e8re de la F\u00eate des Lumi\u00e8res 2025 \u00e0 Lyon. (\u00a9Julien Damboise \/ actu Lyon)<br \/>\n    <img   decoding=\"async\" loading=\"lazy\" src=\"https:\/\/www.europesays.com\/fr\/wp-content\/uploads\/2025\/12\/drones-fete-lumieres-lyon-960x640.jpg\" alt=\"Le show de drones du parc de la T\u00eate d'Or d\u00e9voil\u00e9 lors de l'avant-premi\u00e8re de la F\u00eate des Lumi\u00e8res 2025 \u00e0 Lyon.\" width=\"960\" height=\"640\"\/><br \/>\n    Le show de drones du parc de la T\u00eate d\u2019Or d\u00e9voil\u00e9 lors de l\u2019avant-premi\u00e8re de la F\u00eate des Lumi\u00e8res 2025 \u00e0 Lyon. (\u00a9Julien Damboise \/ actu Lyon)<\/p>\n<p>19h50 : le cr\u00e9ateur du show de drones r\u00e9pond<\/p>\n<p class=\" wall-content\">Le cr\u00e9ateur du show de drones, Edouard Ferrari (Allumee), se confie lors de l\u2019avant-premi\u00e8re de la F\u00eate des Lumi\u00e8res 2025 de Lyon. Le spectacle in\u00e9dit a \u00e9t\u00e9 fait sp\u00e9cialement pour l\u2019\u00e9v\u00e9nement avec 500 drones qui seront constamment en mouvement dans le ciel du parc de la T\u00eate d\u2019Or.<\/p>\n<p class=\" wall-content\">\n<p>19h50 : Philippe Geluck pr\u00e9sente les illuminations du Chat avec humour<\/p>\n<p class=\" wall-content\">Moment cocasse de la visite. Philippe Geluck pr\u00e9sente les illuminations du Chat avec humour au micro d\u2019actu Lyon et de nos confr\u00e8res. Le c\u00e9l\u00e8bre auteur de la bande dessin\u00e9e est toujours aussi dr\u00f4le.<\/p>\n<p class=\" wall-content\">\n<p class=\" wall-content\">\n<p>19h30 : d\u00e9couvrez la place Antonin-Poncet<\/p>\n<p class=\" wall-content\">Le Jardin de lumi\u00e8re se d\u00e9voile en avant-premi\u00e8re place Antonin-Poncet, qui fait d\u00e9j\u00e0 danser petits et grands en Presqu\u2019\u00eele de Lyon.<\/p>\n<p class=\" wall-content\">\n<p>19h : Gr\u00e9gory Doucet r\u00e9agit \u00e0 la pol\u00e9mique Netflix<\/p>\n<p class=\" wall-content\">Netflix est \u00ab un m\u00e9c\u00e8ne comme un autre \u00bb de la F\u00eate des Lumi\u00e8res. Le maire de Lyon, Gr\u00e9gory Doucet, r\u00e9pond apr\u00e8s la pol\u00e9mique suscit\u00e9e par la donation du g\u00e9ant am\u00e9ricain du streaming.<\/p>\n<p class=\" wall-content\">\n<p>18h45 : interrog\u00e9 pendant la visite, Gr\u00e9gory Doucet r\u00e9agit \u00e0 son malaise<\/p>\n<p class=\" wall-content\">Interrog\u00e9 sur son <a href=\"https:\/\/actu.fr\/auvergne-rhone-alpes\/lyon_69123\/lyon-le-maire-gregory-doucet-victime-d-un-malaise-l-elu-pris-en-charge-a-l-hopital_63520968.html\" target=\"_blank\" rel=\"noopener\">malaise<\/a> survenu mardi 2 d\u00e9cembre, le maire de Lyon <a href=\"https:\/\/actu.fr\/auvergne-rhone-alpes\/lyon_69123\/lyon-le-maire-gregory-doucet-hospitalise-des-nouvelles-rassurantes-de-son-etat-de-sante_63527160.html\" target=\"_blank\" rel=\"noopener\">Gr\u00e9gory Doucet<\/a> a donn\u00e9 de ses nouvelles. Elles sont rassurantes : \u00ab\u00a0\u00c7a va bien. <strong>J\u2019ai b\u00e9n\u00e9fici\u00e9 d\u2019une prise en charge remarquable<\/strong> des pompiers, du Samu et des \u00e9quipes des Hospices civils de Lyon. J\u2019ai dit \u2018merci\u2019 aux personnes qui m\u2019ont pris en charge mais je le dis \u00e0 votre micro : on a une chance incroyable ici \u00e0 Lyon d\u2019avoir un h\u00f4pital public remarquable avec des professionnels formidables.\u00a0\u00bb<\/p>\n<p class=\" wall-content\">\n<p>18h40 : \u00ab\u00a0La place Bellecour reste au c\u0153ur de la F\u00eate des Lumi\u00e8res\u00a0\u00bb<\/p>\n<p class=\" wall-content\">Audrey H\u00e9nocque, premi\u00e8re adjointe au maire de Lyon, d\u00e9fend cette \u00e9dition 2025 face aux critiques : \u00ab Il y a beaucoup de choses qui sont propos\u00e9es autour de la place Bellecour avec la place Antonin-Poncet, la fondation Bullukian, les quais de Sa\u00f4ne et la rue de la R\u00e9publique. La place Bellecour reste au c\u0153ur de la F\u00eate des Lumi\u00e8res. Il y a aussi la pause gourmande o\u00f9 on peut se restaurer en voyant les lumi\u00e8res sur Tissage urbain et la statue de Louis XIV. \u00bb<\/p>\n<p class=\" wall-content\">\n<p>18h20 : pr\u00e9sentation de HDV \u2013 40 ans de skate \u00e0 Lyon<\/p>\n<p class=\" wall-content\">La visite presse se poursuit avec l\u2019\u0153uvre HDV \u2013 40 ans de skate \u00e0 Lyon sur la place Louis-Pradel.<\/p>\n<p class=\" wall-content\">\n<p class=\" wall-content\">\n    <img   decoding=\"async\" loading=\"lazy\" src=\"https:\/\/www.europesays.com\/fr\/wp-content\/uploads\/2025\/12\/illumination-fete-des-lumieres-lyon-skateboard-960x640.jpg\" alt=\"La visite presse se poursuit avec l'oeuvre HDV \u2013 40 ans de skate \u00e0 Lyon sur la place Louis-Pradel.\" width=\"960\" height=\"640\"\/><br \/>\n    La visite presse se poursuit avec l\u2019oeuvre HDV \u2013 40 ans de skate \u00e0 Lyon sur la place Louis-Pradel. (\u00a9Julien Damboise \/ actu Lyon)<br \/>\n    <img   decoding=\"async\" loading=\"lazy\" src=\"https:\/\/www.europesays.com\/fr\/wp-content\/uploads\/2025\/12\/fete-des-lumieres-lyon-2025-1-960x640.jpg\" alt=\"L'illumination HDV - 40 ans de skate pr\u00e9sent\u00e9e pour la F\u00eate des Lumi\u00e8res 2025 \u00e0 Lyon.\" width=\"960\" height=\"640\"\/><br \/>\n    L\u2019illumination HDV \u2013 40 ans de skate pr\u00e9sent\u00e9e pour la F\u00eate des Lumi\u00e8res 2025 \u00e0 Lyon. (\u00a9Julien Damboise \/ actu Lyon)<br \/>\n    <img   decoding=\"async\" loading=\"lazy\" src=\"https:\/\/www.europesays.com\/fr\/wp-content\/uploads\/2025\/12\/fete-des-lumieres-lyon-2025-hdv-skate-960x640.jpg\" alt=\"L'illumination HDV - 40 ans de skate pr\u00e9sent\u00e9e pour la F\u00eate des Lumi\u00e8res 2025 \u00e0 Lyon.\" width=\"960\" height=\"640\"\/><br \/>\n    L\u2019illumination HDV \u2013 40 ans de skate pr\u00e9sent\u00e9e pour la F\u00eate des Lumi\u00e8res 2025 \u00e0 Lyon. (\u00a9Julien Damboise \/ actu Lyon)<\/p>\n<p>18h : la visite presse commence avec l\u2019\u0153uvre \u00e0 l\u2019op\u00e9ra de Lyon<\/p>\n<p class=\" wall-content\">La visite presse commence avec la pr\u00e9sentation de l\u2019\u0153uvre Row \u00e0 l\u2019op\u00e9ra de Lyon.\u00a0<\/p>\n<p class=\" wall-content\">\n<p>    <img   decoding=\"async\" loading=\"lazy\" src=\"https:\/\/www.europesays.com\/fr\/wp-content\/uploads\/2025\/12\/opera-de-lyon-fete-des-lumieres-960x640.jpg\" alt=\"Les journalistes ont commenc\u00e9 la visite presse par l'\u0153uvre \u00e0 l'op\u00e9ra de Lyon.\" width=\"960\" height=\"640\"\/><br \/>\n    Les journalistes ont commenc\u00e9 la visite presse par l\u2019\u0153uvre \u00e0 l\u2019op\u00e9ra de Lyon. (\u00a9Julien Damboise \/ actu Lyon)<\/p>\n<p class=\" wall-content\">Personnalisez votre actualit\u00e9 en ajoutant vos villes et m\u00e9dias en favori avec <a href=\"https:\/\/moncompte.actu.fr\" title=\"D\u00e9couvez Mon Actu\" rel=\"nofollow noopener\" data-trk=\"{&quot;cta&quot;:{&quot;action&quot;:&quot;https:\\\/\\\/moncompte.actu.fr&quot;,&quot;category&quot;:&quot;mon compte&quot;,&quot;from&quot;:&quot;article footer&quot;,&quot;name&quot;:&quot;Mon actu&quot;,&quot;type&quot;:&quot;cta&quot;}}\" target=\"_blank\">Mon Actu<\/a>.<\/p>\n<p>                    <script async src=\"\/\/www.instagram.com\/embed.js\"><\/script><\/p>\n","protected":false},"excerpt":{"rendered":"Par R\u00e9daction Lyon Publi\u00e9 le 4 d\u00e9c. 2025 \u00e0 17h34 ; mis \u00e0 jour le 4 d\u00e9c. 2025&hellip;\n","protected":false},"author":2,"featured_media":578705,"comment_status":"","ping_status":"","sticky":false,"template":"","format":"standard","meta":{"footnotes":""},"categories":[1889],"tags":[1111,11,2430,1777,674,48837,1011,27,1652,2428,12,13760,25],"class_list":{"0":"post-578704","1":"post","2":"type-post","3":"status-publish","4":"format-standard","5":"has-post-thumbnail","7":"category-lyon","8":"tag-actu","9":"tag-actualites","10":"tag-auvergne-rhone-alpes","11":"tag-eu","12":"tag-europe","13":"tag-fete-des-lumieres-de-lyon","14":"tag-fr","15":"tag-france","16":"tag-loisirs-culture","17":"tag-lyon","18":"tag-news","19":"tag-parc-de-la-tete-dor","20":"tag-republique-francaise"},"share_on_mastodon":{"url":"https:\/\/pubeurope.com\/@fr\/115664160355848378","error":""},"_links":{"self":[{"href":"https:\/\/www.europesays.com\/fr\/wp-json\/wp\/v2\/posts\/578704","targetHints":{"allow":["GET"]}}],"collection":[{"href":"https:\/\/www.europesays.com\/fr\/wp-json\/wp\/v2\/posts"}],"about":[{"href":"https:\/\/www.europesays.com\/fr\/wp-json\/wp\/v2\/types\/post"}],"author":[{"embeddable":true,"href":"https:\/\/www.europesays.com\/fr\/wp-json\/wp\/v2\/users\/2"}],"replies":[{"embeddable":true,"href":"https:\/\/www.europesays.com\/fr\/wp-json\/wp\/v2\/comments?post=578704"}],"version-history":[{"count":0,"href":"https:\/\/www.europesays.com\/fr\/wp-json\/wp\/v2\/posts\/578704\/revisions"}],"wp:featuredmedia":[{"embeddable":true,"href":"https:\/\/www.europesays.com\/fr\/wp-json\/wp\/v2\/media\/578705"}],"wp:attachment":[{"href":"https:\/\/www.europesays.com\/fr\/wp-json\/wp\/v2\/media?parent=578704"}],"wp:term":[{"taxonomy":"category","embeddable":true,"href":"https:\/\/www.europesays.com\/fr\/wp-json\/wp\/v2\/categories?post=578704"},{"taxonomy":"post_tag","embeddable":true,"href":"https:\/\/www.europesays.com\/fr\/wp-json\/wp\/v2\/tags?post=578704"}],"curies":[{"name":"wp","href":"https:\/\/api.w.org\/{rel}","templated":true}]}}