{"id":57871,"date":"2025-04-27T22:56:16","date_gmt":"2025-04-27T22:56:16","guid":{"rendered":"https:\/\/www.europesays.com\/fr\/57871\/"},"modified":"2025-04-27T22:56:16","modified_gmt":"2025-04-27T22:56:16","slug":"lhistoire-de-ces-deportes-nantais-racontee-par-quatre-lyceens","status":"publish","type":"post","link":"https:\/\/www.europesays.com\/fr\/57871\/","title":{"rendered":"L\u2019histoire de ces d\u00e9port\u00e9s nantais racont\u00e9e par quatre lyc\u00e9ens"},"content":{"rendered":"<p>Cette fois, ils ne sont pas content\u00e9s de d\u00e9poser une gerbe. Les quatre lyc\u00e9ens pr\u00e9sents pour la c\u00e9r\u00e9monie d\u2019hommage aux victimes et h\u00e9ros de la d\u00e9portation ont pris la parole, dimanche 27\u00a0avril, au cimeti\u00e8re de la Chauvini\u00e8re, \u00e0 Nantes, pour retracer l\u2019histoire poignante de trois d\u00e9port\u00e9s nantais victimes de la barbarie nazie.<\/p>\n<p>Ilyes Saou, scolaris\u00e9 en terminale \u00e0 Clemenceau, Madi\u00e9 Fofana, Juliette Pasquier et Louna Gourven, \u00e9l\u00e8ves de terminale au lyc\u00e9e Carcou\u00ebt, ont, tour \u00e0 tour, racont\u00e9 l\u2019histoire de Marie Mauge, Salom\u00e9a Galek et Libertaire Rutigliano, <strong>\u00ab\u00a0dans le cadre d\u2019un projet de m\u00e9moire que nous menons\u00a0\u00bb.<\/strong> <a href=\"https:\/\/nantes.maville.com\/actu\/actudet_-une-cinquantaine-de-personnes-reunies-a-moisdon-la-riviere-pour-se-souvenir-des-internes-de-la-forge-_8-6782597_actu.Htm\" target=\"_self\" rel=\"noopener\">Face \u00e0 eux, aspir\u00e9s par la force de leur texte, familles de d\u00e9port\u00e9s, \u00e9lus, pr\u00e9fet, membres des associations d\u2019anciens combattants ont \u00e9cout\u00e9 attentivement ce qu\u2019a \u00e9t\u00e9 la vie de cet homme et ces deux femmes.<\/a><\/p>\n<p>Trois destins tragiques<\/p>\n<p>La vie de Marie Mauge d\u00e9bute dans le Morbihan, o\u00f9 elle est n\u00e9e en 1891. C\u2019est <strong>\u00ab\u00a0une femme ordinaire, une femme du peuple, une m\u00e8re, une commer\u00e7ante, et qui a d\u00e9cid\u00e9 qu\u2019elle avait un devoir\u00a0\u00bb, <\/strong>celui de r\u00e9sister. <strong>\u00ab\u00a0Son courage m\u00e9rite d\u2019\u00eatre entendu\u00a0\u00bb,<\/strong> raconte, au micro, Ilyes Saou.<\/p>\n<p><strong>\u00ab\u00a0Tu \u00e9tais cafeti\u00e8re, \u00e0 Nantes, avec ton mari, Pierre [\u2026] ton caf\u00e9 devient un point de passage pour les aviateurs anglais et am\u00e9ricains [\u2026] Tu accueilles les membres de l\u2019arm\u00e9e secr\u00e8te\u00a0\u00bb, <\/strong>poursuit le jeune homme. Elle est arr\u00eat\u00e9e par la Gestapo le 24\u00a0janvier 1944. Elle meurt le 17\u00a0mars 1945 dans le camp de Bergen Belsen (Allemagne).<\/p>\n<p>Salom\u00e9a Galek, n\u00e9e en 1921 \u00e0 Varsovie, dans une famille juive, arrive \u00e0 Nantes en 1930. <strong>\u00ab\u00a0Elle est une \u00e9l\u00e8ve brillante au lyc\u00e9e Guist\u2019hau, o\u00f9 son nom appara\u00eet encore \u00e0 l\u2019entr\u00e9e de l\u2019\u00e9tablissement\u00a0\u00bb, <\/strong>\u00e9num\u00e8re Louna Gourven. Elle entre \u00e0 l\u2019\u00e9cole polytechnique de l\u2019ouest o\u00f9 elle rencontre\u00a0Libertaire Rutigliano, n\u00e9 au Caire, en 1921, dans une famille modeste et <strong>\u00ab\u00a0qui a affront\u00e9 l\u2019adversit\u00e9 avec une d\u00e9termination rare\u00a0: \u00e9tudiant le jour, r\u00e9sistant la nuit\u00a0\u00bb. <\/strong>Salom\u00e9a Galek et\u00a0Libertaire Rutigliano sont d\u00e9port\u00e9s le 20\u00a0juillet 1942 et en juin\u00a01944, \u00e0 Auschwitz (Pologne) et Dachau (Allemagne), o\u00f9 ils p\u00e9riront. \u00ab<strong>\u00a0On ne vous oublie pas.\u00a0\u00bb<\/strong><\/p>\n<p>\u00a0<\/p>\n","protected":false},"excerpt":{"rendered":"Cette fois, ils ne sont pas content\u00e9s de d\u00e9poser une gerbe. Les quatre lyc\u00e9ens pr\u00e9sents pour la c\u00e9r\u00e9monie&hellip;\n","protected":false},"author":2,"featured_media":57872,"comment_status":"","ping_status":"","sticky":false,"template":"","format":"standard","meta":{"footnotes":""},"categories":[2818],"tags":[1111,11,10885,1777,674,1011,27,937,15387,4715,766,12,2636,15386,25],"class_list":{"0":"post-57871","1":"post","2":"type-post","3":"status-publish","4":"format-standard","5":"has-post-thumbnail","7":"category-nantes","8":"tag-actu","9":"tag-actualites","10":"tag-deportes","11":"tag-eu","12":"tag-europe","13":"tag-fr","14":"tag-france","15":"tag-histoire","16":"tag-lyceens","17":"tag-nantais","18":"tag-nantes","19":"tag-news","20":"tag-pays-de-la-loire","21":"tag-racontee","22":"tag-republique-francaise"},"share_on_mastodon":{"url":"https:\/\/pubeurope.com\/@fr\/114412400434570155","error":""},"_links":{"self":[{"href":"https:\/\/www.europesays.com\/fr\/wp-json\/wp\/v2\/posts\/57871","targetHints":{"allow":["GET"]}}],"collection":[{"href":"https:\/\/www.europesays.com\/fr\/wp-json\/wp\/v2\/posts"}],"about":[{"href":"https:\/\/www.europesays.com\/fr\/wp-json\/wp\/v2\/types\/post"}],"author":[{"embeddable":true,"href":"https:\/\/www.europesays.com\/fr\/wp-json\/wp\/v2\/users\/2"}],"replies":[{"embeddable":true,"href":"https:\/\/www.europesays.com\/fr\/wp-json\/wp\/v2\/comments?post=57871"}],"version-history":[{"count":0,"href":"https:\/\/www.europesays.com\/fr\/wp-json\/wp\/v2\/posts\/57871\/revisions"}],"wp:featuredmedia":[{"embeddable":true,"href":"https:\/\/www.europesays.com\/fr\/wp-json\/wp\/v2\/media\/57872"}],"wp:attachment":[{"href":"https:\/\/www.europesays.com\/fr\/wp-json\/wp\/v2\/media?parent=57871"}],"wp:term":[{"taxonomy":"category","embeddable":true,"href":"https:\/\/www.europesays.com\/fr\/wp-json\/wp\/v2\/categories?post=57871"},{"taxonomy":"post_tag","embeddable":true,"href":"https:\/\/www.europesays.com\/fr\/wp-json\/wp\/v2\/tags?post=57871"}],"curies":[{"name":"wp","href":"https:\/\/api.w.org\/{rel}","templated":true}]}}