{"id":578712,"date":"2025-12-05T00:40:15","date_gmt":"2025-12-05T00:40:15","guid":{"rendered":"https:\/\/www.europesays.com\/fr\/578712\/"},"modified":"2025-12-05T00:40:15","modified_gmt":"2025-12-05T00:40:15","slug":"agressions-sexuelles-denfants-dans-les-ecoles-parisiennes-cest-lomerta","status":"publish","type":"post","link":"https:\/\/www.europesays.com\/fr\/578712\/","title":{"rendered":"Agressions sexuelles d&rsquo;enfants dans les \u00e9coles parisiennes : \u00ab C&rsquo;est l&rsquo;omerta ! \u00bb"},"content":{"rendered":"<p><strong>Les scandales d&rsquo;<a href=\"https:\/\/www.leparisien.fr\/faits-divers\/agressions-sexuelles-dans-les-maternelles-parisiennes-quinze-enquetes-ouvertes-en-2025-24-11-2025-CSBK5WVILJAFVH76IF5GTY2CJ4.php\" target=\"_blank\" rel=\"noopener\">agressions sexuelles d&rsquo;enfants<\/a> par des animateurs p\u00e9riscolaires dans les \u00e9coles maternelles parisiennes s&rsquo;amoncellent : en trois ans, 52 animateurs soup\u00e7onn\u00e9s ont \u00e9t\u00e9 suspendus et les plaintes des parents se multiplient. Entretien avec In\u00e8s de Raguenel, conseill\u00e8re de Paris (XVe arrondissement), vice-pr\u00e9sidente du groupe d\u2019opposition Changer Paris (pr\u00e9sid\u00e9 par Rachida Dati) et membre de la commission \u00c9ducation-Famille.<\/strong><\/p>\n<p>\u00a0<\/p>\n<p><strong>Sabine de Villeroch\u00e9. Que se passe-t-il, dans les \u00e9coles maternelles \u00e0 Paris. Comment expliquer le nombre ahurissant d\u2019agressions de ce type sur des enfants de 3 \u00e0 5 ans\u00a0 ?<\/strong><\/p>\n<p><strong>In\u00e8s de Raguenel.<\/strong>\u00a0Il faut bien prendre conscience que ce ne sont pas des drames isol\u00e9s. Depuis plusieurs mois, je ne cesse d\u2019alerter sur la multiplication des violences physiques et sexuelles dans le p\u00e9riscolaire. Ce qui se passe \u00e0 la ville de Paris est un v\u00e9ritable scandale. Il y a quelques jours, j\u2019ai \u00e0 nouveau interpell\u00e9 Anne Hidalgo et son premier adjoint en charge de l\u2019\u00e9ducation. Ils ont fait preuve d\u2019une d\u00e9connexion et d\u2019un m\u00e9pris insupportable pour les parents des enfants victimes. Je rappelle que ce sont des dizaines enfants de 3 \u00e0 5 ans qui ont subi des viols et des agressions sexuelles dans les \u00e9coles parisiennes. Personne ne peut remettre en question leurs mots, tant ces derniers sont insoutenables.<\/p>\n<p>La ville de Paris a vraiment pratiqu\u00e9 l&rsquo;omerta et le d\u00e9ni, ces derniers mois. Depuis les premi\u00e8res r\u00e9v\u00e9lations au printemps dernier, aucun plan d\u2019action concret et efficace n\u2019a \u00e9t\u00e9 mis en place par la ville.<\/p>\n<p>\u00a0<\/p>\n<p><strong>S. d. V. Les animateurs soup\u00e7onn\u00e9s d&rsquo;agressions sur des enfants ont-ils \u00e9t\u00e9 renvoy\u00e9s rapidement ?<\/strong><\/p>\n<p><strong>I. d. R.<\/strong> Les violences commises sur les enfants sont diverses. Pour certains faits, des animateurs ont \u00e9t\u00e9 suspendus. Mais pour d\u2019autres signalements, les CASPE (circonscriptions des affaires scolaires et de la petite enfance &#8211; service d\u00e9concentr\u00e9 des affaires scolaires dans les arrondissements) ont simplement d\u00e9plac\u00e9 l\u2019animateur soup\u00e7onn\u00e9. Des parents d\u2019enfants qui ont \u00e9t\u00e9 victimes au mois de juin dernier ont chang\u00e9 leur enfant d\u2019\u00e9cole \u00e0 la rentr\u00e9e mais se sont retrouv\u00e9s face \u00e0 de nouvelles affaires dans leur nouvelle \u00e9cole.<\/p>\n<p>Ce fonctionnement est inconscient et dangereux. Au mois de juillet dernier, apr\u00e8s la r\u00e9v\u00e9lation d\u2019un nouveau drame dans le XIIe arrondissement, j&rsquo;ai formellement demand\u00e9 au premier adjoint en charge de l&rsquo;\u00e9ducation, Patrick Bloche, de saisir l&rsquo;inspection g\u00e9n\u00e9rale de la ville de Paris pour lancer une enqu\u00eate administrative globale sur l\u2019ensemble du p\u00e9riscolaire parisien. Sept semaines plus tard, le 10 septembre, il a refus\u00e9, l\u2019enqu\u00eate n\u2019\u00e9tant \u00ab pas n\u00e9cessaire \u00bb selon lui, car des enqu\u00eates administratives locales \u00e9taient men\u00e9es dans chaque \u00e9cole concern\u00e9e.<\/p>\n<p>\u00a0<\/p>\n<p><strong>S. d. V. Ces enqu\u00eates locales et ces d\u00e9placements d&rsquo;animateurs ont-ils \u00e9t\u00e9 efficaces ?<\/strong><\/p>\n<p><strong>I. d. R.<\/strong> Absolument pas. C\u2019est pourquoi nous avons \u00e9galement fait un signalement au procureur de la R\u00e9publique au titre de l&rsquo;article 40 du Code p\u00e9nal. \u00c0 la rentr\u00e9e, et encore ces derni\u00e8res semaines, de nouveaux viols et agressions sexuelles ont \u00e9t\u00e9 r\u00e9v\u00e9l\u00e9s. Neuf \u00e9coles du XIe et XIIe arrondissement sont concern\u00e9es. Des dizaines de parents ont port\u00e9 plainte contre des animateurs. Ce sont, \u00e0 chaque fois, deux \u00e0 trois animateurs par \u00e9cole qui sont accus\u00e9s. J&rsquo;ai continu\u00e9 \u00e0 interpeller la ville sur le sujet. Avec ma coll\u00e8gue Nelly Garnier, conseill\u00e8re de Paris du XIe arrondissement, nous avons utilis\u00e9 tous les moyens d\u2019action qui sont en notre possession (v\u0153ux, question orale, courriers, vid\u00e9os, tribune dans la presse). \u00c0 chaque fois, le m\u00eame mutisme, le m\u00eame d\u00e9ni, la m\u00eame inaction.<\/p>\n<p>Le 27 novembre dernier, nous avons \u00e0 nouveau \u00e9crit \u00e0 Patrick Bloche pour que la ville agisse, en lui rappelant la dizaine d\u2019alertes que nous avons faites.<\/p>\n<p>\u00a0<\/p>\n<p><strong>S. d. V. Selon <a href=\"https:\/\/x.com\/InesDeRaguenel\/status\/1994367147485876559?s=20\" target=\"_blank\" rel=\"noopener\">C\u00e9cile Ollivier, grand reporter pour<\/a> Elle qui, r\u00e9cemment, s&rsquo;exprimait sur un plateau de t\u00e9l\u00e9vision, le ph\u00e9nom\u00e8ne n&rsquo;est pas nouveau puisque, d\u00e8s juin 2015, un rapport de l\u2019inspection g\u00e9n\u00e9rale de la mairie pointait d\u00e9j\u00e0 la \u00ab gestion empirique \u00bb de cas d\u2019agressions sexuelles dans les \u00e9coles parisiennes. Comment expliquer cette imp\u00e9ritie des autorit\u00e9s pendant dix ans ?<\/strong><\/p>\n<p><strong>I. d. R.<\/strong> En effet, les dysfonctionnements sur les temps p\u00e9riscolaire ont d\u00e9but\u00e9 d\u00e8s la mise en place de la r\u00e9forme des rythmes scolaires sous Fran\u00e7ois Hollande, en 2013. \u00c0 l\u2019\u00e9poque, ce chamboulement, le passage de 4 jours d\u2019\u00e9cole par semaine \u00e0 4 jours et demi, s\u2019est fait dans la pr\u00e9cipitation. Pour arr\u00eater l&rsquo;\u00e9cole le mardi et le vendredi \u00e0 15 h, et instaurer des temps p\u00e9riscolaires jusqu\u2019\u00e0 16 h 30, il a fallu recruter en urgence beaucoup d&rsquo;animateurs. Fatalement, un grand nombre \u00e9taient et sont encore sans qualification et sans dipl\u00f4me. \u00c0 ce jour, il n\u2019existe toujours pas de crit\u00e8re de s\u00e9lection pour devenir animateur \u00e0 Paris, hormis un casier judiciaire vierge (qui n\u2019est d\u2019ailleurs pas toujours v\u00e9rifi\u00e9). Les animateurs ont parfois \u00e9t\u00e9 recrut\u00e9s du jour au lendemain au sein de populations pr\u00e9caires. Les directeurs du p\u00e9riscolaire t\u00e9moignent souvent de leur d\u00e9sarroi : les services de la ville leur envoient, pour compl\u00e9ter leur \u00e9quipe d\u2019animateurs, des individus qui ressemblent \u00e0 des \u00ab marginaux \u00bb (selon leurs mots) \u00e0 qui personne ne voudrait confier ses propres enfants. Tout cela sans que les parents ne soient \u00e9videmment inform\u00e9s.<\/p>\n<p>\u00a0<\/p>\n<p><strong>S. d. V. Pourtant, \u00e0 la mi-novembre, la mairie de Paris a mis en place \u00ab un plan d\u2019action pour faire face \u00e0 ces violences \u00bb : vous n&rsquo;\u00eates pas satisfaite ?<\/strong><\/p>\n<p><strong>I. d. R.<\/strong> La majorit\u00e9 municipale a r\u00e9agi, face \u00e0 la mont\u00e9e m\u00e9diatique de ces affaires et au travail formidable des parents qui sont d\u00e9termin\u00e9s \u00e0 faire conna\u00eetre la v\u00e9rit\u00e9. Mais les propositions de la ville sont totalement hors-sol, Mme Hidalgo a tent\u00e9 un coup de communication qui ne trompe personne, et surtout pas les parents d\u2019enfants victimes. Ils sont les premiers atterr\u00e9s par la l\u00e9g\u00e8ret\u00e9 de leur contenu. D\u2019ailleurs, certaines de leurs propositions sont identiques aux pr\u00e9conisations du rapport de 2015 &#8211; ce qui prouve bien qu&rsquo;ils n&rsquo;ont pas agi. Un D\u00e9fenseur des enfants va \u00eatre mis en place, la ville va donc nommer un haut fonctionnaire suppl\u00e9mentaire. \u00c0 quoi servira ce D\u00e9fenseur ? Comment pourrait-il \u00eatre ind\u00e9pendant, s\u2019il est nomm\u00e9 par la majorit\u00e9 municipale en place ? Quels seront ses moyens ? Nous ne savons rien. Tant que le sujet du recrutement ne sera pas trait\u00e9, rien ne se fera d&rsquo;efficace, puisque la saisine du haut fonctionnaire n&rsquo;aura lieu qu&rsquo;une fois que l&rsquo;enfant sera une victime. Par ailleurs, la ville propose de cr\u00e9er un poste d&rsquo;agent administratif suppl\u00e9mentaire dans toutes les CASPE parisiennes, c&rsquo;est d\u00e9lirant : ce sont les CASPE qui dysfonctionnent, nul besoin d&rsquo;avoir un \u00e9ni\u00e8me fonctionnaire ! Les familles ont besoin de personnes sur le terrain, qualifi\u00e9es et de qualit\u00e9, qui s&rsquo;occupent des enfants.<\/p>\n<p>Quant aux deux jours de formation pr\u00e9vus pour chaque animateur, c&rsquo;est une plaisanterie : qui peut imaginer qu\u2019un pr\u00e9dateur puisse changer d\u2019avis, apr\u00e8s deux jours de formation sur les violences sexuelles\u00a0?<\/p>\n<p>\u00a0<\/p>\n<p><strong>S. d. V. Que dites-vous aux parents des victimes qui prennent contact avec vous ?<\/strong><\/p>\n<p><strong>I. d. R.<\/strong> Je les \u00e9coute. Le maire de Paris et son premier adjoint ne les ont pas re\u00e7us et ne leur ont pas m\u00eame t\u00e9moign\u00e9 leur soutien. Les parents se disent tr\u00e8s seuls et abandonn\u00e9s. La ville les a laiss\u00e9s se constituer partie civile seule. Ils doivent trouver un avocat, avancer des frais de justice, trouver un psychologue&#8230; Gr\u00e2ce \u00e0 Rachida Dati, j\u2019ai emmen\u00e9 certains d\u2019entre eux au cabinet du ministre de la Justice, G\u00e9rald Darmanin, pour qu\u2019ils soient entendus par la conseill\u00e8re en charge des affaires p\u00e9nales et des victimes. Ils sont d\u00e9termin\u00e9s dans leur combat pour faire reconna\u00eetre ce que leur enfant a subi et pour que ces drames cessent. Ils sont d\u2019un courage qui force le respect. Avec Nelly Garnier et Rachida Dati, nous ne les l\u00e2cherons pas. Rachida Dati a pr\u00e9sent\u00e9, cette semaine, un plan d\u2019urgence pour les \u00e9coles du XIe et XIIe arrondissement. Plus aucun enfant ne peut se retrouver seul avec un adulte : mise en place de bin\u00f4mes d\u2019animateurs, pr\u00e9sence d\u2019un agent consacr\u00e9 \u00e0 l\u2019hygi\u00e8ne des enfants (les actes les plus d\u00e9licats dans ces situations). Nous demandons aussi un contr\u00f4le renforc\u00e9 des agents : casier judiciaire, contr\u00f4le au FIJAIS [Fichier judiciaire automatis\u00e9 des auteurs d&rsquo;infractions sexuelles ou violentes, NDLR], enqu\u00eate de personne et d\u2019environnement. Enfin, avec Rachida Dati, nous proposons une refonte globale du p\u00e9riscolaire parisien si elle devient maire de Paris, en mars 2026 : r\u00e9forme des rythmes scolaires en revenant \u00e0 la semaine de 4 jours, instauration d\u2019\u00e9tudes dirig\u00e9es le soir avec des enseignants volontaires et animateurs qualifi\u00e9s, un p\u00e9riscolaire, le mercredi, de qualit\u00e9 avec des animateurs dipl\u00f4m\u00e9s et une am\u00e9lioration du statut de ces agents pour le rendre plus attractif.<\/p>\n<p>Le temps p\u00e9riscolaire, dont la ville a la charge, doit redevenir un temps \u00e9ducatif s\u00fbr et de qualit\u00e9. Les Parisiens confient leurs enfants, ce qu\u2019ils ont de plus cher !<\/p>\n<blockquote class=\"twitter-tweet\">\n<p dir=\"ltr\" lang=\"fr\">Nous continuerons \u00e0 demander une enqu\u00eate interne, nous continuerons \u00e0 d\u00e9fendre les familles meurtries.<br \/>Ces enfants n&rsquo;auraient jamais d\u00fb devenir des victimes en allant \u00e0 l\u2019\u00e9cole.<br \/>La Ville de Paris doit se remettre en cause. Elle le doit \u00e0 tous ces enfants agress\u00e9s sexuellement. <a href=\"https:\/\/t.co\/pjISKZtnFl\">https:\/\/t.co\/pjISKZtnFl<\/a><\/p>\n<p>\u2014 In\u00e8s de Raguenel (Carayon) (@InesDeRaguenel) <a href=\"https:\/\/twitter.com\/InesDeRaguenel\/status\/1993430637257408589?ref_src=twsrc%5Etfw\" target=\"_blank\" rel=\"noopener\">November 25, 2025<\/a><\/p>\n<\/blockquote>\n<p>                    <a href=\"#\" rel=\"nofollow\" onclick=\"window.print(); pfTrackEvent('Agressions sexuelles d\u2019enfants dans les \u00e9coles parisiennes : &lt;i&gt;\u00ab C\u2019est l\u2019omerta ! \u00bb&lt;\/i&gt;'); return false;\" title=\"Printer Friendly, PDF &amp; Email\"><br \/>\n                    <img decoding=\"async\" src=\"https:\/\/www.europesays.com\/fr\/wp-content\/uploads\/2025\/04\/printfriendly-icon-sm.png\" alt=\"Print Friendly, PDF &amp; Email\" class=\"pf-button-img\" style=\"width: 17px;height: 17px;\"\/>Imprimer, enregistrer en PDF cet article<br \/>\n                    <\/a><br \/>\n                <script async src=\"https:\/\/platform.twitter.com\/widgets.js\" charset=\"utf-8\"><\/script><\/p>\n","protected":false},"excerpt":{"rendered":"Les scandales d&rsquo;agressions sexuelles d&rsquo;enfants par des animateurs p\u00e9riscolaires dans les \u00e9coles maternelles parisiennes s&rsquo;amoncellent : en trois&hellip;\n","protected":false},"author":2,"featured_media":578713,"comment_status":"","ping_status":"","sticky":false,"template":"","format":"standard","meta":{"footnotes":""},"categories":[1888],"tags":[1111,1928,11,1927,1777,674,1011,27,12,1926,626,1925,25],"class_list":{"0":"post-578712","1":"post","2":"type-post","3":"status-publish","4":"format-standard","5":"has-post-thumbnail","7":"category-paris","8":"tag-actu","9":"tag-actu-paris","10":"tag-actualites","11":"tag-actualites-paris","12":"tag-eu","13":"tag-europe","14":"tag-fr","15":"tag-france","16":"tag-news","17":"tag-news-paris","18":"tag-paris","19":"tag-paris-news","20":"tag-republique-francaise"},"share_on_mastodon":{"url":"https:\/\/pubeurope.com\/@fr\/115664180935180726","error":""},"_links":{"self":[{"href":"https:\/\/www.europesays.com\/fr\/wp-json\/wp\/v2\/posts\/578712","targetHints":{"allow":["GET"]}}],"collection":[{"href":"https:\/\/www.europesays.com\/fr\/wp-json\/wp\/v2\/posts"}],"about":[{"href":"https:\/\/www.europesays.com\/fr\/wp-json\/wp\/v2\/types\/post"}],"author":[{"embeddable":true,"href":"https:\/\/www.europesays.com\/fr\/wp-json\/wp\/v2\/users\/2"}],"replies":[{"embeddable":true,"href":"https:\/\/www.europesays.com\/fr\/wp-json\/wp\/v2\/comments?post=578712"}],"version-history":[{"count":0,"href":"https:\/\/www.europesays.com\/fr\/wp-json\/wp\/v2\/posts\/578712\/revisions"}],"wp:featuredmedia":[{"embeddable":true,"href":"https:\/\/www.europesays.com\/fr\/wp-json\/wp\/v2\/media\/578713"}],"wp:attachment":[{"href":"https:\/\/www.europesays.com\/fr\/wp-json\/wp\/v2\/media?parent=578712"}],"wp:term":[{"taxonomy":"category","embeddable":true,"href":"https:\/\/www.europesays.com\/fr\/wp-json\/wp\/v2\/categories?post=578712"},{"taxonomy":"post_tag","embeddable":true,"href":"https:\/\/www.europesays.com\/fr\/wp-json\/wp\/v2\/tags?post=578712"}],"curies":[{"name":"wp","href":"https:\/\/api.w.org\/{rel}","templated":true}]}}