{"id":578718,"date":"2025-12-05T00:43:17","date_gmt":"2025-12-05T00:43:17","guid":{"rendered":"https:\/\/www.europesays.com\/fr\/578718\/"},"modified":"2025-12-05T00:43:17","modified_gmt":"2025-12-05T00:43:17","slug":"guerre-en-ukraine-derriere-le-plan-de-paix-de-donald-trump-le-triomphe-du-business","status":"publish","type":"post","link":"https:\/\/www.europesays.com\/fr\/578718\/","title":{"rendered":"Guerre en Ukraine\u00a0: derri\u00e8re le \u00ab\u00a0plan de paix\u00a0\u00bb de Donald Trump, le triomphe du business"},"content":{"rendered":"<p>Apr\u00e8s Kiev, Gen\u00e8ve, Miami et Moscou, les n\u00e9gociations de paix sur l\u2019Ukraine se tiennent ce jeudi \u00e0 nouveau en Floride. Les d\u00e9l\u00e9gations restent les m\u00eames avec, pour l\u2019administration \u00e9tats-unienne, <a href=\"https:\/\/www.humanite.fr\/monde\/administration-trump\/il-dira-que-monsieur-trump-est-un-homme-de-paix-la-fuite-dun-appel-entre-steve-witkoff-et-iouri-ouchakov-leve-le-voile-sur-lorigine-du-plan-de-cessez-l\" data-type=\"post\" data-id=\"3327428\" target=\"_blank\" rel=\"noopener\">l\u2019envoy\u00e9 sp\u00e9cial Steve Witkoff<\/a> et le gendre de Trump, <a href=\"https:\/\/www.humanite.fr\/monde\/administration-trump\/la-diplomatie-selon-donald-trump-cest-le-business-a-tout-prix\" data-type=\"post\" data-id=\"3341552\" target=\"_blank\" rel=\"noopener\">Jared Kushner<\/a>, et l\u2019\u00e9quipe ukrainienne, emmen\u00e9e par le secr\u00e9taire du Conseil de d\u00e9fense et de s\u00e9curit\u00e9 nationale, Roustem Oumierov. Avant son d\u00e9part pour les \u00c9tats-Unis, ce dernier a tenu une r\u00e9union \u00e0 Bruxelles, mercredi, avec divers responsables europ\u00e9ens pour discuter du soutien militaire et financier.<\/p>\n<p>Selon le FMI, l\u2019Ukraine devrait face \u00e0 un manque de financement de pr\u00e8s de 63\u00a0milliards de dollars pour l\u2019ann\u00e9e fiscale 2026-2027. Pour la p\u00e9riode 2026-2029, le montant s\u2019\u00e9l\u00e8verait \u00e0 136,5\u00a0milliards de dollars. Pour la Commission europ\u00e9enne, Kiev aurait besoin de 70\u00a0milliards d\u2019euros pour 2026 et 64\u00a0milliards d\u2019euros pour 2027 afin d\u2019\u00e9viter la&#8230;<\/p>\n","protected":false},"excerpt":{"rendered":"Apr\u00e8s Kiev, Gen\u00e8ve, Miami et Moscou, les n\u00e9gociations de paix sur l\u2019Ukraine se tiennent ce jeudi \u00e0 nouveau&hellip;\n","protected":false},"author":2,"featured_media":578719,"comment_status":"","ping_status":"","sticky":false,"template":"","format":"standard","meta":{"footnotes":""},"categories":[1591],"tags":[11,1887,12,1885,1886,132],"class_list":{"0":"post-578718","1":"post","2":"type-post","3":"status-publish","4":"format-standard","5":"has-post-thumbnail","7":"category-russie","8":"tag-actualites","9":"tag-federation-de-russie","10":"tag-news","11":"tag-russia","12":"tag-russian-federation","13":"tag-russie"},"share_on_mastodon":{"url":"https:\/\/pubeurope.com\/@fr\/115664192003653245","error":""},"_links":{"self":[{"href":"https:\/\/www.europesays.com\/fr\/wp-json\/wp\/v2\/posts\/578718","targetHints":{"allow":["GET"]}}],"collection":[{"href":"https:\/\/www.europesays.com\/fr\/wp-json\/wp\/v2\/posts"}],"about":[{"href":"https:\/\/www.europesays.com\/fr\/wp-json\/wp\/v2\/types\/post"}],"author":[{"embeddable":true,"href":"https:\/\/www.europesays.com\/fr\/wp-json\/wp\/v2\/users\/2"}],"replies":[{"embeddable":true,"href":"https:\/\/www.europesays.com\/fr\/wp-json\/wp\/v2\/comments?post=578718"}],"version-history":[{"count":0,"href":"https:\/\/www.europesays.com\/fr\/wp-json\/wp\/v2\/posts\/578718\/revisions"}],"wp:featuredmedia":[{"embeddable":true,"href":"https:\/\/www.europesays.com\/fr\/wp-json\/wp\/v2\/media\/578719"}],"wp:attachment":[{"href":"https:\/\/www.europesays.com\/fr\/wp-json\/wp\/v2\/media?parent=578718"}],"wp:term":[{"taxonomy":"category","embeddable":true,"href":"https:\/\/www.europesays.com\/fr\/wp-json\/wp\/v2\/categories?post=578718"},{"taxonomy":"post_tag","embeddable":true,"href":"https:\/\/www.europesays.com\/fr\/wp-json\/wp\/v2\/tags?post=578718"}],"curies":[{"name":"wp","href":"https:\/\/api.w.org\/{rel}","templated":true}]}}