{"id":578726,"date":"2025-12-05T00:47:15","date_gmt":"2025-12-05T00:47:15","guid":{"rendered":"https:\/\/www.europesays.com\/fr\/578726\/"},"modified":"2025-12-05T00:47:15","modified_gmt":"2025-12-05T00:47:15","slug":"lallemagne-premiere-a-valider-son-ticket-pour-les-quarts-du-mondial","status":"publish","type":"post","link":"https:\/\/www.europesays.com\/fr\/578726\/","title":{"rendered":"l&rsquo;Allemagne premi\u00e8re \u00e0 valider son ticket pour les quarts du Mondial"},"content":{"rendered":"<p>\n    Avec sa victoire contre le Mont\u00e9n\u00e9gro ce jeudi, l\u2019Allemagne est la premi\u00e8re nation qualifi\u00e9e pour les quarts du Mondial.<\/p>\n<p class=\"fig-paragraph\">Premi\u00e8res\u00a0! L&rsquo;Allemagne est le premier pays \u00e0 valider sa qualification pour les quarts de finale du\u00a0<a href=\"http:\/\/www.lefigaro.fr\/sports\/handball\/hand-f-les-bleues-ne-font-qu-une-bouchee-du-japon-avant-le-mondial-20251123\" target=\"_blank\" data-fig-type=\"NewsFlash\" rel=\"noopener\" data-gtm-custom-categorie=\"navigation\" data-gtm-custom-action=\"crossclick\" data-gtm-custom-label=\"Contextuel\" data-gtm-event=\"customEventSPE\" data-fig-domain=\"LEFIGARO\">Mondial f\u00e9minin de handball\u00a0<\/a>apr\u00e8s sa d\u00e9monstration contre le Mont\u00e9n\u00e9gro (36-18), jeudi devant son public \u00e0 Dortmund.<\/p>\n<p class=\"fig-paragraph\">Les Allemandes, assur\u00e9es m\u00eame de terminer en t\u00eate du groupe II (8 pts), n&rsquo;ont pas laiss\u00e9 le suspense s&rsquo;installer, d\u00e9marrant par un 9-0 (quinze minutes sans encaisser de but) dans le sillage de leur gardienne Katarina Filter (11 arr\u00eats sur 23), qui a pu regagner le banc avant m\u00eame la mi-temps (16-6) le sentiment du devoir accompli. Fin de match sous extr\u00eame tension et extraordinaire, en revanche, juste avant entre la Serbie et les \u00celes F\u00e9ro\u00e9 (31-31).<\/p>\n<p>                                            <a class=\"fig-a11y-skip\" href=\"#fig-a11y-skip-main-inarticle\" data-module=\"a11y-skip\" data-context=\"was @visible\"><br \/>\n    Passer la publicit\u00e9<br \/>\n<\/a>            <\/p>\n<p class=\"fig-paragraph\">Les Serbes menaient ainsi d&rsquo;un but \u00e0 12 secondes de la fin et avec une balle de match dans les mains de Jovana Jovovic, qui n&rsquo;avait plus qu&rsquo;\u00e0 ajuster la gardienne adverse. Mais elle a tergivers\u00e9, \u00e9t\u00e9 sanctionn\u00e9e d&rsquo;un marcher avant de g\u00eaner la relance: r\u00e9sultat, carton rouge et p\u00e9nalty pour les \u00celes F\u00e9ro\u00e9, transform\u00e9 par Jana Mittun, soeur a\u00een\u00e9e d&rsquo;Oli Mittun, l&rsquo;un des plus grands espoirs du handball mondial. Cette \u00e9galisation n&#8217;emp\u00eache cependant pas l&rsquo;\u00e9limination des \u00celes F\u00e9ro\u00e9 (3 pts), qui disputent leur premier Mondial.<\/p>\n<p class=\"fig-paragraph\">La Serbie (5 pts) a, elle, toujours son destin entre main: un nul lui suffit contre son voisin le Mont\u00e9n\u00e9gro (4 pts), qui doit de son c\u00f4t\u00e9 l&#8217;emporter et esp\u00e9rer que l&rsquo;Espagne (4 pts aussi apr\u00e8s sa victoire contre l&rsquo;Islande) ne batte pas l&rsquo;Allemagne. Les Espagnoles doivent, elles, gagner et miser sur une victoire du Mont\u00e9n\u00e9gro, qu&rsquo;elles devanceraient \u00e0 la diff\u00e9rence particuli\u00e8re (elles seraient en revanche derri\u00e8re la Serbie en cas d&rsquo;\u00e9galit\u00e9).<\/p>\n<p class=\"fig-paragraph\">Dans le groupe III \u00e0 Rotterdam, les Pays-Bas et la France (6 pts chacun), tenante du titre, se sont rapproch\u00e9s de la qualification apr\u00e8s leur succ\u00e8s contre la Tunisie (39-21) et l&rsquo;Autriche (29-17).<\/p>\n","protected":false},"excerpt":{"rendered":"Avec sa victoire contre le Mont\u00e9n\u00e9gro ce jeudi, l\u2019Allemagne est la premi\u00e8re nation qualifi\u00e9e pour les quarts du&hellip;\n","protected":false},"author":2,"featured_media":578727,"comment_status":"","ping_status":"","sticky":false,"template":"","format":"standard","meta":{"footnotes":""},"categories":[1587],"tags":[11,672,1804,1805,1803,1777,674,1801,20620,12,1802],"class_list":{"0":"post-578726","1":"post","2":"type-post","3":"status-publish","4":"format-standard","5":"has-post-thumbnail","7":"category-allemagne","8":"tag-actualites","9":"tag-allemagne","10":"tag-bundesrepublik-deutschland","11":"tag-de","12":"tag-deutschland","13":"tag-eu","14":"tag-europe","15":"tag-germany","16":"tag-handball-feminin","17":"tag-news","18":"tag-republique-federale-dallemagne"},"share_on_mastodon":{"url":"https:\/\/pubeurope.com\/@fr\/115664207483898195","error":""},"_links":{"self":[{"href":"https:\/\/www.europesays.com\/fr\/wp-json\/wp\/v2\/posts\/578726","targetHints":{"allow":["GET"]}}],"collection":[{"href":"https:\/\/www.europesays.com\/fr\/wp-json\/wp\/v2\/posts"}],"about":[{"href":"https:\/\/www.europesays.com\/fr\/wp-json\/wp\/v2\/types\/post"}],"author":[{"embeddable":true,"href":"https:\/\/www.europesays.com\/fr\/wp-json\/wp\/v2\/users\/2"}],"replies":[{"embeddable":true,"href":"https:\/\/www.europesays.com\/fr\/wp-json\/wp\/v2\/comments?post=578726"}],"version-history":[{"count":0,"href":"https:\/\/www.europesays.com\/fr\/wp-json\/wp\/v2\/posts\/578726\/revisions"}],"wp:featuredmedia":[{"embeddable":true,"href":"https:\/\/www.europesays.com\/fr\/wp-json\/wp\/v2\/media\/578727"}],"wp:attachment":[{"href":"https:\/\/www.europesays.com\/fr\/wp-json\/wp\/v2\/media?parent=578726"}],"wp:term":[{"taxonomy":"category","embeddable":true,"href":"https:\/\/www.europesays.com\/fr\/wp-json\/wp\/v2\/categories?post=578726"},{"taxonomy":"post_tag","embeddable":true,"href":"https:\/\/www.europesays.com\/fr\/wp-json\/wp\/v2\/tags?post=578726"}],"curies":[{"name":"wp","href":"https:\/\/api.w.org\/{rel}","templated":true}]}}