{"id":578728,"date":"2025-12-05T00:48:17","date_gmt":"2025-12-05T00:48:17","guid":{"rendered":"https:\/\/www.europesays.com\/fr\/578728\/"},"modified":"2025-12-05T00:48:17","modified_gmt":"2025-12-05T00:48:17","slug":"academie-diplomatique-europeenne-il-faut-savoir-raison-garder","status":"publish","type":"post","link":"https:\/\/www.europesays.com\/fr\/578728\/","title":{"rendered":"Acad\u00e9mie diplomatique europ\u00e9enne : il faut savoir raison garder"},"content":{"rendered":"<p>Un nouveau scandale secoue l\u2019Union Europ\u00e9enne : Federica Mogherini, la directrice du Coll\u00e8ge d\u2019Europe \u00e0 Bruges, l\u2019ENA europ\u00e9enne, et ancienne Haute Repr\u00e9sentante de l\u2019Union pour les affaires ext\u00e9rieures et la politique de s\u00e9curit\u00e9 et Stefano Sannino, qui \u00e9tait \u00e0 la t\u00eate de la Direction G\u00e9n\u00e9rale de la Commission en charge de la M\u00e9diterran\u00e9e et l\u2019ancien secr\u00e9taire g\u00e9n\u00e9ral du Service Europ\u00e9en d\u2019Action Ext\u00e9rieure (SEAE), ont \u00e9t\u00e9 arr\u00eat\u00e9s et inculp\u00e9s de corruption et de favoritisme par le procureur europ\u00e9en avec un large d\u00e9ploiement policier.<\/p>\n<p>Cela a suscit\u00e9 une forte \u00e9motion. Le rapprochement a \u00e9t\u00e9 imm\u00e9diatement fait avec le Qatargate et les ennemis de l\u2019Union Europ\u00e9enne, et en premier lieu les sbires de Vladimir Poutine, se sont saisi de l\u2019affaire pour d\u00e9crire l\u2019UE comme totalement min\u00e9e par la corruption. Pourtant tout semble indiquer que cette affaire ne m\u00e9rite pas les superlatifs souvent utilis\u00e9s ces derniers jours (ni les m\u00e9thodes employ\u00e9es pour la traiter).<\/p>\n<p style=\"padding-left: 40px;\"><strong>La formation des diplomates europ\u00e9ens, une urgente n\u00e9cessit\u00e9<\/strong><\/p>\n<p>Le Trait\u00e9 de Lisbonne a cr\u00e9\u00e9 un Service Europ\u00e9en d\u2019Action Ext\u00e9rieure (SEAE) qui a d\u00e9marr\u00e9 ses activit\u00e9s en 2010. Il anime en particulier un r\u00e9seau de 139 ambassades de l\u2019Union Europ\u00e9enne dans le monde. Le SEAE s\u2019appuie pour la moiti\u00e9 de ses effectifs sur des diplomates d\u00e9tach\u00e9s par les Etats membres de l\u2019Union. Mais jusqu\u2019en 2022, il n\u2019existait pas de formation commune proprement europ\u00e9enne, capable de donner au corps diplomatique de l\u2019Union une culture, une vision communes des enjeux g\u00e9opolitiques auxquels l\u2019Europe avait \u00e0 faire. C\u2019est la raison pour laquelle le projet de cr\u00e9er une acad\u00e9mie diplomatique europ\u00e9enne \u00e9tait devenu l\u2019un des projets phares de Stefano Sannino durant son mandat \u00e0 la t\u00eate du SEAE entre 2020 et 2025.<\/p>\n<p>Il s\u2019\u00e9tait heurt\u00e9 cependant \u00e0 une difficult\u00e9 : une tr\u00e8s faible marge de man\u0153uvre budg\u00e9taire dans un contexte o\u00f9 le budget des affaires \u00e9trang\u00e8res avait \u00e9t\u00e9 un de ceux qui avaient \u00e9t\u00e9 le plus maltrait\u00e9s lors des n\u00e9gociations de 2020 avec les coupes op\u00e9r\u00e9es en contrepartie des 750 Milliards d\u2019euros d\u2019emprunt du programme Next Generation EU, alors que les ambassades europ\u00e9ennes avaient d\u00fb faire face durant les ann\u00e9es suivantes \u00e0 une inflation le plus souvent significativement sup\u00e9rieure \u00e0 celle que subissaient les Europ\u00e9ens dans la plupart des pays.<\/p>\n<p style=\"padding-left: 40px;\"><strong>Ni enrichissement personnel ni d\u00e9tournement de fonds<\/strong><\/p>\n<p>C\u2019est pourquoi s\u2019il y a une chose dont je suis quasiment s\u00fbr, bien que n\u2019ayant pas acc\u00e8s au dossier, c\u2019est qu\u2019il n\u2019y est selon toute probabilit\u00e9 aucunement question d\u2019enrichissement personnel. Il est possible en revanche qu\u2019il y ait eu des discussions exploratoires et informelles avec le Coll\u00e8ge d\u2019Europe avant le lancement officiel de l\u2019appel d\u2019offre pour appr\u00e9cier ce qu\u2019il \u00e9tait possible de faire dans le cadre d\u2019un budget tr\u00e8s restreint, ce qui aurait pu lui permettre de mieux pr\u00e9parer sa proposition. S\u2019il y a eu manquement aux r\u00e8gles europ\u00e9ennes en mati\u00e8re d\u2019appel d\u2019offres, il n\u2019est probablement que de cet ordre. Un tel acte de mauvaise administration m\u00e9rite \u00e9videmment d\u2019\u00eatre sanctionn\u00e9 s\u2019il est confirm\u00e9 mais ne justifie pas les superlatifs utilis\u00e9s ces derniers jours au sujet de cette affaire.<\/p>\n<p>Autrement dit, cette affaire n\u2019a a priori strictement rien \u00e0 voir avec le Qatargate ou avec d\u2019autres d\u00e9tournements massifs de fonds europ\u00e9ens comme ceux qu\u2019on a pu observer en Hongrie en termes de gravit\u00e9 des dysfonctionnements en cause. De ce qu\u2019on sait de ce dossier, il semble que le procureur europ\u00e9en et la police belge ont caus\u00e9 un tort inutile \u00e0 l\u2019Union en utilisant des moyens disproportionn\u00e9s. Ils ont donn\u00e9, sans raison imp\u00e9rative claire, des munitions inesp\u00e9r\u00e9es \u00e0 ses ennemis, au premier rang desquels Vladimir Poutine et Viktor Orban. Dans le contexte g\u00e9opolitique actuel, il est essentiel que tous les acteurs europ\u00e9ens sachent raison garder\u2026<\/p>\n","protected":false},"excerpt":{"rendered":"Un nouveau scandale secoue l\u2019Union Europ\u00e9enne : Federica Mogherini, la directrice du Coll\u00e8ge d\u2019Europe \u00e0 Bruges, l\u2019ENA europ\u00e9enne,&hellip;\n","protected":false},"author":2,"featured_media":578729,"comment_status":"","ping_status":"","sticky":false,"template":"","format":"standard","meta":{"footnotes":""},"categories":[1586],"tags":[11,69209,1777,674,68868,1011,27,12,69284,25,69285],"class_list":{"0":"post-578728","1":"post","2":"type-post","3":"status-publish","4":"format-standard","5":"has-post-thumbnail","7":"category-europe","8":"tag-actualites","9":"tag-college-deurope","10":"tag-eu","11":"tag-europe","12":"tag-federica-mogherini","13":"tag-fr","14":"tag-france","15":"tag-news","16":"tag-qatargate","17":"tag-republique-francaise","18":"tag-stefano-sannino"},"share_on_mastodon":{"url":"https:\/\/pubeurope.com\/@fr\/115664211520926725","error":""},"_links":{"self":[{"href":"https:\/\/www.europesays.com\/fr\/wp-json\/wp\/v2\/posts\/578728","targetHints":{"allow":["GET"]}}],"collection":[{"href":"https:\/\/www.europesays.com\/fr\/wp-json\/wp\/v2\/posts"}],"about":[{"href":"https:\/\/www.europesays.com\/fr\/wp-json\/wp\/v2\/types\/post"}],"author":[{"embeddable":true,"href":"https:\/\/www.europesays.com\/fr\/wp-json\/wp\/v2\/users\/2"}],"replies":[{"embeddable":true,"href":"https:\/\/www.europesays.com\/fr\/wp-json\/wp\/v2\/comments?post=578728"}],"version-history":[{"count":0,"href":"https:\/\/www.europesays.com\/fr\/wp-json\/wp\/v2\/posts\/578728\/revisions"}],"wp:featuredmedia":[{"embeddable":true,"href":"https:\/\/www.europesays.com\/fr\/wp-json\/wp\/v2\/media\/578729"}],"wp:attachment":[{"href":"https:\/\/www.europesays.com\/fr\/wp-json\/wp\/v2\/media?parent=578728"}],"wp:term":[{"taxonomy":"category","embeddable":true,"href":"https:\/\/www.europesays.com\/fr\/wp-json\/wp\/v2\/categories?post=578728"},{"taxonomy":"post_tag","embeddable":true,"href":"https:\/\/www.europesays.com\/fr\/wp-json\/wp\/v2\/tags?post=578728"}],"curies":[{"name":"wp","href":"https:\/\/api.w.org\/{rel}","templated":true}]}}