{"id":57873,"date":"2025-04-27T22:57:09","date_gmt":"2025-04-27T22:57:09","guid":{"rendered":"https:\/\/www.europesays.com\/fr\/57873\/"},"modified":"2025-04-27T22:57:09","modified_gmt":"2025-04-27T22:57:09","slug":"apres-nantes-lexposition-paquebots-prend-ses-quartiers-au-havre","status":"publish","type":"post","link":"https:\/\/www.europesays.com\/fr\/57873\/","title":{"rendered":"Apr\u00e8s Nantes, l\u2019exposition \u00ab\u00a0Paquebots \u00bb prend ses quartiers au Havre"},"content":{"rendered":"<p>\n      L\u2019esth\u00e9tique des paquebots transatlantiques a inspir\u00e9 nombre de peintres, photographes, architectes, cin\u00e9astes, affichistes, designers\u2026 Apr\u00e8s le mus\u00e9e d\u2019arts de Nantes, leurs \u0153uvres sont expos\u00e9es au MuMa du Havre, \u00e0 partir du 26 avril. &#13;<br \/>\n&#13;<\/p>\n<p>Dans ce deuxi\u00e8me volet de l\u2019exposition, <a href=\"https:\/\/www.meretmarine.com\/fr\/histoire-navale\/nantes-coup-de-projecteur-sur-l-esthetique-des-paquebots-transatlantiques\" target=\"_blank\" rel=\"noopener\">coproduite avec le mus\u00e9e d&rsquo;arts de Nantes<\/a> et mont\u00e9e au Havre en partenariat avec French Lines et Compagnies, 180 peintures, photographies, affiches, films, textes litt\u00e9raires, objets publicitaires et objets d\u2019art r\u00e9alis\u00e9s entre 1913 et 1942 seront pr\u00e9sent\u00e9s jusqu\u2019au 21 septembre prochain.<\/p>\n<p>\u00a0<\/p>\n<p>\u00a0<\/p>\n<p>Dans une sc\u00e9nographie immersive, avec les navires croisant sur la Manche en toile de fond, l\u2019exposition proposera notamment des archives in\u00e9dites de Vladimir Yourkevitch, l\u2019un des ing\u00e9nieurs du Normandie, mis en service en 1935 sur la ligne Le Havre-New York, et dont la silhouette hydrodynamique, effil\u00e9e et harmonieuse a inspir\u00e9 nombre de peintres, photographes et graphistes.<\/p>\n<p>\u00a0<\/p>\n<p>\u00a0<\/p>\n<p><strong>\u00a9 Un article de la r\u00e9daction de Mer et Marine. Reproduction interdite sans consentement du ou des auteurs.<\/strong><\/p>\n","protected":false},"excerpt":{"rendered":"L\u2019esth\u00e9tique des paquebots transatlantiques a inspir\u00e9 nombre de peintres, photographes, architectes, cin\u00e9astes, affichistes, designers\u2026 Apr\u00e8s le mus\u00e9e d\u2019arts&hellip;\n","protected":false},"author":2,"featured_media":57874,"comment_status":"","ping_status":"","sticky":false,"template":"","format":"standard","meta":{"footnotes":""},"categories":[2818],"tags":[1111,11,6130,6141,6131,6138,2380,6135,554,1777,6136,674,1011,27,6139,6134,3135,6128,567,6129,6127,766,12,6132,2636,4838,6133,25,6140,6137],"class_list":{"0":"post-57873","1":"post","2":"type-post","3":"status-publish","4":"format-standard","5":"has-post-thumbnail","7":"category-nantes","8":"tag-actu","9":"tag-actualites","10":"tag-chantiers","11":"tag-commando","12":"tag-construction-navale","13":"tag-costa","14":"tag-croisiere","15":"tag-dcns","16":"tag-defense","17":"tag-eu","18":"tag-euronaval","19":"tag-europe","20":"tag-fr","21":"tag-france","22":"tag-fremm","23":"tag-interviews","24":"tag-littoral","25":"tag-marine","26":"tag-marine-nationale","27":"tag-maritime","28":"tag-mer","29":"tag-nantes","30":"tag-news","31":"tag-offshore","32":"tag-pays-de-la-loire","33":"tag-peche","34":"tag-reportages","35":"tag-republique-francaise","36":"tag-sncm","37":"tag-stx"},"share_on_mastodon":{"url":"https:\/\/pubeurope.com\/@fr\/114412404310807252","error":""},"_links":{"self":[{"href":"https:\/\/www.europesays.com\/fr\/wp-json\/wp\/v2\/posts\/57873","targetHints":{"allow":["GET"]}}],"collection":[{"href":"https:\/\/www.europesays.com\/fr\/wp-json\/wp\/v2\/posts"}],"about":[{"href":"https:\/\/www.europesays.com\/fr\/wp-json\/wp\/v2\/types\/post"}],"author":[{"embeddable":true,"href":"https:\/\/www.europesays.com\/fr\/wp-json\/wp\/v2\/users\/2"}],"replies":[{"embeddable":true,"href":"https:\/\/www.europesays.com\/fr\/wp-json\/wp\/v2\/comments?post=57873"}],"version-history":[{"count":0,"href":"https:\/\/www.europesays.com\/fr\/wp-json\/wp\/v2\/posts\/57873\/revisions"}],"wp:featuredmedia":[{"embeddable":true,"href":"https:\/\/www.europesays.com\/fr\/wp-json\/wp\/v2\/media\/57874"}],"wp:attachment":[{"href":"https:\/\/www.europesays.com\/fr\/wp-json\/wp\/v2\/media?parent=57873"}],"wp:term":[{"taxonomy":"category","embeddable":true,"href":"https:\/\/www.europesays.com\/fr\/wp-json\/wp\/v2\/categories?post=57873"},{"taxonomy":"post_tag","embeddable":true,"href":"https:\/\/www.europesays.com\/fr\/wp-json\/wp\/v2\/tags?post=57873"}],"curies":[{"name":"wp","href":"https:\/\/api.w.org\/{rel}","templated":true}]}}