{"id":578730,"date":"2025-12-05T00:49:14","date_gmt":"2025-12-05T00:49:14","guid":{"rendered":"https:\/\/www.europesays.com\/fr\/578730\/"},"modified":"2025-12-05T00:49:14","modified_gmt":"2025-12-05T00:49:14","slug":"avoirs-russes-de-wever-rejette-la-proposition-actuelle-de-lue-et-refuse-tout-risque-irresponsable-pour-la-belgique","status":"publish","type":"post","link":"https:\/\/www.europesays.com\/fr\/578730\/","title":{"rendered":"Avoirs russes :De Wever rejette la proposition actuelle de l&rsquo;UE et refuse tout \u00ab risque irresponsable \u00bb pour la Belgique"},"content":{"rendered":"<p>AA \/ Istanbul \/ Mariem Njeh<\/p>\n<p>Le Premier ministre belge Bart De Wever a rejet\u00e9, jeudi, devant le Parlement, la proposition actuelle de la Commission europ\u00e9enne concernant l&rsquo;utilisation des avoirs russes gel\u00e9s via Euroclear. Jugeant que le plan ne remplit pas les \u00ab conditions minimales \u00bb de s\u00e9curit\u00e9 pour la Belgique, il a pr\u00e9venu que son gouvernement ne porterait pas seul des \u00ab risques irresponsables \u00bb susceptibles de d\u00e9stabiliser le syst\u00e8me financier mondial.<\/p>\n<p>Des conditions \u00ab raisonnables mais strictes \u00bb<\/p>\n<p>Face aux pressions internationales et aux \u00ab fausses insinuations \u00bb circulant sur la position belge, Bart De Wever a affirm\u00e9 que l&rsquo;utilisation des fonds immobilis\u00e9s chez Euroclear (dont le si\u00e8ge est \u00e0 Bruxelles) ne pourrait se faire que si trois conditions pr\u00e9alables sont totalement remplies.<\/p>\n<p>&#8211; La mutualisation totale des risques<\/p>\n<p>\u00ab La Belgique ne peut pas et n&rsquo;acceptera jamais d&rsquo;assumer seule les risques d&rsquo;une telle op\u00e9ration \u00bb, a d\u00e9clar\u00e9 le Premier ministre. Il a mis en garde contre un risque financier \u00ab total \u00bb, soulignant que d&rsquo;\u00e9ventuelles indemnit\u00e9s pour expropriation ill\u00e9gale pourraient d\u00e9passer la valeur des actifs eux-m\u00eames. Pour Bruxelles, les garanties europ\u00e9ennes doivent couvrir \u00ab toutes les obligations financi\u00e8res potentielles d\u00e8s le premier jour \u00bb.<\/p>\n<p>&#8211; La protection des liquidit\u00e9s face aux repr\u00e9sailles<\/p>\n<p>Bart De Wever anticipe des contre-mesures russes certaines. \u00ab Euroclear doit \u00eatre en mesure de fournir les ressources n\u00e9cessaires [&#8230;] imm\u00e9diatement \u00bb, a-t-il insist\u00e9. Il a \u00e9galement \u00e9voqu\u00e9 le sc\u00e9nario d&rsquo;un futur accord de paix o\u00f9 les fonds devraient \u00eatre restitu\u00e9s, soulignant que quiconque pense qu&rsquo;une \u00ab puissance nucl\u00e9aire sera militairement envahie \u00bb manque de \u00ab vision g\u00e9opolitique \u00bb. Il a rappel\u00e9 que la pr\u00e9sidente de la BCE, Christine Lagarde, refuse elle-m\u00eame de couvrir ce risque, et qu&rsquo;un probl\u00e8me de liquidit\u00e9 chez Euroclear aurait des \u00ab cons\u00e9quences gigantesques pour le march\u00e9 financier mondial \u00bb.<\/p>\n<p>&#8211; Un partage \u00e9quitable du fardeau<\/p>\n<p>La Belgique exige que tous les \u00c9tats membres d\u00e9tenant des actifs russes, ainsi que les partenaires de la coalition internationale (G7), contribuent \u00e0 l&rsquo;effort \u00ab proportionnellement et au prorata \u00bb.<\/p>\n<p>Un \u00ab Non \u00bb \u00e0 l&rsquo;\u00e9tat actuel<\/p>\n<p>Bien que la Commission europ\u00e9enne ait fait des pas dans la bonne direction, Bart De Wever a conclu que la proposition sur la table \u00ab ne r\u00e9pond toujours pas aux conditions minimales \u00bb. En cons\u00e9quence, \u00ab cette proposition ne peut compter sur l&rsquo;approbation de notre gouvernement \u00bb, a tranch\u00e9 le Premier ministre, refusant de mettre en p\u00e9ril la stabilit\u00e9 financi\u00e8re du pays et de l&rsquo;Europe.<\/p>\n<p>                            &#13;<br \/>\n                                <a href=\"https:\/\/www.aa.com.tr\/fr\/p\/abonnement\/1001\" target=\"_blank\" style=\"font-size:12px; color:#444; text-decoration:none;\" rel=\"noopener\">&#13;<br \/>\n                                    Seulement une partie des d\u00e9p\u00eaches, que l&rsquo;Agence Anadolu diffuse \u00e0 ses abonn\u00e9s via le Syst\u00e8me de Diffusion interne (HAS), est diffus\u00e9e sur le site de l&rsquo;AA, de mani\u00e8re r\u00e9sum\u00e9e. <b style=\"color:#1897F7\">Contactez-nous s&rsquo;il vous pla\u00eet pour vous abonner.<\/b>&#13;<br \/>\n                                <\/a>&#13;<\/p>\n","protected":false},"excerpt":{"rendered":"AA \/ Istanbul \/ Mariem Njeh Le Premier ministre belge Bart De Wever a rejet\u00e9, jeudi, devant le&hellip;\n","protected":false},"author":2,"featured_media":578731,"comment_status":"","ping_status":"","sticky":false,"template":"","format":"standard","meta":{"footnotes":""},"categories":[1586],"tags":[11,1785,69286,828,1777,674,1779,1011,27,12,25,1778,364],"class_list":{"0":"post-578730","1":"post","2":"type-post","3":"status-publish","4":"format-standard","5":"has-post-thumbnail","7":"category-europe","8":"tag-actualites","9":"tag-anadolu-ajansi","10":"tag-avoirs-gels-de-la-russie","11":"tag-belgique","12":"tag-eu","13":"tag-europe","14":"tag-european-union","15":"tag-fr","16":"tag-france","17":"tag-news","18":"tag-republique-francaise","19":"tag-ue","20":"tag-union-europeenne"},"share_on_mastodon":{"url":"https:\/\/pubeurope.com\/@fr\/115664215372408246","error":""},"_links":{"self":[{"href":"https:\/\/www.europesays.com\/fr\/wp-json\/wp\/v2\/posts\/578730","targetHints":{"allow":["GET"]}}],"collection":[{"href":"https:\/\/www.europesays.com\/fr\/wp-json\/wp\/v2\/posts"}],"about":[{"href":"https:\/\/www.europesays.com\/fr\/wp-json\/wp\/v2\/types\/post"}],"author":[{"embeddable":true,"href":"https:\/\/www.europesays.com\/fr\/wp-json\/wp\/v2\/users\/2"}],"replies":[{"embeddable":true,"href":"https:\/\/www.europesays.com\/fr\/wp-json\/wp\/v2\/comments?post=578730"}],"version-history":[{"count":0,"href":"https:\/\/www.europesays.com\/fr\/wp-json\/wp\/v2\/posts\/578730\/revisions"}],"wp:featuredmedia":[{"embeddable":true,"href":"https:\/\/www.europesays.com\/fr\/wp-json\/wp\/v2\/media\/578731"}],"wp:attachment":[{"href":"https:\/\/www.europesays.com\/fr\/wp-json\/wp\/v2\/media?parent=578730"}],"wp:term":[{"taxonomy":"category","embeddable":true,"href":"https:\/\/www.europesays.com\/fr\/wp-json\/wp\/v2\/categories?post=578730"},{"taxonomy":"post_tag","embeddable":true,"href":"https:\/\/www.europesays.com\/fr\/wp-json\/wp\/v2\/tags?post=578730"}],"curies":[{"name":"wp","href":"https:\/\/api.w.org\/{rel}","templated":true}]}}