{"id":578739,"date":"2025-12-05T00:54:22","date_gmt":"2025-12-05T00:54:22","guid":{"rendered":"https:\/\/www.europesays.com\/fr\/578739\/"},"modified":"2025-12-05T00:54:22","modified_gmt":"2025-12-05T00:54:22","slug":"omnisports-les-resultats-des-equipes-de-saone-et-loire-en-direct-des-stades-ce-dimanche-30-novembre","status":"publish","type":"post","link":"https:\/\/www.europesays.com\/fr\/578739\/","title":{"rendered":"Omnisports. Les r\u00e9sultats des \u00e9quipes de Sa\u00f4ne-et-Loire en direct des stades ce dimanche 30 novembre"},"content":{"rendered":"<p>  <strong>FOOTBALL<\/strong><\/p>\n<p><strong>\u00a0<\/strong><\/p>\n<p><strong>Coupe de Bourgogne Franche-Comt\u00e9 masculine (32e de finale)\u00a0:<\/strong><\/p>\n<p>US de Varennes \u2013 Bourbon (14h30)\u00a0: en attente de r\u00e9sultat<\/p>\n<p>M\u00e2con FC \u2013 Vauzelles (14h30)\u00a0:\u00a02-1<\/p>\n<p>Poligny \u2013 M\u00e2con 71 (14h30)\u00a0:\u00a02-2\u00a0 (6 tab \u00e0 5)\u00a0<\/p>\n<p>Frasne \u2013 St-Marcel (14h30) :\u00a0report\u00e9<\/p>\n<p>Mellecey \u2013 Is\/Selongey (B) (14h30) :2-2 (4 tab \u00e0 2)<\/p>\n<p>Chalon ACF \u2013 USC Dijon (14h30)\u00a0:3-3 (5 tab \u00e0 4)<\/p>\n<p>Avallon \u2013 Chalon (B) (14h30)\u00a0:\u00a02-1<\/p>\n<p><strong>\u00a0<\/strong><\/p>\n<p><strong>R\u00e9gional 1 f\u00e9minin (9e journ\u00e9e)<\/strong><\/p>\n<p>M\u00e2con 71 \u2013 Racing Besan\u00e7on (14h30)\u00a0:\u00a00-2<\/p>\n<p>Vesoul \u2013 Montceau (report\u00e9 au 1\/02)\u00a0:\u00a0<\/p>\n<p>Ch\u00e2tenoy B \u2013 AJ Auxerre B (14h30)\u00a0:0-3<\/p>\n<p><a href=\"https:\/\/www.lejsl.com\/sport\/calendrier-resultats\/football\/regional-ligue-bourgogne-franche-comte-regional-1-(f)\" target=\"_blank\" rel=\"noopener\">Football &#8211; R\u00e9gional 1 (F) &#8211; Saison 2025 &#8211; 2026 : Calendrier et r\u00e9sultats<\/a><\/p>\n<p><strong>\u00a0<\/strong><\/p>\n<p><strong>R\u00e9gional 2 f\u00e9minin (poule A, 8e journ\u00e9e)<\/strong><\/p>\n<p>FC M\u00e2con \u2013 Coteaux de Seille (12h)\u00a0:\u00a00-1<\/p>\n<p><strong>\u00a0<\/strong><\/p>\n<p><strong>BASKET-BALL<\/strong><\/p>\n<p><strong>\u00a0<\/strong><\/p>\n<p><strong>Nationale masculine U18 \u00e9lite (poule J, 9e journ\u00e9e)<\/strong><\/p>\n<p>Elan Chalon \u2013 Oullins Ste Foy (15h30)\u00a0:\u00a099-82<\/p>\n<p><strong><a href=\"https:\/\/www.lejsl.com\/sport\/calendrier-resultats\/basket-ball\/national-u18-masculins-poule-j\" target=\"_blank\" rel=\"noopener\">Basket-ball &#8211; U18 Masculins &#8211; Poule J &#8211; Saison 2025 &#8211; 2026 : Calendrier et r\u00e9sultats<\/a><\/strong><\/p>\n<p><strong>\u00a0<\/strong><\/p>\n<p><strong>Nationale f\u00e9minine U18 \u00e9lite groupe A (poule A, 9e journ\u00e9e)<\/strong><\/p>\n<p>Charnay \u2013 La Tronche Meylan (15h30)\u00a0:\u00a058-67<\/p>\n<p><strong><a href=\"https:\/\/www.lejsl.com\/sport\/calendrier-resultats\/basket-ball\/national-u18-feminines-elite-a-poule-a\" target=\"_blank\" rel=\"noopener\">Basket-ball &#8211; U18 f\u00e9minines-Elite A &#8211; Poule A &#8211; Saison 2025 &#8211; 2026 : Calendrier et r\u00e9sultats<\/a><\/strong><\/p>\n<p><strong>\u00a0<\/strong><\/p>\n<p><strong>Nationale f\u00e9minine U15 \u00e9lite (poule B, 9e journ\u00e9e)<\/strong><\/p>\n<p>Charnay \u2013 Montpellier (13h15)\u00a0:\u00a090-37<\/p>\n<p><strong><a href=\"https:\/\/www.lejsl.com\/sport\/calendrier-resultats\/basket-ball\/national-nationale-feminine-u15-elite-poule-b\" target=\"_blank\" rel=\"noopener\">Basket-ball &#8211; Nationale Feminine U15 Elite &#8211; Poule B &#8211; Saison 2025 &#8211; 2026 : Calendrier et r\u00e9sultats<\/a><\/strong><\/p>\n<p><strong>\u00a0<\/strong><\/p>\n<p><strong>Pr\u00e9 nationale f\u00e9minine (7e journ\u00e9e)<\/strong><\/p>\n<p>Charnay La Chapelle \u2013 Moneteau Vermenton (10h30)\u00a0:\u00a037-73<\/p>\n<p>Palinges \u2013 Chenove 2 (15h30)\u00a0:\u00a058-57<\/p>\n<p><a href=\"https:\/\/www.lejsl.com\/sport\/calendrier-resultats\/basket-ball\/regional-ligue-bourgogne-franche-comte-prenationale-feminine\" target=\"_blank\" rel=\"noopener\">Basket-ball &#8211; Pr\u00e9nationale F\u00e9minine &#8211; Saison 2025 &#8211; 2026 : Calendrier et r\u00e9sultats<\/a><\/p>\n<p>\u00a0<\/p>\n<p>\u00a0Football Am\u00e9ricain<\/p>\n<p>\u00a0<\/p>\n<p>Division 3 (2e journ\u00e9e)<\/p>\n<p>Centurions de Chalon &#8211; Fenris de Dijon \u00a0: 0-20<\/p>\n<p>\u00a0<\/p>\n<p><strong>RUGBY<\/strong><\/p>\n<p><strong>\u00a0<\/strong><\/p>\n<p><strong>F\u00e9d\u00e9rale 3 (poule 3, 9e journ\u00e9e)<\/strong><\/p>\n<p>Bellegarde \u2013 SC Couches (15h15)\u00a0:\u00a043-13<\/p>\n<p>Montchanin \u2013 RC Montceau (15h15) :\u00a021-24<\/p>\n<p><strong><a href=\"https:\/\/www.lejsl.com\/sport\/calendrier-resultats\/rugby\/national-federale-3-groupe-3\" target=\"_blank\" rel=\"noopener\">Rugby &#8211; F\u00e9d\u00e9rale 3 &#8211; Groupe 3 &#8211; Saison 2025 &#8211; 2026 : Calendrier et r\u00e9sultats<\/a>\u00a0<\/strong><\/p>\n<p><strong>\u00a0<\/strong><\/p>\n<p><strong>VOLLEY-BALL<\/strong><\/p>\n<p><strong>\u00a0<\/strong><\/p>\n<p><strong>Nationale 2 f\u00e9minine (poule B, 8e journ\u00e9e)<\/strong><\/p>\n<p>Chalon \u2013 Besan\u00e7on (16h)\u00a0:3-1 (19-25,25-23,25-18,25-20)<\/p>\n<p><strong><a href=\"https:\/\/www.lejsl.com\/sport\/calendrier-resultats\/volley-ball\/national-nationale-2-feminine-poule-b\" target=\"_blank\" rel=\"noopener\">Volley-ball &#8211; Nationale 2 F\u00e9minine &#8211; Poule B &#8211; Saison 2025 &#8211; 2026 : Calendrier et r\u00e9sultats<\/a><\/strong><\/p>\n<p><strong>\u00a0<\/strong><\/p>\n<p><strong>Nationale 3 masculine (poule H, 8e journ\u00e9e)<\/strong><\/p>\n<p>M\u00e2con \u2013 Fontaine les Dijon (16h)\u00a0:\u00a03-1<\/p>\n<p>Chalon \u2013 Meyzieu (14h)\u00a0:\u00a03-1 (25-16, 25-22, 24-26, 25-17)<\/p>\n<p><a href=\"https:\/\/www.lejsl.com\/sport\/calendrier-resultats\/volley-ball\/national-nationale-3-masculine-poule-h\" target=\"_blank\" rel=\"noopener\">Volley-ball &#8211; Nationale 3 Masculine &#8211; Poule H &#8211; Saison 2025 &#8211; 2026 : Calendrier et r\u00e9sultats<\/a><\/p>\n","protected":false},"excerpt":{"rendered":"FOOTBALL \u00a0 Coupe de Bourgogne Franche-Comt\u00e9 masculine (32e de finale)\u00a0: US de Varennes \u2013 Bourbon (14h30)\u00a0: en attente&hellip;\n","protected":false},"author":2,"featured_media":578740,"comment_status":"","ping_status":"","sticky":false,"template":"","format":"standard","meta":{"footnotes":""},"categories":[1417],"tags":[1791,107,63,1011,27,479,6003,517,60,1470,1632,1469],"class_list":{"0":"post-578739","1":"post","2":"type-post","3":"status-publish","4":"format-standard","5":"has-post-thumbnail","7":"category-volley","8":"tag-basket-ball","9":"tag-fil-info","10":"tag-football","11":"tag-fr","12":"tag-france","13":"tag-rugby","14":"tag-saone-et-loire","15":"tag-sport","16":"tag-sports","17":"tag-volley","18":"tag-volley-ball","19":"tag-volleyball"},"share_on_mastodon":{"url":"https:\/\/pubeurope.com\/@fr\/115664235292280091","error":""},"_links":{"self":[{"href":"https:\/\/www.europesays.com\/fr\/wp-json\/wp\/v2\/posts\/578739","targetHints":{"allow":["GET"]}}],"collection":[{"href":"https:\/\/www.europesays.com\/fr\/wp-json\/wp\/v2\/posts"}],"about":[{"href":"https:\/\/www.europesays.com\/fr\/wp-json\/wp\/v2\/types\/post"}],"author":[{"embeddable":true,"href":"https:\/\/www.europesays.com\/fr\/wp-json\/wp\/v2\/users\/2"}],"replies":[{"embeddable":true,"href":"https:\/\/www.europesays.com\/fr\/wp-json\/wp\/v2\/comments?post=578739"}],"version-history":[{"count":0,"href":"https:\/\/www.europesays.com\/fr\/wp-json\/wp\/v2\/posts\/578739\/revisions"}],"wp:featuredmedia":[{"embeddable":true,"href":"https:\/\/www.europesays.com\/fr\/wp-json\/wp\/v2\/media\/578740"}],"wp:attachment":[{"href":"https:\/\/www.europesays.com\/fr\/wp-json\/wp\/v2\/media?parent=578739"}],"wp:term":[{"taxonomy":"category","embeddable":true,"href":"https:\/\/www.europesays.com\/fr\/wp-json\/wp\/v2\/categories?post=578739"},{"taxonomy":"post_tag","embeddable":true,"href":"https:\/\/www.europesays.com\/fr\/wp-json\/wp\/v2\/tags?post=578739"}],"curies":[{"name":"wp","href":"https:\/\/api.w.org\/{rel}","templated":true}]}}