{"id":578744,"date":"2025-12-05T01:00:20","date_gmt":"2025-12-05T01:00:20","guid":{"rendered":"https:\/\/www.europesays.com\/fr\/578744\/"},"modified":"2025-12-05T01:00:20","modified_gmt":"2025-12-05T01:00:20","slug":"le-tro-bro-leon-quitte-la-coupe-de-france-de-cyclisme-qui-change-dappellation","status":"publish","type":"post","link":"https:\/\/www.europesays.com\/fr\/578744\/","title":{"rendered":"Le Tro Bro Leon quitte la Coupe de France de cyclisme qui change d\u2019appellation"},"content":{"rendered":"<p>La Coupe de France de cyclisme fait sa r\u00e9volution. Cr\u00e9\u00e9e en 1992 (victoire de Jean-Cyril Robin), l\u2019\u00e9preuve organis\u00e9e par la Ligue nationale de cyclisme depuis 2008 deviendra FDJ United Series \u00e0 partir de 2026.<\/p>\n<p>Elle sera retransmise sur Novo19, nouvelle cha\u00eene de la TNT, et se d\u00e9clinera en quinze \u00e9preuves (contre 17 cette ann\u00e9e), dont quatre bretonnes (la Route Ad\u00e9lie, le Grand Prix du Morbihan, le Tour du Finist\u00e8re et les Boucles de l\u2019Aulne).<\/p>\n<p>Comme le Grand Prix d\u2019Isbergues, le Tro Bro Leon n\u2019en fera donc plus partie : organis\u00e9e par ASO (Amaury Sport Organisation), la course du Nord-Finist\u00e8re continuera d\u2019\u00eatre diffus\u00e9e sur Eurosport. Nouveaut\u00e9, l\u00e0 encore : les formations \u00e9trang\u00e8res figureront d\u00e9sormais au classement par \u00e9quipes.<\/p>\n","protected":false},"excerpt":{"rendered":"La Coupe de France de cyclisme fait sa r\u00e9volution. Cr\u00e9\u00e9e en 1992 (victoire de Jean-Cyril Robin), l\u2019\u00e9preuve organis\u00e9e&hellip;\n","protected":false},"author":2,"featured_media":578745,"comment_status":"","ping_status":"","sticky":false,"template":"","format":"standard","meta":{"footnotes":""},"categories":[1411],"tags":[6206,1154,207,3166,1011,27,12174,18762,2427,3319,60,18764],"class_list":{"0":"post-578744","1":"post","2":"type-post","3":"status-publish","4":"format-standard","5":"has-post-thumbnail","7":"category-cyclisme","8":"tag-chateaulin","9":"tag-cycling","10":"tag-cyclisme","11":"tag-en-continu-sports","12":"tag-fr","13":"tag-france","14":"tag-lannilis","15":"tag-plumelec","16":"tag-professionnels","17":"tag-quimper","18":"tag-sports","19":"tag-tro-bro-leon"},"share_on_mastodon":{"url":"https:\/\/pubeurope.com\/@fr\/115664258630955734","error":""},"_links":{"self":[{"href":"https:\/\/www.europesays.com\/fr\/wp-json\/wp\/v2\/posts\/578744","targetHints":{"allow":["GET"]}}],"collection":[{"href":"https:\/\/www.europesays.com\/fr\/wp-json\/wp\/v2\/posts"}],"about":[{"href":"https:\/\/www.europesays.com\/fr\/wp-json\/wp\/v2\/types\/post"}],"author":[{"embeddable":true,"href":"https:\/\/www.europesays.com\/fr\/wp-json\/wp\/v2\/users\/2"}],"replies":[{"embeddable":true,"href":"https:\/\/www.europesays.com\/fr\/wp-json\/wp\/v2\/comments?post=578744"}],"version-history":[{"count":0,"href":"https:\/\/www.europesays.com\/fr\/wp-json\/wp\/v2\/posts\/578744\/revisions"}],"wp:featuredmedia":[{"embeddable":true,"href":"https:\/\/www.europesays.com\/fr\/wp-json\/wp\/v2\/media\/578745"}],"wp:attachment":[{"href":"https:\/\/www.europesays.com\/fr\/wp-json\/wp\/v2\/media?parent=578744"}],"wp:term":[{"taxonomy":"category","embeddable":true,"href":"https:\/\/www.europesays.com\/fr\/wp-json\/wp\/v2\/categories?post=578744"},{"taxonomy":"post_tag","embeddable":true,"href":"https:\/\/www.europesays.com\/fr\/wp-json\/wp\/v2\/tags?post=578744"}],"curies":[{"name":"wp","href":"https:\/\/api.w.org\/{rel}","templated":true}]}}