{"id":578746,"date":"2025-12-05T01:01:12","date_gmt":"2025-12-05T01:01:12","guid":{"rendered":"https:\/\/www.europesays.com\/fr\/578746\/"},"modified":"2025-12-05T01:01:12","modified_gmt":"2025-12-05T01:01:12","slug":"les-grosses-ambitions-dilan-kebbal-pour-la-can","status":"publish","type":"post","link":"https:\/\/www.europesays.com\/fr\/578746\/","title":{"rendered":"les grosses ambitions d\u2019Ilan Kebbal pour la CAN"},"content":{"rendered":"<p>Auteur d\u2019un solide d\u00e9but de saison avec le Paris FC puisqu\u2019il compte 6 buts et 4 passes d\u00e9cisives en 14 rencontres, <a href=\"https:\/\/www.footmercato.net\/joueur\/ilan-kebbal\/\" target=\"_blank\" rel=\"noopener\">Ilan Kebbal<\/a> (27 ans) brille avec le club francilien. Le milieu offensif alg\u00e9rien a \u00e9t\u00e9 r\u00e9compens\u00e9 par le s\u00e9lectionneur alg\u00e9rien Vladimir Petkovic puisqu\u2019il a \u00e9t\u00e9 convoqu\u00e9 pour disputer la Coupe d\u2019Afrique des Nations de fin d\u00e9cembre \u00e0 mi-janvier. Ce sera la premi\u00e8re fois qu\u2019il disputera cette comp\u00e9tition et il se pr\u00e9sentera avec de grosses ambitions comme il l\u2019a confi\u00e9 \u00e0 <a href=\"https:\/\/rmcsport.bfmtv.com\/football\/coupe-d-afrique-des-nations\/can-2025-quand-on-est-l-algerie-il-faut-aller-au-bout-kebbal-affiche-ses-hautes-ambitions-pour-les-fennecs_AV-202512040874.html\" target=\"_blank\" rel=\"noopener\">RMC Sport<\/a>. <\/p>\n<p>            La suite apr\u00e8s cette publicit\u00e9<\/p>\n<p>\u00ab\u00c7a p\u00e8se bien s\u00fbr, mais il faut faire abstraction du pass\u00e9. On a oubli\u00e9, il faut tout faire pour aller bout. On sait que ce sera difficile, car il y a de grandes nations, le Maroc \u00e9videmment qui est \u00e0 domicile. Mais on fait partie de ceux qui peuvent aller au bout. Et personnellement, j\u2019aimerais aider l\u2019\u00e9quipe. Si le coach fait appel \u00e0 moi, je r\u00e9pondrai pr\u00e9sent\u00bb, a-t-il d\u00e9clar\u00e9.<\/p>\n<p>\n    Pub. le 04\/12\/2025 23:19<br \/>\n            &#8211; MAJ le 05\/12\/2025 01:52\n    <\/p>\n","protected":false},"excerpt":{"rendered":"Auteur d\u2019un solide d\u00e9but de saison avec le Paris FC puisqu\u2019il compte 6 buts et 4 passes d\u00e9cisives&hellip;\n","protected":false},"author":2,"featured_media":578747,"comment_status":"","ping_status":"","sticky":false,"template":"","format":"standard","meta":{"footnotes":""},"categories":[1410],"tags":[63,1011,27,60],"class_list":{"0":"post-578746","1":"post","2":"type-post","3":"status-publish","4":"format-standard","5":"has-post-thumbnail","7":"category-football","8":"tag-football","9":"tag-fr","10":"tag-france","11":"tag-sports"},"share_on_mastodon":{"url":"https:\/\/pubeurope.com\/@fr\/115664262559355607","error":""},"_links":{"self":[{"href":"https:\/\/www.europesays.com\/fr\/wp-json\/wp\/v2\/posts\/578746","targetHints":{"allow":["GET"]}}],"collection":[{"href":"https:\/\/www.europesays.com\/fr\/wp-json\/wp\/v2\/posts"}],"about":[{"href":"https:\/\/www.europesays.com\/fr\/wp-json\/wp\/v2\/types\/post"}],"author":[{"embeddable":true,"href":"https:\/\/www.europesays.com\/fr\/wp-json\/wp\/v2\/users\/2"}],"replies":[{"embeddable":true,"href":"https:\/\/www.europesays.com\/fr\/wp-json\/wp\/v2\/comments?post=578746"}],"version-history":[{"count":0,"href":"https:\/\/www.europesays.com\/fr\/wp-json\/wp\/v2\/posts\/578746\/revisions"}],"wp:featuredmedia":[{"embeddable":true,"href":"https:\/\/www.europesays.com\/fr\/wp-json\/wp\/v2\/media\/578747"}],"wp:attachment":[{"href":"https:\/\/www.europesays.com\/fr\/wp-json\/wp\/v2\/media?parent=578746"}],"wp:term":[{"taxonomy":"category","embeddable":true,"href":"https:\/\/www.europesays.com\/fr\/wp-json\/wp\/v2\/categories?post=578746"},{"taxonomy":"post_tag","embeddable":true,"href":"https:\/\/www.europesays.com\/fr\/wp-json\/wp\/v2\/tags?post=578746"}],"curies":[{"name":"wp","href":"https:\/\/api.w.org\/{rel}","templated":true}]}}