{"id":578748,"date":"2025-12-05T01:02:11","date_gmt":"2025-12-05T01:02:11","guid":{"rendered":"https:\/\/www.europesays.com\/fr\/578748\/"},"modified":"2025-12-05T01:02:11","modified_gmt":"2025-12-05T01:02:11","slug":"il-nous-a-pourri-sa-derangeante-revelation","status":"publish","type":"post","link":"https:\/\/www.europesays.com\/fr\/578748\/","title":{"rendered":"\u00ab\u00a0Il nous a pourri&#8230;\u00a0\u00bb, sa d\u00e9rangeante r\u00e9v\u00e9lation &#8230;"},"content":{"rendered":"<p>EN BREF<\/p>\n<ul class=\"bloc_resume_post_list\">\n<li>Didier Bourdon, ancien membre des Inconnus avec Bernard<br \/>\nCampan et Pascal L\u00e9gitimus, a marqu\u00e9 les ann\u00e9es 80 et 90 sur sc\u00e8ne<br \/>\net au cin\u00e9ma.<\/li>\n<li>Le tournage des 3 fr\u00e8res a laiss\u00e9 \u00e0 Didier Bourdon un<br \/>\nsouvenir mitig\u00e9, notamment \u00e0 cause des retards de paiement de Paul<br \/>\nLederman.<\/li>\n<li>Un \u00e9ventuel retour des Inconnus pourrait se concr\u00e9tiser<br \/>\navec un sc\u00e9nario de Riad Sattouf, malgr\u00e9 les r\u00e9ticences de Bernard<br \/>\nCampan.<\/li>\n<\/ul>\n<p>Ancien membre embl\u00e9matique du <a href=\"https:\/\/www.closermag.fr\/tv-tele-realite\/les-inconnus-pourquoi-s-etaient-ils-separes-1667198\" target=\"_blank\" rel=\"noopener\"><br \/>\ntrio comique baptis\u00e9 Les Inconnus<\/a>. Qu\u00a0\u00bbil formait avec Bernard<br \/>\nCampan et Pascal L\u00e9gitimus dans les ann\u00e9es 80 et 90. <strong>Didier<br \/>\nBourdon a d&rsquo;abord connu la gloire sur sc\u00e8ne<\/strong> avec ses deux<br \/>\nanciens acolytes. Avant d&rsquo;exploser \u00e0 la t\u00e9l\u00e9vision avec La t\u00e9l\u00e9 des<br \/>\nInconnus. Les trois comiques ont ensuite conquis le cin\u00e9ma avec la<br \/>\nsortie du film culte baptis\u00e9 Les 3 fr\u00e8res en 1995.<\/p>\n<p>Toutefois, Didier Bourdon garde un <a href=\"https:\/\/www.telestar.fr\/culture\/les-trois-freres-comment-le-film-a-inspire-un-autre-scenario-aux-inconnus-501054\" target=\"_blank\" rel=\"noopener\"><br \/>\nsouvenir assez mitig\u00e9 du tournage de ce<br \/>\nlong-m\u00e9trage<\/a>.\u00a0\u00ab\u00a0En tournant Les 3 fr\u00e8res.<br \/>\n<strong>Je regardais les images, le soir, et je me disais :<br \/>\n&lsquo;C&rsquo;est de la merde !&rsquo;.<\/strong> Puis j&rsquo;\u00e9coutais un peu<br \/>\nSting, et je disais la m\u00eame chose : &lsquo;C&rsquo;est de la merde !&rsquo;. L\u00e0 je<br \/>\nsavais que je n&rsquo;\u00e9tais pas objectif, que c&rsquo;est mon humeur qui avait<br \/>\nvrill\u00e9\u00a0\u00bb, avait-il ainsi d\u00e9clar\u00e9 aupr\u00e8s de Cin\u00e9 T\u00e9l\u00e9<br \/>\nRevue.<\/p>\n<p>Didier Bourdon sur le tournage des Trois fr\u00e8res :<br \/>\n\u00ab\u00a0Paul Lederman nous a fait perdre du temps \u00e0 cause de ses retards<br \/>\nde paiement\u00a0\u00bb<\/p>\n<p>De plus, l&rsquo;ancien producteur des Inconnus, Paul Lederman, ne<br \/>\nleur a pas facilit\u00e9 la t\u00e2che. \u00ab\u00a0Au cin\u00e9ma, il nous a pourri la<br \/>\nvie. Il nous a fait ch*er sur les contrats. Et puis, <strong>il<br \/>\nemm*rdait Claude Berri, qui n\u2019en pouvait plus.<\/strong> Paul<br \/>\nLederman nous a fait perdre du temps \u00e0 cause de ses retards de<br \/>\npaiement. J\u2019avais beau lui dire qu\u2019on avait un plan de tournage. Et<br \/>\nque des d\u00e9cors allaient nous passer sous le nez. Rien n\u2019y<br \/>\nfaisait\u00a0\u00bb, avait ainsi r\u00e9v\u00e9l\u00e9 Didier Bourdon dans le podcast<br \/>\nintitul\u00e9 Les Secrets du Cin\u00e9.<\/p>\n<p>\u00ab\u00a0<strong>Quand il venait sur le plateau. Ce n\u2019\u00e9taient pas<br \/>\nnos jours pr\u00e9f\u00e9r\u00e9s<\/strong>\u00ab\u00a0, avait aussi pr\u00e9cis\u00e9 son ancien<br \/>\nacolyte Bernard Campan. Qui avait alors co-r\u00e9alis\u00e9 Les 3 fr\u00e8res<br \/>\navec Didier Bourdon. Ensemble, les deux anciens membres des<br \/>\nInconnus ont aussi mis en sc\u00e8ne la com\u00e9die intitul\u00e9e Le<br \/>\nPari quelques ann\u00e9es plus tard. Dont ils \u00e9taient aussi les<br \/>\ndeux t\u00eates d&rsquo;affiche.<\/p>\n<p>La suite des Trois fr\u00e8res a vu<br \/>\nle jour au cin\u00e9ma pr\u00e8s de 20 ans apr\u00e8s la sortie du premier<br \/>\nfilm<\/p>\n<p>Absent de ce long-m\u00e9trage, \u00e9tant donn\u00e9 que la seule sc\u00e8ne dans<br \/>\nlaquelle il apparaissait fut coup\u00e9 au montage. Pascal L\u00e9gitimus<br \/>\navait ensuite retrouv\u00e9 Bernard Campan et Didier Bourdon en 2001<br \/>\ndans Les roi mages. Par la suite, <strong>les trois com\u00e9diens ont<br \/>\ntous connu le succ\u00e8s dans leurs carri\u00e8res respectives en<br \/>\nsolo<\/strong>. Avant de se r\u00e9unir dans la suite de leur premier<br \/>\nfilm, Les 3 fr\u00e8res, le retour, en 2014.<\/p>\n<p>Didier Bourdon a d&rsquo;ailleurs \u00e9t\u00e9 interrog\u00e9 sur un \u00e9ventuel<br \/>\nnouveau retour des Inconnus dans Cin\u00e9 T\u00e9l\u00e9 Revue.<br \/>\n\u00ab\u00a0Comme Paul McCartney dit : &lsquo;Je serai<br \/>\ntoujours un ancien Beatles&rsquo;. Je serai toujours un Inconnu. \u00c7a a \u00e9t\u00e9<br \/>\nsi fort pour nous et pour les gens. J&rsquo;aimerais qu&rsquo;on remonte une<br \/>\nfois sur sc\u00e8ne. <a href=\"https:\/\/www.telestar.fr\/people\/vers-la-fin-des-inconnus-drogues-et-alcool-bernard-campan-a-coeur-ouvert-1737400\" target=\"_blank\" rel=\"noopener\"><br \/>\nBernard Campan pour l&rsquo;instant ne veut pas<\/a>. Mais ce n&rsquo;est pas<br \/>\nferm\u00e9. <strong>Riad Sattouf \u00e9crit un sc\u00e9nario pour nous<br \/>\ntrois.<\/strong> Peut-\u00eatre que ce film nous aidera \u00e0 nous<br \/>\nretrouver\u00a0\u00bb, a-t-il notamment r\u00e9v\u00e9l\u00e9.<\/p>\n","protected":false},"excerpt":{"rendered":"EN BREF Didier Bourdon, ancien membre des Inconnus avec Bernard Campan et Pascal L\u00e9gitimus, a marqu\u00e9 les ann\u00e9es&hellip;\n","protected":false},"author":2,"featured_media":578749,"comment_status":"","ping_status":"","sticky":false,"template":"","format":"standard","meta":{"footnotes":""},"categories":[1359],"tags":[548,650,58,59,1011,27,973],"class_list":{"0":"post-578748","1":"post","2":"type-post","3":"status-publish","4":"format-standard","5":"has-post-thumbnail","7":"category-people","8":"tag-article-simple","9":"tag-cinema","10":"tag-divertissement","11":"tag-entertainment","12":"tag-fr","13":"tag-france","14":"tag-people"},"share_on_mastodon":{"url":"https:\/\/pubeurope.com\/@fr\/115664266464092155","error":""},"_links":{"self":[{"href":"https:\/\/www.europesays.com\/fr\/wp-json\/wp\/v2\/posts\/578748","targetHints":{"allow":["GET"]}}],"collection":[{"href":"https:\/\/www.europesays.com\/fr\/wp-json\/wp\/v2\/posts"}],"about":[{"href":"https:\/\/www.europesays.com\/fr\/wp-json\/wp\/v2\/types\/post"}],"author":[{"embeddable":true,"href":"https:\/\/www.europesays.com\/fr\/wp-json\/wp\/v2\/users\/2"}],"replies":[{"embeddable":true,"href":"https:\/\/www.europesays.com\/fr\/wp-json\/wp\/v2\/comments?post=578748"}],"version-history":[{"count":0,"href":"https:\/\/www.europesays.com\/fr\/wp-json\/wp\/v2\/posts\/578748\/revisions"}],"wp:featuredmedia":[{"embeddable":true,"href":"https:\/\/www.europesays.com\/fr\/wp-json\/wp\/v2\/media\/578749"}],"wp:attachment":[{"href":"https:\/\/www.europesays.com\/fr\/wp-json\/wp\/v2\/media?parent=578748"}],"wp:term":[{"taxonomy":"category","embeddable":true,"href":"https:\/\/www.europesays.com\/fr\/wp-json\/wp\/v2\/categories?post=578748"},{"taxonomy":"post_tag","embeddable":true,"href":"https:\/\/www.europesays.com\/fr\/wp-json\/wp\/v2\/tags?post=578748"}],"curies":[{"name":"wp","href":"https:\/\/api.w.org\/{rel}","templated":true}]}}