{"id":578750,"date":"2025-12-05T01:03:10","date_gmt":"2025-12-05T01:03:10","guid":{"rendered":"https:\/\/www.europesays.com\/fr\/578750\/"},"modified":"2025-12-05T01:03:10","modified_gmt":"2025-12-05T01:03:10","slug":"fou-de-dali-depuis-30-ans-ce-passionne-expose-ses-tresors-dans-un-hotel-toulousain-le-parisien","status":"publish","type":"post","link":"https:\/\/www.europesays.com\/fr\/578750\/","title":{"rendered":"Fou de Dali depuis 30 ans, ce passionn\u00e9 expose ses tr\u00e9sors dans un h\u00f4tel toulousain &#8211; Le Parisien"},"content":{"rendered":"<ol>\n<li><a href=\"https:\/\/news.google.com\/rss\/articles\/CBMi-wFBVV95cUxPOHFwYmFtY3drcU1OeVV3cU5xM3QwdWJQbUZTcHBhRmZBbEcwY2FfVUQ1anJWaVVJUmNMcVNoT2JhYTYtLU1QbmVPYy13aWhIbDRhU0NQa3ZBQV9UZ2l1SXFZQWFTQ25UODdnREwtUHJSVHYwYkRBWGVVb3ZpTU8zMjNYX0tjNlBWdXpHUTBHSi1BTVNuclBVLTVINHlrcDlpTXNsaFoxcFpEZnY2cDdhNFhlYkJGNkVQZG5uSFloeW9zcXhtYU9WRWJ6QnpJVTBqaVNuUjNfT2FYT3pDb0dPeXUwMnl3ZFBydnhWRFB6ckpNMHowTDNTWTlRNA?oc=5\" target=\"_blank\" rel=\"noopener\">Fou de Dali depuis 30 ans, ce passionn\u00e9 expose ses tr\u00e9sors dans un h\u00f4tel toulousain<\/a>&nbsp;&nbsp;Le Parisien<\/li>\n<li><a href=\"https:\/\/news.google.com\/rss\/articles\/CBMixgFBVV95cUxNLVNtNEFxRUlDaS1PcDRsUUJuakpJWjNwSzhUZDVrc3R1NXlDT1puc09SNmNqeW5FLWo4M00xczBuSVdxaVpjYmJsdnNJdkFLZnBha2F2ajNIMFlHTHFiSkNxWGRjRTNwQ2VqTWpEUUVQVnVHMjJVQm5faTZvczVqU0x6VGFyZmh3M0UyQUZrLWhQcVc4MDA3V1BVRHBmalN4LVBpeDB3bHo2RlBCSDhLMDVOZ01UdDY2bXNSR1g5a2UweURTeXc?oc=5\" target=\"_blank\" rel=\"noopener\">Le Comit\u00e9 rural d\u2019animation de Caves visite la maison-mus\u00e9e de Salvador Dal\u00ed<\/a>&nbsp;&nbsp;L&rsquo;Ind\u00e9pendant<\/li>\n<li><a href=\"https:\/\/news.google.com\/rss\/articles\/CBMiwAFBVV95cUxOTUlhZlp6VmNMY2kyYXNETTNtNF9aMW9DSFpIdy01UE0zV0lNdnVRckdCNUJUc3RCemJ3VENEWWxTVElLLVdKUVdISzNGU2pEREtlS0tEVHZaZlRSd1FydlVjeUF4QUQ3YWhOaVhsTnlEekl4Q0h2VFF0VDVaa0Q5TXN3M0hhWnNPMFRoZWVubmt5NzAtTlJlYzhzaEgyRjRlb0VKV2VaXzYydXZSczJ1Q3EwWkZCMThMbUpWdXpGQ2k?oc=5\" target=\"_blank\" rel=\"noopener\">Mus\u00e9e Dal\u00ed Paris expose 300 \u0153uvres in\u00e9dites dans un lieu m\u00e9connu de Montmartre<\/a>&nbsp;&nbsp;Paris Select Book<\/li>\n<li><a href=\"https:\/\/news.google.com\/rss\/articles\/CBMiywFBVV95cUxQTU9qZGV1QkRtTXdmQWkwWDB6dlhXQ1F1Ui1SSVA5SWdNMHJrUGxkd3VBa01POWVKdlc4aGFmZ3l0Z2ZlcXd0b0JQLVNzOEY0b2Vxd0NLb1AwWWNFUUgtblNOUFU1eDNoTU9Pa2tJejVuMExXODNVcEpBYjR4ZlYyU1IxN2NMT084T01FOTJsbThqUGQxeGEzOXRVWGNJRVY5VWdaS3hqdUxYRWVnekdRT2F3clBGVXRzaGJ6WEZNdGlWRGZ5Z1NwN1NoUQ?oc=5\" target=\"_blank\" rel=\"noopener\">Toulouse. Une expo in\u00e9dite consacr\u00e9e \u00e0 Salvador Dal\u00ed d\u00e9barque au centre-ville<\/a>&nbsp;&nbsp;Actu.fr<\/li>\n<li><a href=\"https:\/\/news.google.com\/rss\/articles\/CBMiU0FVX3lxTE00UnI0eVFjY0VRQVQtRGcwR0RMSzBZSFV3LU5YYWRJbmE5MGRRZjVrWkhZek9sczYtdlJEQ0pscVFWazlNeGltWHZyUERIUjNvbjFN?oc=5\" target=\"_blank\" rel=\"noopener\">Cach\u00e9 en plein Paris, ce mus\u00e9e m\u00e9connu expose plus de 300 \u0153uvres in\u00e9dites de Salvador Dal\u00ed\u2026 et pourtant, la majorit\u00e9 des Parisiens l\u2019ignorent totalement !<\/a>&nbsp;&nbsp;Paris Secret<\/li>\n<\/ol>\n","protected":false},"excerpt":{"rendered":"Fou de Dali depuis 30 ans, ce passionn\u00e9 expose ses tr\u00e9sors dans un h\u00f4tel toulousain&nbsp;&nbsp;Le Parisien Le Comit\u00e9&hellip;\n","protected":false},"author":2,"featured_media":395849,"comment_status":"","ping_status":"","sticky":false,"template":"","format":"standard","meta":{"footnotes":""},"categories":[1358],"tags":[1348,1384,1385,1386,58,59,1011,27],"class_list":{"0":"post-578750","1":"post","2":"type-post","3":"status-publish","4":"format-standard","5":"has-post-thumbnail","7":"category-arts-et-design","8":"tag-arts","9":"tag-arts-and-design","10":"tag-arts-et-design","11":"tag-design","12":"tag-divertissement","13":"tag-entertainment","14":"tag-fr","15":"tag-france"},"share_on_mastodon":{"url":"https:\/\/pubeurope.com\/@fr\/115664270339361445","error":""},"_links":{"self":[{"href":"https:\/\/www.europesays.com\/fr\/wp-json\/wp\/v2\/posts\/578750","targetHints":{"allow":["GET"]}}],"collection":[{"href":"https:\/\/www.europesays.com\/fr\/wp-json\/wp\/v2\/posts"}],"about":[{"href":"https:\/\/www.europesays.com\/fr\/wp-json\/wp\/v2\/types\/post"}],"author":[{"embeddable":true,"href":"https:\/\/www.europesays.com\/fr\/wp-json\/wp\/v2\/users\/2"}],"replies":[{"embeddable":true,"href":"https:\/\/www.europesays.com\/fr\/wp-json\/wp\/v2\/comments?post=578750"}],"version-history":[{"count":0,"href":"https:\/\/www.europesays.com\/fr\/wp-json\/wp\/v2\/posts\/578750\/revisions"}],"wp:featuredmedia":[{"embeddable":true,"href":"https:\/\/www.europesays.com\/fr\/wp-json\/wp\/v2\/media\/395849"}],"wp:attachment":[{"href":"https:\/\/www.europesays.com\/fr\/wp-json\/wp\/v2\/media?parent=578750"}],"wp:term":[{"taxonomy":"category","embeddable":true,"href":"https:\/\/www.europesays.com\/fr\/wp-json\/wp\/v2\/categories?post=578750"},{"taxonomy":"post_tag","embeddable":true,"href":"https:\/\/www.europesays.com\/fr\/wp-json\/wp\/v2\/tags?post=578750"}],"curies":[{"name":"wp","href":"https:\/\/api.w.org\/{rel}","templated":true}]}}