{"id":578751,"date":"2025-12-05T01:05:12","date_gmt":"2025-12-05T01:05:12","guid":{"rendered":"https:\/\/www.europesays.com\/fr\/578751\/"},"modified":"2025-12-05T01:05:12","modified_gmt":"2025-12-05T01:05:12","slug":"forum-bfmtv-aujourdhui-des-quil-y-a-un-souci-dans-la-vie-on-na-plus-de-marge-de-securite-et-on-se-retrouve-dans-une-situation-dramatique-dit-remi-agent-immobilier","status":"publish","type":"post","link":"https:\/\/www.europesays.com\/fr\/578751\/","title":{"rendered":"FORUM BFMTV &#8211; \u00ab\u00a0Aujourd&rsquo;hui, d\u00e8s qu&rsquo;il y a un souci dans la vie, on n&rsquo;a plus de marge de s\u00e9curit\u00e9 et on se retrouve dans une situation dramatique\u00a0\u00bb, dit R\u00e9mi, agent immobilier"},"content":{"rendered":"<p>FORUM BFMTV &#8211; \u00ab\u00a0Aujourd&rsquo;hui, d\u00e8s qu&rsquo;il y a un souci dans la vie, on n&rsquo;a plus de marge de s\u00e9curit\u00e9 et on se retrouve dans une situation dramatique\u00a0\u00bb, dit R\u00e9mi, agent immobilierSur le m\u00eame sujet<a href=\"https:\/\/www.bfmtv.com\/societe\/video-forum-bfmtv-aujourd-hui-des-qu-il-y-a-un-souci-dans-la-vie-on-n-a-plus-de-marge-de-securite-et-on-se-retrouve-dans-une-situation-dramatique-dit-remi-agent-immobilier_VN-202512040959.html\" title=\"FORUM BFMTV - &quot;Aujourd&#039;hui, d\u00e8s qu&#039;il y a un souci dans la vie, on n&#039;a plus de marge de s\u00e9curit\u00e9 et on se retrouve dans une situation dramatique&quot;, dit R\u00e9mi, agent immobilier\" target=\"_blank\" rel=\"noopener\"><img width=\"16\" height=\"9\" class=\"lozad\"  alt=\"FORUM BFMTV - &quot;Aujourd'hui, d\u00e8s qu'il y a un souci dans la vie, on n'a plus de marge de s\u00e9curit\u00e9 et on se retrouve dans une situation dramatique&quot;, dit R\u00e9mi, agent immobilier\"\/>en lectureFORUM BFMTV &#8211; \u00ab\u00a0Aujourd&rsquo;hui, d\u00e8s qu&rsquo;il y a un souci dans la vie, on n&rsquo;a plus de marge de s\u00e9curit\u00e9 et on se retrouve dans une situation dramatique\u00a0\u00bb, dit R\u00e9mi, agent immobilier<\/a><a href=\"https:\/\/www.bfmtv.com\/societe\/video-forum-bfmtv-je-n-ai-pas-mis-le-chauffage-car-les-factures-sont-trop-importantes-dit-josiane-retraitee_VN-202512040953.html\" title=\"FORUM BFMTV - &quot;Je n&#039;ai pas mis le chauffage, car les factures sont trop importantes&quot;, dit Josiane, retrait\u00e9e\" target=\"_blank\" rel=\"noopener\"><img width=\"16\" height=\"9\" class=\"lozad\"  alt=\"FORUM BFMTV - &quot;Je n'ai pas mis le chauffage, car les factures sont trop importantes&quot;, dit Josiane, retrait\u00e9e\"\/>1:32FORUM BFMTV &#8211; \u00ab\u00a0Je n&rsquo;ai pas mis le chauffage, car les factures sont trop importantes\u00a0\u00bb, dit Josiane, retrait\u00e9e<\/a><a href=\"https:\/\/www.bfmtv.com\/sante\/video-nord-des-drones-pour-livrer-des-prelevements-entre-deux-hopitaux_VN-202512040922.html\" title=\"Nord: des drones pour livrer des pr\u00e9l\u00e8vements entre deux h\u00f4pitaux \" target=\"_blank\" rel=\"noopener\"><img width=\"16\" height=\"9\" class=\"lozad\"  alt=\"Nord: des drones pour livrer des pr\u00e9l\u00e8vements entre deux h\u00f4pitaux \"\/>2:04Nord: des drones pour livrer des pr\u00e9l\u00e8vements entre deux h\u00f4pitaux<\/a><a href=\"https:\/\/www.bfmtv.com\/replay-emissions\/bfm-story\/video-marschall-truchot-budget-2026-vers-une-foire-aux-taxes-04-12_VN-202512040858.html\" title=\"Marschall Truchot :Budget 2026, vers une foire aux taxes ? - 04\/12\" target=\"_blank\" rel=\"noopener\"><img width=\"16\" height=\"9\" class=\"lozad\"  alt=\"Marschall Truchot :Budget 2026, vers une foire aux taxes ? - 04\/12\"\/>17:37Marschall Truchot :Budget 2026, vers une foire aux taxes ? &#8211; 04\/12<\/a><a href=\"https:\/\/www.bfmtv.com\/replay-emissions\/bfm-story\/video-marschall-truchot-une-maman-agresse-six-personnes-dans-une-ecole-a-nice-04-12_VN-202512040854.html\" title=\"Marschall Truchot : Une maman agresse six personnes dans une \u00e9cole \u00e0 Nice - 04\/12\" target=\"_blank\" rel=\"noopener\"><img width=\"16\" height=\"9\" class=\"lozad\"  alt=\"Marschall Truchot : Une maman agresse six personnes dans une \u00e9cole \u00e0 Nice - 04\/12\"\/>5:46Marschall Truchot : Une maman agresse six personnes dans une \u00e9cole \u00e0 Nice &#8211; 04\/12<\/a><a href=\"https:\/\/www.bfmtv.com\/replay-emissions\/bfm-story\/video-marshall-truchot-l-histoire-secrete-de-la-chanson-inedite-de-johnny-04-12_VN-202512040853.html\" title=\"Marshall Truchot : L\u2019histoire secr\u00e8te de la chanson in\u00e9dite de Johnny - 04\/12\" target=\"_blank\" rel=\"noopener\"><img width=\"16\" height=\"9\" class=\"lozad\"  alt=\"Marshall Truchot : L\u2019histoire secr\u00e8te de la chanson in\u00e9dite de Johnny - 04\/12\"\/>12:17Marshall Truchot : L\u2019histoire secr\u00e8te de la chanson in\u00e9dite de Johnny &#8211; 04\/12<\/a><a href=\"https:\/\/www.bfmtv.com\/economie\/replay-emissions\/la-grande-interview\/video-loic-cantin-fnaim-la-crise-du-logement-est-elle-inevitable-04-12_VN-202512040847.html\" title=\"Lo\u00efc Cantin (FNAIM) : La crise du logement est-elle in\u00e9vitable ? - 04\/12\" target=\"_blank\" rel=\"noopener\"><img width=\"16\" height=\"9\" class=\"lozad\"  alt=\"Lo\u00efc Cantin (FNAIM) : La crise du logement est-elle in\u00e9vitable ? - 04\/12\"\/>19:46Lo\u00efc Cantin (FNAIM) : La crise du logement est-elle in\u00e9vitable ? &#8211; 04\/12<\/a><a href=\"https:\/\/www.bfmtv.com\/replay-emissions\/bfm-story\/video-marschall-truchot-course-poursuite-avec-la-police-une-heure-avant-le-drame-a-ales-04-12_VN-202512040834.html\" title=\"Marschall Truchot : Course-poursuite avec la police une heure avant le drame \u00e0 Al\u00e8s - 04\/12\" target=\"_blank\" rel=\"noopener\"><img width=\"16\" height=\"9\" class=\"lozad\"  alt=\"Marschall Truchot : Course-poursuite avec la police une heure avant le drame \u00e0 Al\u00e8s - 04\/12\"\/>4:31Marschall Truchot : Course-poursuite avec la police une heure avant le drame \u00e0 Al\u00e8s &#8211; 04\/12<\/a><a href=\"https:\/\/www.bfmtv.com\/replay-emissions\/bfm-story\/video-marschall-truchot-louis-sarkozy-part-en-croisade-contre-les-feux-rouges-04-12_VN-202512040777.html\" title=\"Marschall Truchot : Louis Sarkozy part en croisade contre les feux rouges - 04\/12\" target=\"_blank\" rel=\"noopener\"><img width=\"16\" height=\"9\" class=\"lozad\"  alt=\"Marschall Truchot : Louis Sarkozy part en croisade contre les feux rouges - 04\/12\"\/>16:07Marschall Truchot : Louis Sarkozy part en croisade contre les feux rouges &#8211; 04\/12<\/a><a href=\"https:\/\/www.bfmtv.com\/replay-emissions\/bfm-story\/video-marshall-truchot-il-tire-sur-ses-cambrioleurs-legitime-defense-04-12_VN-202512040765.html\" title=\"Marshall Truchot : Il tire sur ses cambrioleurs, l\u00e9gitime d\u00e9fense ? - 04\/12\" target=\"_blank\" rel=\"noopener\"><img width=\"16\" height=\"9\" class=\"lozad\"  alt=\"Marshall Truchot : Il tire sur ses cambrioleurs, l\u00e9gitime d\u00e9fense ? - 04\/12\"\/>21:34Marshall Truchot : Il tire sur ses cambrioleurs, l\u00e9gitime d\u00e9fense ? &#8211; 04\/12<\/a><a href=\"https:\/\/www.bfmtv.com\/replay-emissions\/bfm-story\/video-marschall-truchot-budget-secu-le-scenario-du-pire-selon-lecornu-04-12_VN-202512040742.html\" title=\"Marschall Truchot : Budget\/s\u00e9cu, le sc\u00e9nario du pire selon Lecornu - 04\/12\" target=\"_blank\" rel=\"noopener\"><img width=\"16\" height=\"9\" class=\"lozad\"  alt=\"Marschall Truchot : Budget\/s\u00e9cu, le sc\u00e9nario du pire selon Lecornu - 04\/12\"\/>20:03Marschall Truchot : Budget\/s\u00e9cu, le sc\u00e9nario du pire selon Lecornu &#8211; 04\/12<\/a><a href=\"https:\/\/www.bfmtv.com\/international\/video-etats-unis-un-taxi-sans-conducteur-depose-un-client-durant-une-arrestation-de-police_VN-202512040627.html\" title=\"\u00c9tats-Unis: un taxi sans conducteur d\u00e9pose un client durant une arrestation de police  \" target=\"_blank\" rel=\"noopener\"><img width=\"16\" height=\"9\" class=\"lozad\"  alt=\"\u00c9tats-Unis: un taxi sans conducteur d\u00e9pose un client durant une arrestation de police  \"\/>0:44\u00c9tats-Unis: un taxi sans conducteur d\u00e9pose un client durant une arrestation de police<\/a><a href=\"https:\/\/www.bfmtv.com\/police-justice\/video-les-habitants-d-aix-en-provence-rassures-du-renforcement-de-la-securite-sur-le-marche-de-noel_VN-202512040552.html\" title=\"Les habitants d&#039;Aix-en-Provence rassur\u00e9s du renforcement de la s\u00e9curit\u00e9 sur le march\u00e9 de No\u00ebl \" target=\"_blank\" rel=\"noopener\"><img width=\"16\" height=\"9\" class=\"lozad\"  alt=\"Les habitants d'Aix-en-Provence rassur\u00e9s du renforcement de la s\u00e9curit\u00e9 sur le march\u00e9 de No\u00ebl \"\/>1:34Les habitants d&rsquo;Aix-en-Provence rassur\u00e9s du renforcement de la s\u00e9curit\u00e9 sur le march\u00e9 de No\u00ebl<\/a><a href=\"https:\/\/www.bfmtv.com\/international\/video-le-pere-noel-enfile-un-gilet-pare-balles-pour-denoncer-l-insecurite-dans-le-monde-dans-une-publicite-finlandaise_VN-202512040549.html\" title=\"Le P\u00e8re No\u00ebl enfile un gilet pare-balles pour d\u00e9noncer l&#039;ins\u00e9curit\u00e9 dans le monde dans une publicit\u00e9 finlandaise\" target=\"_blank\" rel=\"noopener\"><img width=\"16\" height=\"9\" class=\"lozad\"  alt=\"Le P\u00e8re No\u00ebl enfile un gilet pare-balles pour d\u00e9noncer l'ins\u00e9curit\u00e9 dans le monde dans une publicit\u00e9 finlandaise\"\/>1:05Le P\u00e8re No\u00ebl enfile un gilet pare-balles pour d\u00e9noncer l&rsquo;ins\u00e9curit\u00e9 dans le monde dans une publicit\u00e9 finlandaise<\/a><a class=\"jumpToVideo\" target=\"_blank\"><img class=\"thumbnailPreview\"\/><\/a><\/p>\n","protected":false},"excerpt":{"rendered":"FORUM BFMTV &#8211; \u00ab\u00a0Aujourd&rsquo;hui, d\u00e8s qu&rsquo;il y a un souci dans la vie, on n&rsquo;a plus de marge&hellip;\n","protected":false},"author":2,"featured_media":578752,"comment_status":"","ping_status":"","sticky":false,"template":"","format":"standard","meta":{"footnotes":""},"categories":[1356],"tags":[58,59,1011,27,252,1364],"class_list":{"0":"post-578751","1":"post","2":"type-post","3":"status-publish","4":"format-standard","5":"has-post-thumbnail","7":"category-television","8":"tag-divertissement","9":"tag-entertainment","10":"tag-fr","11":"tag-france","12":"tag-television","13":"tag-tv"},"share_on_mastodon":{"url":"https:\/\/pubeurope.com\/@fr\/115664278317226950","error":""},"_links":{"self":[{"href":"https:\/\/www.europesays.com\/fr\/wp-json\/wp\/v2\/posts\/578751","targetHints":{"allow":["GET"]}}],"collection":[{"href":"https:\/\/www.europesays.com\/fr\/wp-json\/wp\/v2\/posts"}],"about":[{"href":"https:\/\/www.europesays.com\/fr\/wp-json\/wp\/v2\/types\/post"}],"author":[{"embeddable":true,"href":"https:\/\/www.europesays.com\/fr\/wp-json\/wp\/v2\/users\/2"}],"replies":[{"embeddable":true,"href":"https:\/\/www.europesays.com\/fr\/wp-json\/wp\/v2\/comments?post=578751"}],"version-history":[{"count":0,"href":"https:\/\/www.europesays.com\/fr\/wp-json\/wp\/v2\/posts\/578751\/revisions"}],"wp:featuredmedia":[{"embeddable":true,"href":"https:\/\/www.europesays.com\/fr\/wp-json\/wp\/v2\/media\/578752"}],"wp:attachment":[{"href":"https:\/\/www.europesays.com\/fr\/wp-json\/wp\/v2\/media?parent=578751"}],"wp:term":[{"taxonomy":"category","embeddable":true,"href":"https:\/\/www.europesays.com\/fr\/wp-json\/wp\/v2\/categories?post=578751"},{"taxonomy":"post_tag","embeddable":true,"href":"https:\/\/www.europesays.com\/fr\/wp-json\/wp\/v2\/tags?post=578751"}],"curies":[{"name":"wp","href":"https:\/\/api.w.org\/{rel}","templated":true}]}}