{"id":578760,"date":"2025-12-05T01:10:18","date_gmt":"2025-12-05T01:10:18","guid":{"rendered":"https:\/\/www.europesays.com\/fr\/578760\/"},"modified":"2025-12-05T01:10:18","modified_gmt":"2025-12-05T01:10:18","slug":"la-nouvelle-chanson-de-johnny-hallyday-est-elle-ratee-pourquoi-elle-etait-dans-un-carton","status":"publish","type":"post","link":"https:\/\/www.europesays.com\/fr\/578760\/","title":{"rendered":"la nouvelle chanson de Johnny Hallyday est-elle rat\u00e9e\u00a0? Pourquoi elle \u00e9tait dans un carton\u00a0?"},"content":{"rendered":"<p class=\"app_entry_lead\">\n<p>                    <a title=\"\u00a0\u00a9\u00a0T.F.1-CHEVALIN CHRISTOPHE\/TF1\/SI\" href=\"https:\/\/www.europesays.com\/fr\/wp-content\/uploads\/2025\/12\/83438550.jpg\" class=\"fancy\"><\/p>\n<p>                            <img loading=\"lazy\" decoding=\"async\" src=\"https:\/\/www.europesays.com\/fr\/wp-content\/uploads\/2025\/12\/83438550.jpg\" alt=\"&quot;L'amour que j'attendais&quot;\u00a0: la nouvelle chanson de Johnny Hallyday est-elle rat\u00e9e\u00a0? Pourquoi elle \u00e9tait dans un carton\u00a0?\" width=\"1500\" height=\"1000\"\/><\/p>\n<p>                    <\/a><\/p>\n<p>                Une nouvelle chanson du rockeur vient d&rsquo;\u00eatre d\u00e9voil\u00e9e. Il s&rsquo;agit d&rsquo;un titre in\u00e9dit retrouv\u00e9 par sa maison de disque, en fouillant dans le r\u00e9pertoire de Johnny Hallyday.<\/p>\n<p data-end=\"722\" data-start=\"263\">Huit ans apr\u00e8s la disparition de Johnny Hallyday, une chanson totalement in\u00e9dite du chanteur a \u00e9t\u00e9 d\u00e9voil\u00e9e ce jeudi 4 d\u00e9cembre. Appel\u00e9e\u00a0\u00ab\u00a0C&rsquo;est l&rsquo;amour que j&rsquo;attendais\u00a0\u00bb, cette chanson n&rsquo;est sans doute pas la meilleur du rockeur fran\u00e7ais, mais elle a l&rsquo;immense avantage de replonger tous les fans dans une \u00e9poque assez fantastique pour Johnny : celle de sa collaboration avec Michel Berger. Cette chanson in\u00e9dite\u00a0sort aussi ce vendredi en 45-tours et figure dans la r\u00e9\u00e9dition remast\u00e9ris\u00e9e de l&rsquo;album Rock&rsquo;n&rsquo;Roll Attitude, en vente partout ce 5 d\u00e9cembre.<\/p>\n<p data-end=\"1210\" data-start=\"724\">C&rsquo;est Universal Music, le label historique de Johnny, qui a mis la main sur ce morceau en fouillant dans les archives du rockeur, dans un travail effectu\u00e9 pour remettre \u00e0 jour \u00ab\u00a0Rock&rsquo;n&rsquo;Roll Attitude\u00a0\u00bb.\u00a0\u00ab\u00a0On l&rsquo;a retrouv\u00e9e totalement par hasard\u00a0\u00bb, a confi\u00e9 Xavier Perrot, responsable du catalogue du rockeur chez Universal, aupr\u00e8s de TF1. \u00ab\u00a0C&rsquo;est en faisant des recherches sur un autre artiste que la bande est arriv\u00e9e jusqu&rsquo;\u00e0 nous.\u00a0\u00bb<\/p>\n<p data-end=\"1210\" data-start=\"724\">A l&rsquo;\u00e9coute, on d\u00e9couvre une chanson sans virtuosit\u00e9, une peu banale, sans asp\u00e9rit\u00e9. Gros point fort : cette voix, si maitris\u00e9e et puissante, sur laquelle Johnny pouvait compter dans les ann\u00e9es 1980. Ses capacit\u00e9s vocales \u00e9taient alors sans doute \u00e0 leur apog\u00e9e. Mais si son label avait d\u00e9cid\u00e9 de laisser cette chanson dans un carton, c&rsquo;est sans doute qu&rsquo;il y avait une raison : pas assez forte ? Paroles trop consensuelles ? Michel Berger l&rsquo;a-t-il trouv\u00e9e en de\u00e7\u00e0 de ses exigences ? Ecoutez et faites-vous un avis !<\/p>\n<\/p>\n<p>Le label a \u00e9galement remast\u00e9ris\u00e9 les dix titres devenus des classiques, parmi lesquels Le Chanteur abandonn\u00e9, La Blouse de l&rsquo;infirmi\u00e8re ou Pendue \u00e0 mon cou. Deux immenses tubes de Johnny, Aimer vivre et Rock&rsquo;n&rsquo;roll attitude, ressortiront en bonus dans des versions actualis\u00e9es. Universal n&rsquo;en a sans doute pas fini avec les surprises, le label assure poursuivre l&rsquo;exploration de quelque 15\u00a0000\u00a0bandes sonores conserv\u00e9es du chanteur.<\/p>\n<p data-end=\"1757\" data-start=\"1276\">Sorti en 1985, Rock&rsquo;n&rsquo;Roll Attitude constitue le 24e album studio de Johnny Hallyday et reste consid\u00e9r\u00e9 comme l&rsquo;un de ses disques majeurs. \u00c0 cette \u00e9poque, apr\u00e8s une dizaine d&rsquo;albums r\u00e9alis\u00e9s avec son parolier Pierre Billon, l&rsquo;artiste cherchait un nouveau souffle.<br data-end=\"1540\" data-start=\"1537\"\/>&#13;<br \/>\nIl d\u00e9cidera alors de s&rsquo;associer \u00e0 Michel Berger, venu d&rsquo;un univers musical tr\u00e8s diff\u00e9rent du sien. Leur collaboration reste encore aujourd&rsquo;hui consid\u00e9r\u00e9e comme l&rsquo;une des plus int\u00e9ressante par les fans.<\/p>\n<p>En direct<\/p>\n<p><a name=\"post1764887831\"\/>23:37 &#8211; Une chanson enregistr\u00e9e au Qu\u00e9bec<\/p>\n<p>Aussi \u00e9tonnant que cela puisse \u00eatre, Michel Berger et Johnny Hallyday ont enregistr\u00e9 cette chanson lors d&rsquo;une session\u00a0en juin 1985, au studio Tempo de Montr\u00e9al, au Canada. En effet, \u00e0 cette \u00e9poque, Nathalie Baye, en couple avec Johnny, tournait Lune de miel de Patrick Jamain au Qu\u00e9bec. L&rsquo;idole des jeunes avait alors d\u00e9cid\u00e9 de profiter de l&rsquo;occasion pour s&rsquo;y rendre et surtout pour quitter Paris, ses copains et aussi ses d\u00e9rives.\u00a0<\/p>\n<p><a name=\"post1764881071\"\/>21:44 &#8211; Le fils de Michel Berger et France Gall ignorait lui-m\u00eame l&rsquo;existence de ce titre<\/p>\n<p>La chanson de Johnny Hallyday et Michel Berger avait litt\u00e9ralement \u00e9t\u00e9 oubli\u00e9e de tous avant d&rsquo;\u00eatre exhum\u00e9e des tr\u00e9fonds des archives par le plus grand des hasards. Selon BFMTV, m\u00eame le fils de Michel Berger et France Gall, Rapha\u00ebl Hamburger, n&rsquo;en avait jamais entendu parler. En revanche, pour la divulgation de cette chanson \u00ab\u00a0tout a \u00e9t\u00e9 fait en lien avec Rapha\u00ebl Hamburger\u00a0\u00bb, affirme\u00a0Xavier Perrot \u00e0 la cha\u00eene d&rsquo;actualit\u00e9 en continu.<\/p>\n<p><a name=\"post1764873772\"\/>19:42 &#8211; Pourquoi la nouvelle chanson de Johnny Hallyday avait-elle \u00e9t\u00e9 \u00e9cart\u00e9e de l&rsquo;album Rock&rsquo;n&rsquo;Roll Attitude ?<\/p>\n<p>C&rsquo;est la question que tout le monde se pose alors que la chanson suscite un buzz m\u00e9diatique pour sa sortie. Dans le livret de la r\u00e9\u00e9dition de l&rsquo;album Rock&rsquo;n&rsquo;Roll Attitude figure n\u00e9anmoins la r\u00e9ponse :\u00a0\u00ab\u00a0\u00c0 l\u2019\u00e9poque, pour ne pas d\u00e9roger \u00e0 l\u2019ADN de l\u2019album\u00a0centr\u00e9 exclusivement sur le personnage de Johnny Hallyday, la d\u00e9cision est prise de ne pas int\u00e9grer la chanson au disque.\u00a0\u00bb<\/p>\n","protected":false},"excerpt":{"rendered":"Une nouvelle chanson du rockeur vient d&rsquo;\u00eatre d\u00e9voil\u00e9e. Il s&rsquo;agit d&rsquo;un titre in\u00e9dit retrouv\u00e9 par sa maison de&hellip;\n","protected":false},"author":2,"featured_media":578761,"comment_status":"","ping_status":"","sticky":false,"template":"","format":"standard","meta":{"footnotes":""},"categories":[8],"tags":[69287,51761,58,59,51763,1011,27,51767,35092],"class_list":{"0":"post-578760","1":"post","2":"type-post","3":"status-publish","4":"format-standard","5":"has-post-thumbnail","7":"category-divertissement","8":"tag-cms-linternaute-9373225","9":"tag-controller-content","10":"tag-divertissement","11":"tag-entertainment","12":"tag-format-papier","13":"tag-fr","14":"tag-france","15":"tag-parallaxeinfeed","16":"tag-personnalites"},"share_on_mastodon":{"url":"https:\/\/pubeurope.com\/@fr\/115664299326443912","error":""},"_links":{"self":[{"href":"https:\/\/www.europesays.com\/fr\/wp-json\/wp\/v2\/posts\/578760","targetHints":{"allow":["GET"]}}],"collection":[{"href":"https:\/\/www.europesays.com\/fr\/wp-json\/wp\/v2\/posts"}],"about":[{"href":"https:\/\/www.europesays.com\/fr\/wp-json\/wp\/v2\/types\/post"}],"author":[{"embeddable":true,"href":"https:\/\/www.europesays.com\/fr\/wp-json\/wp\/v2\/users\/2"}],"replies":[{"embeddable":true,"href":"https:\/\/www.europesays.com\/fr\/wp-json\/wp\/v2\/comments?post=578760"}],"version-history":[{"count":0,"href":"https:\/\/www.europesays.com\/fr\/wp-json\/wp\/v2\/posts\/578760\/revisions"}],"wp:featuredmedia":[{"embeddable":true,"href":"https:\/\/www.europesays.com\/fr\/wp-json\/wp\/v2\/media\/578761"}],"wp:attachment":[{"href":"https:\/\/www.europesays.com\/fr\/wp-json\/wp\/v2\/media?parent=578760"}],"wp:term":[{"taxonomy":"category","embeddable":true,"href":"https:\/\/www.europesays.com\/fr\/wp-json\/wp\/v2\/categories?post=578760"},{"taxonomy":"post_tag","embeddable":true,"href":"https:\/\/www.europesays.com\/fr\/wp-json\/wp\/v2\/tags?post=578760"}],"curies":[{"name":"wp","href":"https:\/\/api.w.org\/{rel}","templated":true}]}}