{"id":578768,"date":"2025-12-05T01:14:15","date_gmt":"2025-12-05T01:14:15","guid":{"rendered":"https:\/\/www.europesays.com\/fr\/578768\/"},"modified":"2025-12-05T01:14:15","modified_gmt":"2025-12-05T01:14:15","slug":"larcom-adresse-a-cnews-une-mise-en-garde-pour-prejuges-sexistes-dans-un-debat-anime-par-pascal-praud","status":"publish","type":"post","link":"https:\/\/www.europesays.com\/fr\/578768\/","title":{"rendered":"L\u2019Arcom adresse \u00e0 CNews une mise en garde pour \u00ab\u00a0pr\u00e9jug\u00e9s sexistes\u00a0\u00bb dans un d\u00e9bat anim\u00e9 par Pascal Praud"},"content":{"rendered":"<p>Le r\u00e9gulateur de l\u2019audiovisuel, <a href=\"https:\/\/www.20minutes.fr\/dossier\/csa\" class=\"c-link c-link--is-underlined\" target=\"_blank\" rel=\"noopener\">l\u2019Arcom<\/a>, a publi\u00e9 ce jeudi 4\u00a0d\u00e9cembre une mise en garde visant <a href=\"https:\/\/www.20minutes.fr\/medias\/cnews\/\" class=\"c-link c-link--is-underlined\" target=\"_blank\" rel=\"noopener\">la cha\u00eene de t\u00e9l\u00e9vision CNews<\/a>, lui reprochant d\u2019avoir v\u00e9hicul\u00e9 des \u00ab\u00a0pr\u00e9jug\u00e9s sexistes\u00a0\u00bb lors d\u2019un d\u00e9bat sur l\u2019introduction de la <a href=\"https:\/\/www.20minutes.fr\/justice\/4182401-20251029-fait-notion-non-consentement-integree-definition-penale-viol\" class=\"c-link c-link--is-underlined\" target=\"_blank\" rel=\"noopener\">notion de consentement<\/a> dans la d\u00e9finition p\u00e9nale du viol, anim\u00e9 par Pascal Praud.<\/p>\n<p>Dans cette \u00e9dition de \u00ab\u00a0L\u2019Heure des pros 2\u00a0\u00bb, diffus\u00e9e le 3\u00a0avril 2025, la majorit\u00e9 des intervenants avaient vivement critiqu\u00e9 l\u2019\u00e9volution l\u00e9gislative, \u00e9voquant la possibilit\u00e9 pour une femme de revenir sur son consentement apr\u00e8s un rapport sexuel. Certains propos mettaient \u00e9galement en cause la sinc\u00e9rit\u00e9 de plaintes pour viol, attribu\u00e9es \u00e0 des sentiments de \u00ab\u00a0regret\u00a0\u00bb, de \u00ab\u00a0haine des hommes\u00a0\u00bb ou de \u00ab\u00a0revanche\u00a0\u00bb.<\/p>\n<\/p>\n<p>Un \u00ab\u00a0sentiment de revanche\u00a0\u00bb<\/p>\n<p>Selon l\u2019Arcom, ces affirmations constituent un \u00ab\u00a0manquement caract\u00e9ris\u00e9\u00a0\u00bb \u00e0 la loi de\u00a01986, qui confie au r\u00e9gulateur la mission de prot\u00e9ger l\u2019image des femmes et de lutter contre les st\u00e9r\u00e9otypes sexistes.<\/p>\n<p>Des d\u00e9clarations de Pascal Praud avaient \u00e9t\u00e9 particuli\u00e8rement d\u00e9nonc\u00e9es sur les r\u00e9seaux sociaux, notamment lorsqu\u2019il affirmait\u00a0: \u00ab\u00a0Beaucoup de femmes n\u2019ont pas eu la chance d\u2019\u00eatre regard\u00e9es par les hommes et nourrissent parfois un sentiment de revanche.\u00a0\u00bb L\u2019Arcom estime que ces propos, m\u00eame contredits ponctuellement \u00e0 l\u2019antenne, contribuent \u00e0 entretenir des pr\u00e9jug\u00e9s discriminatoires.<\/p>\n<p>Dans l\u2019\u00e9chelle des sanctions possibles, la mise en garde constitue le premier niveau d\u2019intervention. Elle peut \u00eatre suivie d\u2019une mise en demeure et, en cas de r\u00e9cidive, de sanctions financi\u00e8res.<\/p>\n","protected":false},"excerpt":{"rendered":"Le r\u00e9gulateur de l\u2019audiovisuel, l\u2019Arcom, a publi\u00e9 ce jeudi 4\u00a0d\u00e9cembre une mise en garde visant la cha\u00eene de&hellip;\n","protected":false},"author":2,"featured_media":578769,"comment_status":"","ping_status":"","sticky":false,"template":"","format":"standard","meta":{"footnotes":""},"categories":[4],"tags":[47,11,46891,9722,58,1011,27,500,12,10160,25,104,1265],"class_list":{"0":"post-578768","1":"post","2":"type-post","3":"status-publish","4":"format-standard","5":"has-post-thumbnail","7":"category-france","8":"tag-actualite","9":"tag-actualites","10":"tag-arcom-ex-csa","11":"tag-cnews","12":"tag-divertissement","13":"tag-fr","14":"tag-france","15":"tag-medias","16":"tag-news","17":"tag-pascal-praud","18":"tag-republique-francaise","19":"tag-societe","20":"tag-viol"},"share_on_mastodon":{"url":"https:\/\/pubeurope.com\/@fr\/115664313654357765","error":""},"_links":{"self":[{"href":"https:\/\/www.europesays.com\/fr\/wp-json\/wp\/v2\/posts\/578768","targetHints":{"allow":["GET"]}}],"collection":[{"href":"https:\/\/www.europesays.com\/fr\/wp-json\/wp\/v2\/posts"}],"about":[{"href":"https:\/\/www.europesays.com\/fr\/wp-json\/wp\/v2\/types\/post"}],"author":[{"embeddable":true,"href":"https:\/\/www.europesays.com\/fr\/wp-json\/wp\/v2\/users\/2"}],"replies":[{"embeddable":true,"href":"https:\/\/www.europesays.com\/fr\/wp-json\/wp\/v2\/comments?post=578768"}],"version-history":[{"count":0,"href":"https:\/\/www.europesays.com\/fr\/wp-json\/wp\/v2\/posts\/578768\/revisions"}],"wp:featuredmedia":[{"embeddable":true,"href":"https:\/\/www.europesays.com\/fr\/wp-json\/wp\/v2\/media\/578769"}],"wp:attachment":[{"href":"https:\/\/www.europesays.com\/fr\/wp-json\/wp\/v2\/media?parent=578768"}],"wp:term":[{"taxonomy":"category","embeddable":true,"href":"https:\/\/www.europesays.com\/fr\/wp-json\/wp\/v2\/categories?post=578768"},{"taxonomy":"post_tag","embeddable":true,"href":"https:\/\/www.europesays.com\/fr\/wp-json\/wp\/v2\/tags?post=578768"}],"curies":[{"name":"wp","href":"https:\/\/api.w.org\/{rel}","templated":true}]}}