{"id":578772,"date":"2025-12-05T01:16:17","date_gmt":"2025-12-05T01:16:17","guid":{"rendered":"https:\/\/www.europesays.com\/fr\/578772\/"},"modified":"2025-12-05T01:16:17","modified_gmt":"2025-12-05T01:16:17","slug":"loire-ce-maire-ne-veut-plus-de-ce-systeme-en-decheterie-nous-nous-sommes-trompes","status":"publish","type":"post","link":"https:\/\/www.europesays.com\/fr\/578772\/","title":{"rendered":"Loire. Ce maire ne veut plus de ce syst\u00e8me en d\u00e9ch\u00e8terie : \u00ab\u00a0Nous nous sommes tromp\u00e9s\u00a0\u00bb"},"content":{"rendered":"<p>                    Par<br \/>\n        <strong><br \/>\n            <a href=\"https:\/\/actu.fr\/auteur\/mathias-souteyrat\" title=\"Consulter tous les articles de Mathias Souteyrat\" target=\"_blank\" rel=\"noopener\">Mathias Souteyrat<\/a><br \/>\n                    <\/strong><\/p>\n<p>        Publi\u00e9 le<\/p>\n<p>            4 d\u00e9c. 2025 \u00e0 16h08        <\/p>\n<p>Le sujet des QR pour acc\u00e9der aux d\u00e9chetteries de Saint-Etienne M\u00e9tropole n\u2019a pas fini de faire parler. Complexit\u00e9 de la d\u00e9marche, hausse des d\u00e9p\u00f4ts sauvages\u2026 Apr\u00e8s <a href=\"https:\/\/actu.fr\/auvergne-rhone-alpes\/saint-etienne_42218\/saint-etienne-les-depots-sauvages-explosent-depuis-le-qr-code-en-decheterie-un-elu-dit-stop_63513038.html\" target=\"_blank\" rel=\"noopener\">les \u00e9lus de la majorit\u00e9 st\u00e9phanoise<\/a>, c\u2019est Jordan Da Silva, maire de Villars, qui \u00ab\u00a0souhaite alerter sur les effets n\u00e9fastes de l\u2019instauration du QR code obligatoire pour l\u2019acc\u00e8s aux d\u00e9ch\u00e8teries\u00a0\u00bb.<\/p>\n<p>\u00ab\u00a0Un accroissement des d\u00e9p\u00f4ts sauvages\u00a0\u00bb<\/p>\n<p class=\" wall-content\">Selon l\u2019\u00e9dile, \u00ab\u00a0depuis la mise en place de ce dispositif, nous constatons un accroissement des d\u00e9p\u00f4ts sauvages qui nuit gravement au bon traitement des d\u00e9chets, \u00e0 l\u2019environnement et entra\u00eene un surco\u00fbt pour les collectivit\u00e9s\u00a0\u00bb.<\/p>\n<p>Saint-Etienne et Rive-de-Gier mettent en place la redevance pollueur-payeur<\/p>\n<p>La redevance pollueur-payeur a \u00e9t\u00e9 mise en place par les municipalit\u00e9s de Saint-Etienne et de Rive-de-Gier.<br \/>Pour faire face \u00e0 l\u2019augmentation des d\u00e9charges sauvages sur l\u2019espace public, la ville de Saint-Etienne a proc\u00e9d\u00e9 \u00e0 l\u2019installation de 10 cam\u00e9ras de vid\u00e9o-verbalisation (230 000 euros de co\u00fbt total) et au recrutement de deux policiers municipaux suppl\u00e9mentaires pour suivre, enqu\u00eater et traiter les verbalisations.<br \/>Par ailleurs, cinq camions-griffes interviennent en continu sur l\u2019espace public pour collecter les d\u00e9charges sauvages en recrudescence.<\/p>\n<p>\u00ab\u00a0Aucune \u00e9volution sensible n\u2019a \u00e9t\u00e9 constat\u00e9e\u00a0\u00bb<\/p>\n<p class=\" wall-content\">Les <a href=\"https:\/\/actu.fr\/auvergne-rhone-alpes\/saint-etienne_42218\/depot-sauvage-qr-code-en-dechetterie-passe-d-armes-entre-la-metropole-et-saint-etienne_63401342.html\" target=\"_blank\" rel=\"noopener\">d\u00e9p\u00f4ts sauvages<\/a> restent globalement stables, explique la m\u00e9tropole le 1\u1d49\u02b3 novembre 2025, lors de la pr\u00e9sentation d\u2019un premier bilan pour les nouvelles modalit\u00e9s d\u2019acc\u00e8s en d\u00e9ch\u00e8terie.<\/p>\n<p class=\" wall-content\">\u00ab Aucune \u00e9volution sensible n\u2019a \u00e9t\u00e9 constat\u00e9e dans les milieux naturels par le r\u00e9seau sentinelle de l\u2019association France Nature Environnement, \u00e9crit la m\u00e9tropole st\u00e9phanoise. [\u2026] Les quantit\u00e9s de d\u00e9chets collect\u00e9s par les services techniques municipaux ont, pour certaines communes, augment\u00e9 mais g\u00e9n\u00e9ralement de mani\u00e8re mod\u00e9r\u00e9e (<strong>50 tonnes en moyenne par mois pour l\u2019ensemble du territoire de Saint-Etienne M\u00e9tropole<\/strong>). \u00bb<\/p>\n<p>    <img   decoding=\"async\" loading=\"lazy\" src=\"https:\/\/www.europesays.com\/fr\/wp-content\/uploads\/2025\/12\/rdg-mag-68-p7-depots-sauvages-960x640.jpg\" alt=\"D\u00e9pot sauvage \u00e0 Rive-de-Gier.\" width=\"960\" height=\"640\"\/><br \/>\n    La redevance pollueur-payeur a \u00e9t\u00e9 mise en place par la municipalit\u00e9 de Rive-de-Gier. (\u00a9Photo transmise par la ville)<\/p>\n<p class=\" wall-content\">Ces quantit\u00e9s restent bien inf\u00e9rieures \u00e0 2022. \u00ab Les situations des communes qui ont subi des augmentations ont \u00e9t\u00e9 signal\u00e9es et font l\u2019objet d\u2019une analyse particuli\u00e8re. \u00bb<\/p>\n<p>Votre r\u00e9gion, votre actu !<\/p>\n<p>Recevez chaque jour les infos qui comptent pour vous.<\/p>\n<p>\t<a href=\"https:\/\/actu.fr\/newsletter\" class=\"ac-btn ac-btn--corner ac-btn--medium ac-btn--blue800\" target=\"_blank\" rel=\"noopener\">S&rsquo;incrire<\/a><br \/>\nLe QR trop compliqu\u00e9<\/p>\n<p class=\" wall-content\">D\u2019apr\u00e8s le maire de Villars, \u00ab\u00a0ce dispositif s\u2019av\u00e8re \u00eatre un obstacle pour de nombreux usagers car l\u2019obtention du QR code est complexe. \u00c0 l\u2019heure o\u00f9 la \u00ab simplification \u00bb est de plus en plus n\u00e9cessaire, pouvons-nous nous satisfaire d\u2019un tel syst\u00e8me qui \u00e9loigne les citoyens des d\u00e9ch\u00e8teries ?\u00a0\u00bb<\/p>\n<blockquote class=\"ac-article-quote wall-content\">\n<p>Je consid\u00e8re, qu\u2019avec mes coll\u00e8gues \u00e9lus de Saint-Etienne M\u00e9tropole, nous nous sommes tromp\u00e9s en approuvant cette mesure. C\u2019est pourquoi je demande que ce dispositif soit suspendu.<\/p>\n<p>    <strong>Jordan Da Silva<\/strong><br \/>\n        Maire de Villars    <\/p><\/blockquote>\n<p class=\" wall-content\">En tant qu\u2019\u00e9lu local, je me tiens pr\u00eat \u00e0 soutenir toute initiative constructive allant dans le sens d\u2019un service de d\u00e9ch\u00e8terie plus accessible aux administr\u00e9s et donc plus b\u00e9n\u00e9fique pour l\u2019environnement.<\/p>\n<p class=\" wall-content\">Personnalisez votre actualit\u00e9 en ajoutant vos villes et m\u00e9dias en favori avec <a href=\"https:\/\/moncompte.actu.fr\" title=\"D\u00e9couvez Mon Actu\" rel=\"nofollow noopener\" data-trk=\"{&quot;cta&quot;:{&quot;action&quot;:&quot;https:\\\/\\\/moncompte.actu.fr&quot;,&quot;category&quot;:&quot;mon compte&quot;,&quot;from&quot;:&quot;article footer&quot;,&quot;name&quot;:&quot;Mon actu&quot;,&quot;type&quot;:&quot;cta&quot;}}\" target=\"_blank\">Mon Actu<\/a>.<\/p>\n","protected":false},"excerpt":{"rendered":"Par Mathias Souteyrat Publi\u00e9 le 4 d\u00e9c. 2025 \u00e0 16h08 Le sujet des QR pour acc\u00e9der aux d\u00e9chetteries&hellip;\n","protected":false},"author":2,"featured_media":578773,"comment_status":"","ping_status":"","sticky":false,"template":"","format":"standard","meta":{"footnotes":""},"categories":[9653],"tags":[1111,11,2430,3008,1777,674,1011,27,12,25,4001,10060,104],"class_list":{"0":"post-578772","1":"post","2":"type-post","3":"status-publish","4":"format-standard","5":"has-post-thumbnail","7":"category-saint-etienne","8":"tag-actu","9":"tag-actualites","10":"tag-auvergne-rhone-alpes","11":"tag-dechets","12":"tag-eu","13":"tag-europe","14":"tag-fr","15":"tag-france","16":"tag-news","17":"tag-republique-francaise","18":"tag-saint-etienne","19":"tag-saint-etienne-metropole","20":"tag-societe"},"share_on_mastodon":{"url":"https:\/\/pubeurope.com\/@fr\/115664322514032929","error":""},"_links":{"self":[{"href":"https:\/\/www.europesays.com\/fr\/wp-json\/wp\/v2\/posts\/578772","targetHints":{"allow":["GET"]}}],"collection":[{"href":"https:\/\/www.europesays.com\/fr\/wp-json\/wp\/v2\/posts"}],"about":[{"href":"https:\/\/www.europesays.com\/fr\/wp-json\/wp\/v2\/types\/post"}],"author":[{"embeddable":true,"href":"https:\/\/www.europesays.com\/fr\/wp-json\/wp\/v2\/users\/2"}],"replies":[{"embeddable":true,"href":"https:\/\/www.europesays.com\/fr\/wp-json\/wp\/v2\/comments?post=578772"}],"version-history":[{"count":0,"href":"https:\/\/www.europesays.com\/fr\/wp-json\/wp\/v2\/posts\/578772\/revisions"}],"wp:featuredmedia":[{"embeddable":true,"href":"https:\/\/www.europesays.com\/fr\/wp-json\/wp\/v2\/media\/578773"}],"wp:attachment":[{"href":"https:\/\/www.europesays.com\/fr\/wp-json\/wp\/v2\/media?parent=578772"}],"wp:term":[{"taxonomy":"category","embeddable":true,"href":"https:\/\/www.europesays.com\/fr\/wp-json\/wp\/v2\/categories?post=578772"},{"taxonomy":"post_tag","embeddable":true,"href":"https:\/\/www.europesays.com\/fr\/wp-json\/wp\/v2\/tags?post=578772"}],"curies":[{"name":"wp","href":"https:\/\/api.w.org\/{rel}","templated":true}]}}