{"id":578784,"date":"2025-12-05T01:23:12","date_gmt":"2025-12-05T01:23:12","guid":{"rendered":"https:\/\/www.europesays.com\/fr\/578784\/"},"modified":"2025-12-05T01:23:12","modified_gmt":"2025-12-05T01:23:12","slug":"les-frais-de-representation-de-christian-jeanjean-maire-de-palavas-pointes-dans-le-palmares-de-mediapart","status":"publish","type":"post","link":"https:\/\/www.europesays.com\/fr\/578784\/","title":{"rendered":"Les frais de repr\u00e9sentation de Christian Jeanjean, maire de Palavas, point\u00e9s dans le palmar\u00e8s de M\u00e9diapart"},"content":{"rendered":"<p>\n                                                                Le site d\u2019information M\u00e9diapart a cibl\u00e9, parmi d\u2019autres, le maire de Palavas-les-Flots Christian Jeanjean, pour l\u2019utilisation d\u2019une enveloppe forfaitaire de 23\u00a0000\u00a0\u20ac de frais de repr\u00e9sentation.\n                            <\/p>\n<p>Les frais de repr\u00e9sentation de la maire de Paris, Anne Hidalgo, puis ceux des maires d\u2019arrondissements parisiens, ont \u00e9t\u00e9 au centre de pol\u00e9miques r\u00e9centes. Ce mercredi 3\u00a0d\u00e9cembre, le\u00a0site d\u2019information Mediapart a publi\u00e9 un palmar\u00e8s des maires en France \u00ab\u00a0qui usent et abusent des frais de repr\u00e9sentation\u00a0\u00bb, parmi lesquels Christian Jeanjean, maire de<a href=\"https:\/\/www.midilibre.fr\/herault\/palavas-les-flots\/\" target=\"_self\" rel=\"noopener\"> Palavas<\/a> depuis 1989 et candidat, \u00e0 83 ans, pour un septi\u00e8me mandat. Celui-ci\u00a0figure en effet dans la cat\u00e9gorie des frais autour de 20\u00a0000\u00a0\u20ac annuels. Ces frais de repr\u00e9sentation s\u2019ajoutent \u00e0 une autre cat\u00e9gorie de remboursements possibles\u00a0li\u00e9s directement au mandat (frais de transport, de repas,\u00a0etc.) et exigeant des justificatifs.<\/p>\n<p>Approuv\u00e9 par le conseil municipal<\/p>\n<p>En ce qui concerne\u00a0les frais de repr\u00e9sentation, c\u2019est moins clair puisqu\u2019il est demand\u00e9 au conseil municipal d\u2019en accepter le principe au d\u00e9but du mandat, puis chaque ann\u00e9e\u00a0de se prononcer de nouveau lors de l\u2019examen du\u00a0budget. Les \u00e9lus de Palavas ont donc vot\u00e9 une enveloppe forfaitaire de 23\u00a0000\u00a0\u20ac\u00a0pour l\u2019ann\u00e9e 2024, idem pour 2025 (par comparaison, les frais de repr\u00e9sentation d\u2019Anne Hidalgo \u00e9taient en 2024\u00a0de 19\u00a0600\u00a0\u20ac). Comment Christian Jeanjean utilise-t-il cet argent\u00a0?<\/p>\n<p>\u00c0 <a href=\"https:\/\/www.mediapart.fr\/\" target=\"_self\" rel=\"noopener\">M\u00e9diapart<\/a>, il n\u2019a pas souhait\u00e9 r\u00e9pondre craignant que sa communication puisse \u00ab\u00a0\u00eatre utilis\u00e9e \u00e0 des fins de propagande \u00e9lectorale\u00a0\u00bb, tout en indiquant qu\u2019une consultation de ses justificatifs sur place, \u00e0 Palavas, \u00e9tait possible. <a href=\"https:\/\/www.midilibre.fr\/\" target=\"_self\" rel=\"noopener\">Midi Libre<\/a> s\u2019est donc d\u00e9plac\u00e9 jusque dans le bureau du maire, plut\u00f4t m\u00e9content d\u2019\u00eatre montr\u00e9 du doigt. \u00ab\u00a0Je ne per\u00e7ois\u00a0aucun autres frais\u00a0! Je n\u2019ai pas de voiture de fonction, pas de chauffeur, et je ne m\u2019enrichis nullement\u00a0! Palavas, c\u2019est une commune de 80\u00a0000 habitants en moyenne puisque nous recevons 5\u00a0millions\u00a0de touristes, et comptons 1,3\u00a0million de nuit\u00e9es\u2026 Je per\u00e7ois 1\u00a0160\u00a0\u20ac d\u2019indemnit\u00e9s de maire, \u00e7a pourrait \u00eatre plus, mais je ne suis pas maire pour l\u2019argent.\u00a0\u00bb<\/p>\n<p>\u00ab\u00a0Franchement, je ne crois pas abuser\u00a0\u00bb<\/p>\n<p>Christian Jeanjean se rembourse donc avec l\u2019enveloppe de 23\u00a0000\u00a0euros, de l\u2019argent qu\u2019il a avanc\u00e9 dans l\u2019ann\u00e9e pour l\u2019essence et l\u2019entretien de sa voiture, \u00ab\u00a0qui a 13 ans\u00a0\u00bb, de ses achats vestimentaires et de coiffeur (\u00ab\u00a0je suis oblig\u00e9 d\u2019\u00eatre bien habill\u00e9\u00a0\u00bb), mais aussi de son billet d\u2019avion pour le Canada dans le cadre du jumelage avec Sainte-Catherine, et de tout ce qui, selon lui, ne fait pas l\u2019objet de facture. Un tableau achet\u00e9 en soutien \u00e0 un peintre local lors d\u2019une expo, une tourn\u00e9e\u00a0g\u00e9n\u00e9rale lors de la feria, une participation \u00e0 la f\u00eate de l\u2019\u00e9cole, l\u2019entr\u00e9e dans une conf\u00e9rence organis\u00e9e par une association\u2026<\/p>\n<p>\u00ab\u00a0Franchement, je ne crois pas abuser\u00a0\u00bb, assure-t-il en montrant les dossiers avec des additions\u00a0r\u00e9dig\u00e9es au stylo de sa main, et confi\u00e9s \u00e0 son administration chaque mois, \u00ab\u00a0depuis dix ans\u00a0\u00bb.\u00a0Dedans, des justificatifs quelques tickets et factures tout de m\u00eame. Pourquoi ne pas se faire rembourser les d\u00e9penses li\u00e9es \u00e0 la fonction, l\u2019une apr\u00e8s l\u2019autre, et utiliser cette proc\u00e9dure plus\u00a0floue des\u00a0frais de repr\u00e9sentation\u00a0? \u00ab\u00a0Parce que c\u2019est plus simple et c\u2019est tout \u00e0 fait autoris\u00e9\u00a0!\u00a0\u00bb estime le directeur g\u00e9n\u00e9ral des services, qui rel\u00e8ve qu\u2019en 2024, les d\u00e9penses du maire \u00e9taient plut\u00f4t de 25\u00a0998\u00a0\u20ac, mais qu\u2019il n\u2019a bien \u00e9t\u00e9 rembours\u00e9 que du forfait de 23\u00a0000\u00a0\u20ac approuv\u00e9 par le conseil.<\/p>\n<p>    131 communes ont plus de 6\u00a0000\u00a0\u20ac<\/p>\n<p>Selon M\u00e9diapart, 1\u00a0288 maires et pr\u00e9sidents d\u2019EPCI ont d\u00e9clar\u00e9 des frais de repr\u00e9sentation, avec un montant de 624\u00a0euros par an\u00a0en moyenne. Avec de gros \u00e9carts\u00a0: le maire de Nice, Christian Estrosi atteint 36\u00a0950\u00a0\u20ac. Dans le cas pr\u00e9sent, et \u00e0 la diff\u00e9rence du maire de Palavas, ces frais s\u2019ajoutent \u00e0 ceux de d\u00e9placements, de repas, de s\u00e9jours, de r\u00e9ception. Dans la m\u00eame strate que Palavas, les maires de Chartres, de Beausoleil (Alpes-Maritimes) de Cogolin et Cavalaire-sur-mer ont per\u00e7u 24\u00a0000\u00a0\u20ac. M\u00e9diapart estime que 131 communes ont des frais sup\u00e9rieurs \u00e0 6\u00a0000\u00a0\u20ac. Le littoral varois est particuli\u00e8rement concern\u00e9.<\/p>\n","protected":false},"excerpt":{"rendered":"Le site d\u2019information M\u00e9diapart a cibl\u00e9, parmi d\u2019autres, le maire de Palavas-les-Flots Christian Jeanjean, pour l\u2019utilisation d\u2019une enveloppe&hellip;\n","protected":false},"author":2,"featured_media":578785,"comment_status":"","ping_status":"","sticky":false,"template":"","format":"standard","meta":{"footnotes":""},"categories":[9599],"tags":[1111,11,1777,674,1011,27,7089,2208,12,2680,69289,316,25],"class_list":{"0":"post-578784","1":"post","2":"type-post","3":"status-publish","4":"format-standard","5":"has-post-thumbnail","7":"category-montpellier","8":"tag-actu","9":"tag-actualites","10":"tag-eu","11":"tag-europe","12":"tag-fr","13":"tag-france","14":"tag-herault","15":"tag-montpellier","16":"tag-news","17":"tag-occitanie","18":"tag-palavaslesflots","19":"tag-politique","20":"tag-republique-francaise"},"share_on_mastodon":{"url":"https:\/\/pubeurope.com\/@fr\/115664348992471099","error":""},"_links":{"self":[{"href":"https:\/\/www.europesays.com\/fr\/wp-json\/wp\/v2\/posts\/578784","targetHints":{"allow":["GET"]}}],"collection":[{"href":"https:\/\/www.europesays.com\/fr\/wp-json\/wp\/v2\/posts"}],"about":[{"href":"https:\/\/www.europesays.com\/fr\/wp-json\/wp\/v2\/types\/post"}],"author":[{"embeddable":true,"href":"https:\/\/www.europesays.com\/fr\/wp-json\/wp\/v2\/users\/2"}],"replies":[{"embeddable":true,"href":"https:\/\/www.europesays.com\/fr\/wp-json\/wp\/v2\/comments?post=578784"}],"version-history":[{"count":0,"href":"https:\/\/www.europesays.com\/fr\/wp-json\/wp\/v2\/posts\/578784\/revisions"}],"wp:featuredmedia":[{"embeddable":true,"href":"https:\/\/www.europesays.com\/fr\/wp-json\/wp\/v2\/media\/578785"}],"wp:attachment":[{"href":"https:\/\/www.europesays.com\/fr\/wp-json\/wp\/v2\/media?parent=578784"}],"wp:term":[{"taxonomy":"category","embeddable":true,"href":"https:\/\/www.europesays.com\/fr\/wp-json\/wp\/v2\/categories?post=578784"},{"taxonomy":"post_tag","embeddable":true,"href":"https:\/\/www.europesays.com\/fr\/wp-json\/wp\/v2\/tags?post=578784"}],"curies":[{"name":"wp","href":"https:\/\/api.w.org\/{rel}","templated":true}]}}