{"id":578786,"date":"2025-12-05T01:24:14","date_gmt":"2025-12-05T01:24:14","guid":{"rendered":"https:\/\/www.europesays.com\/fr\/578786\/"},"modified":"2025-12-05T01:24:14","modified_gmt":"2025-12-05T01:24:14","slug":"previsions-du-vendredi-5-decembre-2025","status":"publish","type":"post","link":"https:\/\/www.europesays.com\/fr\/578786\/","title":{"rendered":"pr\u00e9visions du vendredi 5 d\u00e9cembre 2025"},"content":{"rendered":"<p>Aujourd&rsquo;hui, on anticipe pour Montpellier des valeurs d&rsquo;environ 10\u00b0C. Un vent de nord-ouest soufflera un peu, avec 19 km\/h. Le ciel va quelque peu se d\u00e9gager dans la matin\u00e9e avec des \u00e9claircies. Les temp\u00e9ratures afficheront entre 8 et 11\u00b0C. Le soleil sera au rendez-vous : un magnifique apr\u00e8s-midi se pr\u00e9sente ! Les valeurs seront comprises entre 8 et 12\u00b0C. Apr\u00e8s un \u00e9pisode nuageux le ciel va s&rsquo;\u00e9claircir au cours de la soir\u00e9e. Les temp\u00e9ratures s&rsquo;\u00e9chelonneront entre 7\u00b0C et 8\u00b0C. Entre vendredi et samedi, la nuit sera claire.<\/p>\n<p>Le soleil appara\u00eet l\u00e9g\u00e8rement demain. Ces \u00e9claircies devraient r\u00e9jouir les Montpelli\u00e9rains. Un temps plus chaud est pr\u00e9vu puisque le mercure va enregistrer une hausse. Les valeurs afficheront entre 8 et 13\u00b0C. Un modeste vent d&rsquo;ouest sera ressenti par les habitants. Les temp\u00e9ratures seront de 10\u00b0C dans la matin\u00e9e. Demain apr\u00e8s-midi, les valeurs seront comprises entre 11 et 13\u00b0C. On pr\u00e9voit une embellie pour cette soir\u00e9e.<\/p>\n<p>Pour les prochains jours, la m\u00e9t\u00e9o ne bougera pas. Comptez sur 13\u00b0C en moyenne qui accompagneront des journ\u00e9es ensoleill\u00e9es.<\/p>\n<p><\/p>\n","protected":false},"excerpt":{"rendered":"Aujourd&rsquo;hui, on anticipe pour Montpellier des valeurs d&rsquo;environ 10\u00b0C. Un vent de nord-ouest soufflera un peu, avec 19&hellip;\n","protected":false},"author":2,"featured_media":578787,"comment_status":"","ping_status":"","sticky":false,"template":"","format":"standard","meta":{"footnotes":""},"categories":[9599],"tags":[1111,11,1777,674,1011,27,2208,12,2680,2119,25],"class_list":{"0":"post-578786","1":"post","2":"type-post","3":"status-publish","4":"format-standard","5":"has-post-thumbnail","7":"category-montpellier","8":"tag-actu","9":"tag-actualites","10":"tag-eu","11":"tag-europe","12":"tag-fr","13":"tag-france","14":"tag-montpellier","15":"tag-news","16":"tag-occitanie","17":"tag-previsions-meteo","18":"tag-republique-francaise"},"share_on_mastodon":{"url":"https:\/\/pubeurope.com\/@fr\/115664352922451692","error":""},"_links":{"self":[{"href":"https:\/\/www.europesays.com\/fr\/wp-json\/wp\/v2\/posts\/578786","targetHints":{"allow":["GET"]}}],"collection":[{"href":"https:\/\/www.europesays.com\/fr\/wp-json\/wp\/v2\/posts"}],"about":[{"href":"https:\/\/www.europesays.com\/fr\/wp-json\/wp\/v2\/types\/post"}],"author":[{"embeddable":true,"href":"https:\/\/www.europesays.com\/fr\/wp-json\/wp\/v2\/users\/2"}],"replies":[{"embeddable":true,"href":"https:\/\/www.europesays.com\/fr\/wp-json\/wp\/v2\/comments?post=578786"}],"version-history":[{"count":0,"href":"https:\/\/www.europesays.com\/fr\/wp-json\/wp\/v2\/posts\/578786\/revisions"}],"wp:featuredmedia":[{"embeddable":true,"href":"https:\/\/www.europesays.com\/fr\/wp-json\/wp\/v2\/media\/578787"}],"wp:attachment":[{"href":"https:\/\/www.europesays.com\/fr\/wp-json\/wp\/v2\/media?parent=578786"}],"wp:term":[{"taxonomy":"category","embeddable":true,"href":"https:\/\/www.europesays.com\/fr\/wp-json\/wp\/v2\/categories?post=578786"},{"taxonomy":"post_tag","embeddable":true,"href":"https:\/\/www.europesays.com\/fr\/wp-json\/wp\/v2\/tags?post=578786"}],"curies":[{"name":"wp","href":"https:\/\/api.w.org\/{rel}","templated":true}]}}