{"id":578794,"date":"2025-12-05T01:31:13","date_gmt":"2025-12-05T01:31:13","guid":{"rendered":"https:\/\/www.europesays.com\/fr\/578794\/"},"modified":"2025-12-05T01:31:13","modified_gmt":"2025-12-05T01:31:13","slug":"previsions-du-vendredi-5-decembre-2025-2","status":"publish","type":"post","link":"https:\/\/www.europesays.com\/fr\/578794\/","title":{"rendered":"pr\u00e9visions du vendredi 5 d\u00e9cembre 2025"},"content":{"rendered":"<p>\u00c0 Rennes, le soleil se montrerait plus t\u00f4t dans la journ\u00e9e si des nuages ne retardaient pas son apparition. On pr\u00e9voit des valeurs d&rsquo;environ 7\u00b0C. Les Rennais vont avoir froid le matin : les temp\u00e9ratures ne vont pas d\u00e9passer 8\u00b0C. Les valeurs avoisineront les 5\u00b0C. Un vent de sud-est rafra\u00eechira sensiblement l&rsquo;atmosph\u00e8re. Pour l&rsquo;apr\u00e8s-midi, de la bruine va tomber sur la ville. Les valeurs seront comprises entre 7 et 10\u00b0C. Un vent de sud soufflera \u00e0 31 km\/h. Mauvais temps : on annonce de la bruine pour le soir. La m\u00e9t\u00e9o va se r\u00e9chauffer avec une augmentation de quelques degr\u00e9s. Pendant que vous dormirez, dans la nuit de vendredi \u00e0 samedi, le ciel sera pluvieux.<\/p>\n<p>Rennes, o\u00f9 des nuages perdureront demain, continuera de guetter le soleil. Il faudra s&rsquo;attendre \u00e0 des perturbations, les Rennais se retrouveront sous des pluies \u00e9parses. C&rsquo;est une hausse de plusieurs degr\u00e9s que vont enregistrer les temp\u00e9ratures. Il fera 12\u00b0C en moyenne. Un vent de sud-ouest, atteignant 26 km\/h, soufflera. Encore de la grisaille le matin. Les nuages vont s&rsquo;attarder. Le soleil peinera \u00e0 percer au milieu des nuages qui persisteront dans l&rsquo;apr\u00e8s-midi. Les maximales iront jusqu&rsquo;\u00e0 13\u00b0C tandis que les minimales seront de 11\u00b0C. La soir\u00e9e va rester voil\u00e9e \u00e0 cause de nuages qui se maintiennent dans le ciel. Des pluies \u00e9parses sont pr\u00e9vues.<\/p>\n<p>Le temps restera stable les prochains jours. Une m\u00e9t\u00e9o pluvieuse, pour des temp\u00e9ratures de 13\u00b0C en moyenne, est pr\u00e9vue.<\/p>\n<p><\/p>\n","protected":false},"excerpt":{"rendered":"\u00c0 Rennes, le soleil se montrerait plus t\u00f4t dans la journ\u00e9e si des nuages ne retardaient pas son&hellip;\n","protected":false},"author":2,"featured_media":578795,"comment_status":"","ping_status":"","sticky":false,"template":"","format":"standard","meta":{"footnotes":""},"categories":[2821],"tags":[1111,11,829,1777,674,1011,27,12,2119,584,25],"class_list":{"0":"post-578794","1":"post","2":"type-post","3":"status-publish","4":"format-standard","5":"has-post-thumbnail","7":"category-rennes","8":"tag-actu","9":"tag-actualites","10":"tag-bretagne","11":"tag-eu","12":"tag-europe","13":"tag-fr","14":"tag-france","15":"tag-news","16":"tag-previsions-meteo","17":"tag-rennes","18":"tag-republique-francaise"},"share_on_mastodon":{"url":"https:\/\/pubeurope.com\/@fr\/115664380767346392","error":""},"_links":{"self":[{"href":"https:\/\/www.europesays.com\/fr\/wp-json\/wp\/v2\/posts\/578794","targetHints":{"allow":["GET"]}}],"collection":[{"href":"https:\/\/www.europesays.com\/fr\/wp-json\/wp\/v2\/posts"}],"about":[{"href":"https:\/\/www.europesays.com\/fr\/wp-json\/wp\/v2\/types\/post"}],"author":[{"embeddable":true,"href":"https:\/\/www.europesays.com\/fr\/wp-json\/wp\/v2\/users\/2"}],"replies":[{"embeddable":true,"href":"https:\/\/www.europesays.com\/fr\/wp-json\/wp\/v2\/comments?post=578794"}],"version-history":[{"count":0,"href":"https:\/\/www.europesays.com\/fr\/wp-json\/wp\/v2\/posts\/578794\/revisions"}],"wp:featuredmedia":[{"embeddable":true,"href":"https:\/\/www.europesays.com\/fr\/wp-json\/wp\/v2\/media\/578795"}],"wp:attachment":[{"href":"https:\/\/www.europesays.com\/fr\/wp-json\/wp\/v2\/media?parent=578794"}],"wp:term":[{"taxonomy":"category","embeddable":true,"href":"https:\/\/www.europesays.com\/fr\/wp-json\/wp\/v2\/categories?post=578794"},{"taxonomy":"post_tag","embeddable":true,"href":"https:\/\/www.europesays.com\/fr\/wp-json\/wp\/v2\/tags?post=578794"}],"curies":[{"name":"wp","href":"https:\/\/api.w.org\/{rel}","templated":true}]}}