{"id":578796,"date":"2025-12-05T01:32:25","date_gmt":"2025-12-05T01:32:25","guid":{"rendered":"https:\/\/www.europesays.com\/fr\/578796\/"},"modified":"2025-12-05T01:32:25","modified_gmt":"2025-12-05T01:32:25","slug":"gastronomie-et-artisanat-local-sinvitent-aux-halles-du-scilt","status":"publish","type":"post","link":"https:\/\/www.europesays.com\/fr\/578796\/","title":{"rendered":"gastronomie et artisanat local s\u2019invitent aux Halles du Scilt"},"content":{"rendered":"<p>    <img loading=\"lazy\" width=\"1800\" height=\"900\" src=\"https:\/\/www.europesays.com\/fr\/wp-content\/uploads\/2025\/11\/jeanne-callthepolice.jpg\" class=\"attachment-full size-full\" alt=\"\" id=\"imageLove\" decoding=\"async\"  \/><\/p>\n<p id=\"breadcrumbs\"><a href=\"https:\/\/pokaa.fr\/\" target=\"_blank\" rel=\"noopener\">Accueil<\/a> \/ <a href=\"https:\/\/pokaa.fr\/categories\/noel\/\" target=\"_blank\" rel=\"noopener\">No\u00ebl<\/a> \/ No\u00ebl hors Strasbourg : gastronomie et artisanat local s\u2019invitent aux Halles du Scilt<\/p>\n<p>                    No\u00ebl<\/p>\n<p><strong>Envie de d\u00e9couvrir un march\u00e9 de No\u00ebl loin de la foule strasbourgeoise, sans avoir \u00e0 faire de long p\u00e9riple ? Les week-ends du 13 et du 20 d\u00e9cembre, direction les Halles du Scilt \u00e0 Schiltigheim. Au programme, des stands m\u00ealant artisanat local et gourmandise, sans oublier les animations gratuites pour les enfants. On vous d\u00e9taille tout \u00e7a. <\/strong><\/p>\n<p>Envie de faire des emplettes cr\u00e9atives pour les f\u00eates de fin d\u2019ann\u00e9e ? Bijoux, cr\u00e9ations textiles, maroquinerie, illustrations\u2026 <strong>Durant les deux week-ends du march\u00e9 de No\u00ebl aux Halles du Scilt, \u00e0 quelques minutes de Strasbourg, vous pourrez trouver de quoi faire des cadeaux \u00e9thiques, responsables et surtout uniques. <\/strong><\/p>\n<p>    <img width=\"450\" height=\"600\" src=\"https:\/\/www.europesays.com\/fr\/wp-content\/uploads\/2025\/12\/marche-de-noel-halles-du-scilt-1-450x600.jpg\" class=\"attachment-image-size-M size-image-size-M\" alt=\"March\u00e9 de No\u00ebl Halles du Scilt (1)\" decoding=\"async\" loading=\"lazy\"  \/>         \u00a9 Ville de Schiltigheim \/ Document remis <\/p>\n<p>Deux week-ends pour de l\u2019artisanat \u00e0 mettre sous le sapin<\/p>\n<p><strong>Les 13 et 14, ainsi que les 20 et 21 d\u00e9cembre, une vingtaine de cr\u00e9ateurs\/rices<\/strong> seront sur place pour vous proposer des p\u00e9pites authentiques. Vous pourrez par exemple retrouver les <strong>c\u00e9ramiques <\/strong>d\u2019Audrey Sanseigne ou de Nathalie Siat, <strong>des origamis<\/strong> color\u00e9s par Du Vent dans les Plumes, des <strong>coussins ou abat-jours<\/strong> par l\u2019atelier Girandole, des <strong>bijoux <\/strong>par Lili Coral ou encore des <strong>accessoires textiles<\/strong> par Les Coutures Oniriques.<\/p>\n<p><strong>Pour retrouver la liste compl\u00e8te des artisan(e)s qui seront sur place selon les diff\u00e9rentes dates, c\u2019est <a href=\"https:\/\/www.ville-schiltigheim.fr\/agenda\/noel-est-dans-les-halles-du-scilt\/\" target=\"_blank\" rel=\"noopener\">par ici<\/a>\u00a0!<\/strong> Mais ce n\u2019est pas tout. Des gourmandises et des animations sont aussi au programme : restez-par l\u00e0 !<\/p>\n<p>                <img width=\"375\" height=\"500\" src=\"https:\/\/www.europesays.com\/fr\/wp-content\/uploads\/2025\/12\/audrey-sanseigne-ceramique-375x500.jpg\" class=\"attachment-gallery size-gallery\" alt=\"Audrey Sanseigne C\u00e9ramique\" data-full-url=\"https:\/\/pokaa.fr\/wp-content\/uploads\/2025\/11\/26\/audrey-sanseigne-ceramique.jpg\" decoding=\"async\" loading=\"lazy\"  \/>            <\/p>\n<p>                <img width=\"375\" height=\"500\" src=\"https:\/\/www.europesays.com\/fr\/wp-content\/uploads\/2025\/12\/nathalie-siat-ceramique-375x500.jpg\" class=\"attachment-gallery size-gallery\" alt=\"Nathalie Siat c\u00e9ramique\" data-full-url=\"https:\/\/pokaa.fr\/wp-content\/uploads\/2025\/11\/26\/nathalie-siat-ceramique.jpg\" decoding=\"async\" loading=\"lazy\"  \/>            <\/p>\n<p>                <img width=\"375\" height=\"500\" src=\"https:\/\/www.europesays.com\/fr\/wp-content\/uploads\/2025\/12\/du-vent-dans-les-plumes-1-375x500.jpg\" class=\"attachment-gallery size-gallery\" alt=\"Du vent dans les plumes (1)\" data-full-url=\"https:\/\/pokaa.fr\/wp-content\/uploads\/2025\/11\/26\/du-vent-dans-les-plumes-1.jpg\" decoding=\"async\" loading=\"lazy\"  \/>            <\/p>\n<p>                <img width=\"667\" height=\"500\" src=\"https:\/\/www.europesays.com\/fr\/wp-content\/uploads\/2025\/12\/girandole-667x500.jpg\" class=\"attachment-gallery size-gallery\" alt=\"Girandole\" data-full-url=\"https:\/\/pokaa.fr\/wp-content\/uploads\/2025\/11\/26\/girandole.jpg\" decoding=\"async\" loading=\"lazy\"  \/>            <\/p>\n<p>                <img width=\"375\" height=\"500\" src=\"https:\/\/www.europesays.com\/fr\/wp-content\/uploads\/2025\/12\/lili-coral-bijoux-375x500.jpg\" class=\"attachment-gallery size-gallery\" alt=\"Lili coral bijoux\" data-full-url=\"https:\/\/pokaa.fr\/wp-content\/uploads\/2025\/11\/26\/lili-coral-bijoux.jpg\" decoding=\"async\" loading=\"lazy\"  \/>            <\/p>\n<p>                <img width=\"375\" height=\"500\" src=\"https:\/\/www.europesays.com\/fr\/wp-content\/uploads\/2025\/12\/les-coutures-oniriques-2-375x500.jpg\" class=\"attachment-gallery size-gallery\" alt=\"Les coutures oniriques (2)\" data-full-url=\"https:\/\/pokaa.fr\/wp-content\/uploads\/2025\/11\/26\/les-coutures-oniriques-2.jpg\" decoding=\"async\" loading=\"lazy\"  \/>            <\/p>\n<p>                    Audrey Sanseigne, Nathalie Siat, Du Vent dans les Plumes, Atelier Girandole, Lili Coral et Les Coutures Oniriques. \u00a9 Ville de Schiltigheim \/ Documents remis<\/p>\n<p>F\u00eater en famille avec des cookies, du maquillage et des ateliers cartes de No\u00ebl <\/p>\n<p>Pour ravir vos papilles en m\u00eame temps que vos mirettes, <strong>des stands de douceurs sucr\u00e9es et sal\u00e9es vous attendront.<\/strong> La petite restauration sera assur\u00e9e par les <strong>3 Merlettes<\/strong>, tandis que les cookies de<strong> Olacooking<\/strong> ou encore les <strong>Biscuits de Mimi<\/strong> seront l\u00e0 pour vous r\u00e9galer.<\/p>\n<p>Pour les petit(e)s comme pour les grand(e)s, <strong>le P\u00e8re No\u00ebl sera \u00e9videmment de la partie, tandis que les \u00e9l\u00e8ves de l\u2019\u00e9cole Candice-Mack seront aussi de la partie pour faire des maquillages \u00e0 tomber ! <\/strong>En parall\u00e8le, <strong>des ateliers gratuits pour fabriquer des cartes pop-up<\/strong> permettront aux enfants de d\u00e9velopper leurs talents manuels.<\/p>\n<p>                <img width=\"503\" height=\"500\" src=\"https:\/\/www.europesays.com\/fr\/wp-content\/uploads\/2025\/12\/olacooking-503x500.png\" class=\"attachment-gallery size-gallery\" alt=\"Ola cooking\" data-full-url=\"https:\/\/pokaa.fr\/wp-content\/uploads\/2025\/11\/26\/olacooking.png\" decoding=\"async\" loading=\"lazy\"  \/>            <\/p>\n<p>                <img width=\"507\" height=\"500\" src=\"https:\/\/www.europesays.com\/fr\/wp-content\/uploads\/2025\/12\/les-biscuits-de-mimi-507x500.png\" class=\"attachment-gallery size-gallery\" alt=\"Les biscuits de mimi\" data-full-url=\"https:\/\/pokaa.fr\/wp-content\/uploads\/2025\/11\/26\/les-biscuits-de-mimi.png\" decoding=\"async\" loading=\"lazy\"  \/>            <\/p>\n<p>                <img width=\"322\" height=\"500\" src=\"https:\/\/www.europesays.com\/fr\/wp-content\/uploads\/2025\/12\/candice-mack-strasbourg9.jpg\" class=\"attachment-gallery size-gallery\" alt=\"candice-mack maquillage\" data-full-url=\"https:\/\/www.europesays.com\/fr\/wp-content\/uploads\/2025\/12\/candice-mack-strasbourg9.jpg\" decoding=\"async\" loading=\"lazy\"  \/>            <\/p>\n<p>                    1. \u00a9 Ola Cooking, 2. \u00a9 Les Biscuits de Mimi \/ Captures d&rsquo;\u00e9cran ; 3. Candice Mack. \u00a9 Vivien Latuner \/ Pokaa<\/p>\n<p>La f\u00eate continue <\/p>\n<p>Si vous loupez le march\u00e9 de No\u00ebl, pas de panique\u00a0! <strong>Tout le mois de d\u00e9cembre, les Halles du Scilt restent en mode No\u00ebl. <\/strong><\/p>\n<p>Ainsi, le lieu continuera d\u2019accueillir les commer\u00e7ant(e)s s\u00e9dentaires \u00e0 l\u2019ann\u00e9e, qui vous proposeront <strong>le meilleur de la gastronomie schilikoise pour garnir votre table de f\u00eate. <\/strong>Fromagerie, boucherie, charcuterie, \u00e9picerie fine, fruits, l\u00e9gumes et m\u00eame \u00e9picerie japonaise seront de la partie pour vous proposer les meilleurs produits.<\/p>\n<p>                <img width=\"750\" height=\"500\" src=\"https:\/\/www.europesays.com\/fr\/wp-content\/uploads\/2025\/12\/halles-scilt-marche-couvert-schiltigheim4.jpg\" class=\"attachment-gallery size-gallery\" alt=\"halles-scilt-marche-couvert-schiltigheim4\" data-full-url=\"https:\/\/www.europesays.com\/fr\/wp-content\/uploads\/2025\/12\/halles-scilt-marche-couvert-schiltigheim4.jpg\" decoding=\"async\" loading=\"lazy\"  \/>            <\/p>\n<p>                <img width=\"750\" height=\"500\" src=\"https:\/\/www.europesays.com\/fr\/wp-content\/uploads\/2025\/12\/halles-scilt-marche-couvert-schiltigheim17.jpg\" class=\"attachment-gallery size-gallery\" alt=\"halles-scilt-marche-couvert-schiltigheim17\" data-full-url=\"https:\/\/www.europesays.com\/fr\/wp-content\/uploads\/2025\/12\/halles-scilt-marche-couvert-schiltigheim17.jpg\" decoding=\"async\" loading=\"lazy\"  \/>            <\/p>\n<p>                <img width=\"750\" height=\"500\" src=\"https:\/\/www.europesays.com\/fr\/wp-content\/uploads\/2025\/12\/halles-scilt-marche-couvert-schiltigheim9.jpg\" class=\"attachment-gallery size-gallery\" alt=\"halles-scilt-marche-couvert-schiltigheim9\" data-full-url=\"https:\/\/www.europesays.com\/fr\/wp-content\/uploads\/2025\/12\/halles-scilt-marche-couvert-schiltigheim9.jpg\" decoding=\"async\" loading=\"lazy\"  \/>            <\/p>\n<p>                    \u00a9 Phil Off \/ Pokaa<\/p>\n<p>Autre bonne raison d\u2019y faire un tour\u00a0: <strong>le collectif Humanis revient jusqu\u2019au 24 d\u00e9cembre<\/strong> pour la treizi\u00e8me \u00e9dition de la <strong>Soupe \u00e9toil\u00e9e<\/strong>. Le principe\u00a0? 4 recettes de soupe, par 4 chefs \u00e9toil\u00e9s de la r\u00e9gion, dont les b\u00e9n\u00e9fices soutiendront les actions de la structure. <strong>De quoi se r\u00e9galer en mode solidarit\u00e9.<\/strong><\/p>\n<p><strong>Alors, vous venez faire un tour\u00a0?<\/strong><\/p>\n<p>                <img width=\"773\" height=\"500\" src=\"https:\/\/www.europesays.com\/fr\/wp-content\/uploads\/2025\/12\/soupe-etoilee-collectif-humanis-1-773x500.png\" class=\"attachment-gallery size-gallery\" alt=\"Soupe \u00e9toil\u00e9e collectif humanis (1)\" data-full-url=\"https:\/\/pokaa.fr\/wp-content\/uploads\/2025\/11\/26\/soupe-etoilee-collectif-humanis-1.png\" decoding=\"async\" loading=\"lazy\"  \/>            <\/p>\n<p>                <img width=\"512\" height=\"500\" src=\"https:\/\/www.europesays.com\/fr\/wp-content\/uploads\/2025\/12\/soupe-etoilee-collectif-humanis-2-512x500.png\" class=\"attachment-gallery size-gallery\" alt=\"Soupe \u00e9toil\u00e9e collectif humanis (2)\" data-full-url=\"https:\/\/pokaa.fr\/wp-content\/uploads\/2025\/11\/26\/soupe-etoilee-collectif-humanis-2.png\" decoding=\"async\" loading=\"lazy\"  \/>            <\/p>\n<p>                    \u00a9 Collectif Humanis \/ Captures d&rsquo;\u00e9cran<\/p>\n<p>            No\u00ebl aux Halles du Scilt<\/p>\n<p>            Quoi ? <\/p>\n<p>March\u00e9 de No\u00ebl artisanal<\/p>\n<p>                Quand ?<\/p>\n<p>\u2022 Samedi 13\/12 : 9h-18h<br \/>\u2022 Dimanche 14\/12 : 9h-18h<\/p>\n<p>\u2022 Samedi 20\/12 : 9h-18h<br \/>\u2022 Dimanche 21\/12 : 9h-18h<\/p>\n<p>            o\u00f9 ?<\/p>\n<p>Halles du Scilt, 15b rue Principale, \u00e0 Schiltigheim<\/p>\n<p>                Plus d&rsquo;infos ?<\/p>\n<p><a href=\"https:\/\/www.ville-schiltigheim.fr\/agenda\/noel-est-dans-les-halles-du-scilt\/\" target=\"_blank\" rel=\"noopener\">Programme complet du march\u00e9<\/a><\/p>\n","protected":false},"excerpt":{"rendered":"Accueil \/ No\u00ebl \/ No\u00ebl hors Strasbourg : gastronomie et artisanat local s\u2019invitent aux Halles du Scilt No\u00ebl&hellip;\n","protected":false},"author":2,"featured_media":578797,"comment_status":"","ping_status":"","sticky":false,"template":"","format":"standard","meta":{"footnotes":""},"categories":[2820],"tags":[1111,11,1777,674,1011,27,775,69291,36053,12,15830,25,5512,640],"class_list":{"0":"post-578796","1":"post","2":"type-post","3":"status-publish","4":"format-standard","5":"has-post-thumbnail","7":"category-strasbourg","8":"tag-actu","9":"tag-actualites","10":"tag-eu","11":"tag-europe","12":"tag-fr","13":"tag-france","14":"tag-grand-est","15":"tag-halles-du-scilt","16":"tag-marche-de-noel","17":"tag-news","18":"tag-noel","19":"tag-republique-francaise","20":"tag-schiltigheim","21":"tag-strasbourg"},"share_on_mastodon":{"url":"https:\/\/pubeurope.com\/@fr\/115664386389892404","error":""},"_links":{"self":[{"href":"https:\/\/www.europesays.com\/fr\/wp-json\/wp\/v2\/posts\/578796","targetHints":{"allow":["GET"]}}],"collection":[{"href":"https:\/\/www.europesays.com\/fr\/wp-json\/wp\/v2\/posts"}],"about":[{"href":"https:\/\/www.europesays.com\/fr\/wp-json\/wp\/v2\/types\/post"}],"author":[{"embeddable":true,"href":"https:\/\/www.europesays.com\/fr\/wp-json\/wp\/v2\/users\/2"}],"replies":[{"embeddable":true,"href":"https:\/\/www.europesays.com\/fr\/wp-json\/wp\/v2\/comments?post=578796"}],"version-history":[{"count":0,"href":"https:\/\/www.europesays.com\/fr\/wp-json\/wp\/v2\/posts\/578796\/revisions"}],"wp:featuredmedia":[{"embeddable":true,"href":"https:\/\/www.europesays.com\/fr\/wp-json\/wp\/v2\/media\/578797"}],"wp:attachment":[{"href":"https:\/\/www.europesays.com\/fr\/wp-json\/wp\/v2\/media?parent=578796"}],"wp:term":[{"taxonomy":"category","embeddable":true,"href":"https:\/\/www.europesays.com\/fr\/wp-json\/wp\/v2\/categories?post=578796"},{"taxonomy":"post_tag","embeddable":true,"href":"https:\/\/www.europesays.com\/fr\/wp-json\/wp\/v2\/tags?post=578796"}],"curies":[{"name":"wp","href":"https:\/\/api.w.org\/{rel}","templated":true}]}}