{"id":578798,"date":"2025-12-05T01:33:49","date_gmt":"2025-12-05T01:33:49","guid":{"rendered":"https:\/\/www.europesays.com\/fr\/578798\/"},"modified":"2025-12-05T01:33:49","modified_gmt":"2025-12-05T01:33:49","slug":"escapade-festive-de-2-jours-entre-marches-de-noel-et-tresors","status":"publish","type":"post","link":"https:\/\/www.europesays.com\/fr\/578798\/","title":{"rendered":"escapade festive de 2 jours entre march\u00e9s de No\u00ebl et tr\u00e9sors"},"content":{"rendered":"<p><strong>Envie de profiter de la magie de No\u00ebl en faisant un city trip, le temps d\u2019un week-end loin de Strasbourg ? On a un bon plan escapade pour vous. Direction le secteur de Saint-Louis, accessible \u00e0 environ 1h30 en train comme en voiture, pour profiter de No\u00ebl et de ses animations entre 3 pays, avec ses ami(e)s ou en famille. On vous fait un petit programme des p\u00e9pites \u00e0 ne pas manquer. <\/strong><\/p>\n<p>France, Allemagne, Suisse\u00a0: le Pays de Saint-Louis est particuli\u00e8rement int\u00e9ressant pour des escapades depuis Strasbourg, en raison de sa position frontali\u00e8re id\u00e9ale. <strong>On vous propose un petit programme pas piqu\u00e9 des hannetons, pour vous faire une vir\u00e9e festive et revigorante. <\/strong><\/p>\n<p>    <img width=\"800\" height=\"528\" src=\"https:\/\/www.europesays.com\/fr\/wp-content\/uploads\/2025\/12\/marche-de-noel-huningue-2-800x528.png\" class=\"attachment-image-size-L size-image-size-L\" alt=\"March\u00e9 de No\u00ebl Huningue (2)\" decoding=\"async\" loading=\"lazy\"  \/>         \u00a9 Ville de Huningue \/ Document remis <\/p>\n<p>Nids douillets et cocons traditionnels : on dort o\u00f9 ? <\/p>\n<p>Qui dit week-end dit trouver un h\u00f4tel o\u00f9 cr\u00e9cher. C\u00f4t\u00e9 fran\u00e7ais, le choix est vaste : <strong>auberges ou h\u00f4tels avec spa, pour les petits budgets comme les enveloppes plus confortables. Une liste de choix est \u00e0 retrouver <a href=\"https:\/\/www.saintlouis-tourisme.fr\/plus-de-details\/hebergements\/hotels\/\" target=\"_blank\" rel=\"noopener\">par-l\u00e0<\/a>,<\/strong> et on vous pr\u00e9sente quelques p\u00e9pites qui y figurent.<\/p>\n<p>On peut s\u2019arr\u00eater directement \u00e0 Saint-Louis, pour profiter de la <strong>Villa K<\/strong>. Au programme ? Chambres cocons et spa dans une b\u00e2tisse charmante et r\u00e9nov\u00e9e, datant de 1906. Ou alors, se faire plaisir dans un <strong>Aparth\u00f4tel Adagio<\/strong>, qui propose des logements du studio au 4 pi\u00e8ces.<\/p>\n<p>                <img width=\"770\" height=\"500\" src=\"https:\/\/www.europesays.com\/fr\/wp-content\/uploads\/2025\/12\/hotel-la-villa-k-saint-louis-2-770x500.png\" class=\"attachment-gallery size-gallery\" alt=\"H\u00f4tel la villa K Saint-Louis (2)\" data-full-url=\"https:\/\/pokaa.fr\/wp-content\/uploads\/2025\/12\/03\/hotel-la-villa-k-saint-louis-2.png\" decoding=\"async\" loading=\"lazy\"  \/>            <\/p>\n<p>                <img width=\"755\" height=\"500\" src=\"https:\/\/www.europesays.com\/fr\/wp-content\/uploads\/2025\/12\/hotel-la-villa-k-saint-louis-3-755x500.png\" class=\"attachment-gallery size-gallery\" alt=\"H\u00f4tel la villa K Saint-Louis (3)\" data-full-url=\"https:\/\/pokaa.fr\/wp-content\/uploads\/2025\/12\/03\/hotel-la-villa-k-saint-louis-3.png\" decoding=\"async\" loading=\"lazy\"  \/>            <\/p>\n<p>                <img width=\"759\" height=\"500\" src=\"https:\/\/www.europesays.com\/fr\/wp-content\/uploads\/2025\/12\/hotel-la-villa-k-saint-louis-1-759x500.png\" class=\"attachment-gallery size-gallery\" alt=\"H\u00f4tel la villa K Saint-Louis (1)\" data-full-url=\"https:\/\/pokaa.fr\/wp-content\/uploads\/2025\/12\/03\/hotel-la-villa-k-saint-louis-1.png\" decoding=\"async\" loading=\"lazy\"  \/>            <\/p>\n<p>                <img width=\"756\" height=\"500\" src=\"https:\/\/www.europesays.com\/fr\/wp-content\/uploads\/2025\/12\/hotel-adagio-access-saint-louis-fassih-belmokhtar-1-756x500.png\" class=\"attachment-gallery size-gallery\" alt=\"H\u00f4tel adagio access saint-louis fassih Belmokhtar (1)\" data-full-url=\"https:\/\/pokaa.fr\/wp-content\/uploads\/2025\/12\/03\/hotel-adagio-access-saint-louis-fassih-belmokhtar-1.png\" decoding=\"async\" loading=\"lazy\"  \/>            <\/p>\n<p>                <img width=\"713\" height=\"500\" src=\"https:\/\/www.europesays.com\/fr\/wp-content\/uploads\/2025\/12\/hotel-adagio-access-saint-louis-fassih-belmokhtar-2-713x500.png\" class=\"attachment-gallery size-gallery\" alt=\"H\u00f4tel adagio access saint-louis fassih Belmokhtar (2)\" data-full-url=\"https:\/\/pokaa.fr\/wp-content\/uploads\/2025\/12\/03\/hotel-adagio-access-saint-louis-fassih-belmokhtar-2.png\" decoding=\"async\" loading=\"lazy\"  \/>            <\/p>\n<p>                <img width=\"730\" height=\"500\" src=\"https:\/\/www.europesays.com\/fr\/wp-content\/uploads\/2025\/12\/hotel-adagio-access-saint-louis-fassih-belmokhtar-3-730x500.png\" class=\"attachment-gallery size-gallery\" alt=\"H\u00f4tel adagio access saint-louis fassih Belmokhtar (3)\" data-full-url=\"https:\/\/pokaa.fr\/wp-content\/uploads\/2025\/12\/03\/hotel-adagio-access-saint-louis-fassih-belmokhtar-3.png\" decoding=\"async\" loading=\"lazy\"  \/>            <\/p>\n<p>                    1. \u00e0 3. \u00a9 La Villa K \/ Documents remis ; 4. \u00e0 6. Aparth\u00f4tel Adagio Acces Saint-Louis. \u00a9 Fassih Belmokhtar \/ Documents remis<\/p>\n<p>Autres options\u00a0: du c\u00f4t\u00e9 de Sierentz, <strong>l\u2019Auberge Saint-Laurent<\/strong> vous accueille dans un d\u00e9cor authentique et hors du temps, tandis qu\u2019\u00e0 H\u00e9genheim, la <strong>Maison Jenny<\/strong>, transmise de m\u00e8re en fille depuis 1930, propose un cadre entre tradition et modernit\u00e9. Si vous allez vers Barthenheim, le <strong>Lion Rouge<\/strong> dispose de chambres modernes, avec un petit-d\u00e9jeuner \u00e0 tomber.<\/p>\n<p>                <img width=\"717\" height=\"500\" src=\"https:\/\/www.europesays.com\/fr\/wp-content\/uploads\/2025\/12\/hotel-auberge-saint-laurent-sierentz-5-717x500.png\" class=\"attachment-gallery size-gallery\" alt=\"H\u00f4tel Auberge Saint-Laurent Sierentz (5)\" data-full-url=\"https:\/\/pokaa.fr\/wp-content\/uploads\/2025\/12\/03\/hotel-auberge-saint-laurent-sierentz-5.png\" decoding=\"async\" loading=\"lazy\"  \/>            <\/p>\n<p>                <img width=\"746\" height=\"500\" src=\"https:\/\/www.europesays.com\/fr\/wp-content\/uploads\/2025\/12\/hotel-auberge-saint-laurent-sierentz-4-746x500.png\" class=\"attachment-gallery size-gallery\" alt=\"H\u00f4tel Auberge Saint-Laurent Sierentz (4)\" data-full-url=\"https:\/\/pokaa.fr\/wp-content\/uploads\/2025\/12\/03\/hotel-auberge-saint-laurent-sierentz-4.png\" decoding=\"async\" loading=\"lazy\"  \/>            <\/p>\n<p>                <img width=\"726\" height=\"500\" src=\"https:\/\/www.europesays.com\/fr\/wp-content\/uploads\/2025\/12\/hotel-auberge-saint-laurent-sierentz-3-726x500.png\" class=\"attachment-gallery size-gallery\" alt=\"H\u00f4tel Auberge Saint-Laurent Sierentz (3)\" data-full-url=\"https:\/\/pokaa.fr\/wp-content\/uploads\/2025\/12\/03\/hotel-auberge-saint-laurent-sierentz-3.png\" decoding=\"async\" loading=\"lazy\"  \/>            <\/p>\n<p>                <img width=\"765\" height=\"500\" src=\"https:\/\/www.europesays.com\/fr\/wp-content\/uploads\/2025\/12\/hotel-maison-jenny-line-dirrig-2-765x500.png\" class=\"attachment-gallery size-gallery\" alt=\"H\u00f4tel Maison Jenny Line Dirrig (2)\" data-full-url=\"https:\/\/pokaa.fr\/wp-content\/uploads\/2025\/12\/03\/hotel-maison-jenny-line-dirrig-2.png\" decoding=\"async\" loading=\"lazy\"  \/>            <\/p>\n<p>                <img width=\"747\" height=\"500\" src=\"https:\/\/www.europesays.com\/fr\/wp-content\/uploads\/2025\/12\/hotel-maison-jenny-line-dirrig-1-747x500.png\" class=\"attachment-gallery size-gallery\" alt=\"H\u00f4tel Maison Jenny Line Dirrig (1)\" data-full-url=\"https:\/\/pokaa.fr\/wp-content\/uploads\/2025\/12\/03\/hotel-maison-jenny-line-dirrig-1.png\" decoding=\"async\" loading=\"lazy\"  \/>            <\/p>\n<p>                <img width=\"730\" height=\"500\" src=\"https:\/\/www.europesays.com\/fr\/wp-content\/uploads\/2025\/12\/hotel-maison-jenny-line-dirrig-3-730x500.png\" class=\"attachment-gallery size-gallery\" alt=\"H\u00f4tel Maison Jenny Line Dirrig (3)\" data-full-url=\"https:\/\/pokaa.fr\/wp-content\/uploads\/2025\/12\/03\/hotel-maison-jenny-line-dirrig-3.png\" decoding=\"async\" loading=\"lazy\"  \/>            <\/p>\n<p>                <img width=\"722\" height=\"500\" src=\"https:\/\/www.europesays.com\/fr\/wp-content\/uploads\/2025\/12\/hotel-lion-rouge-barthenheim-1-722x500.png\" class=\"attachment-gallery size-gallery\" alt=\"H\u00f4tel Lion rouge barthenheim (1)\" data-full-url=\"https:\/\/pokaa.fr\/wp-content\/uploads\/2025\/12\/03\/hotel-lion-rouge-barthenheim-1.png\" decoding=\"async\" loading=\"lazy\"  \/>            <\/p>\n<p>                <img width=\"761\" height=\"500\" src=\"https:\/\/www.europesays.com\/fr\/wp-content\/uploads\/2025\/12\/hotel-lion-rouge-barthenheim-2-761x500.png\" class=\"attachment-gallery size-gallery\" alt=\"H\u00f4tel Lion rouge barthenheim (2)\" data-full-url=\"https:\/\/pokaa.fr\/wp-content\/uploads\/2025\/12\/03\/hotel-lion-rouge-barthenheim-2.png\" decoding=\"async\" loading=\"lazy\"  \/>            <\/p>\n<p>                <img width=\"717\" height=\"500\" src=\"https:\/\/www.europesays.com\/fr\/wp-content\/uploads\/2025\/12\/hotel-lion-rouge-barthenheim-3-717x500.png\" class=\"attachment-gallery size-gallery\" alt=\"H\u00f4tel Lion rouge barthenheim (3)\" data-full-url=\"https:\/\/pokaa.fr\/wp-content\/uploads\/2025\/12\/03\/hotel-lion-rouge-barthenheim-3.png\" decoding=\"async\" loading=\"lazy\"  \/>            <\/p>\n<p>                    1. \u00e0 3. \u00a9 Auberge Saint-Laurent \/ Documents remis ; 4. \u00e0 6. \u00a9 Maison Jenny. \u00a9 Line Dirrig \/ Documents remis ; 7. \u00e0 9. \u00a9 H\u00f4tel Le Lion Rouge \/ Documents remis<\/p>\n<p>March\u00e9s et chasses aux tr\u00e9sors : sorties p\u00e9pites depuis Saint-Louis <\/p>\n<p>Une fois le lieu o\u00f9 poser ses valises choisi, il est temps de jeter un \u0153il sur <a href=\"https:\/\/www.saintlouis-tourisme.fr\/plus-demotions\/lagenda\/recherche\/themes\/noel\/\" target=\"_blank\" rel=\"noopener\"><strong>la programmation de No\u00ebl<\/strong><\/a>, pour aller se balader dans <strong><a href=\"https:\/\/www.saintlouis-tourisme.fr\/temps-fort\/la-feerie-de-noel\/\" target=\"_blank\" rel=\"noopener\">des march\u00e9s authentiques ou insolites<\/a><\/strong>, tous \u00e0 proximit\u00e9 de Saint-Louis.<\/p>\n<p>On d\u00e9marre avec le march\u00e9 <strong>de Huningue<\/strong>, avec son atmosph\u00e8re chaleureuse, entre carrousel et petit Village de No\u00ebl, <strong>les 5 et 6 d\u00e9cembre<\/strong>. En bonus, <strong>un concert d\u2019accord\u00e9ons et d\u2019instruments \u00e0 vent <\/strong>de l\u2019Acad\u00e9mie des Arts est pr\u00e9vu pour l\u2019ouverture du march\u00e9.<\/p>\n<p>Non loin de l\u00e0, <strong>\u00e0 Sierentz et sur les m\u00eames dates<\/strong>, c\u2019est le march\u00e9 de Saint-Nicolas qui va ravir petit(e)s et grand(e)s. Pour l\u2019ouverture, vous pourrez profiter du passage <strong>du club Harley Davidson<\/strong>, avec le P\u00e8re et la M\u00e8re No\u00ebl. Le 6, c\u2019est <strong>Saint-Nicolas qui sera l\u00e0 pour distribuer des manneles, avant le concert a cappella du ch\u0153ur Vocal\u00e9idos.<\/strong><\/p>\n<p>                <img width=\"751\" height=\"500\" src=\"https:\/\/www.europesays.com\/fr\/wp-content\/uploads\/2025\/12\/marche-de-noel-huningue-1-751x500.png\" class=\"attachment-gallery size-gallery\" alt=\"March\u00e9 de No\u00ebl Huningue (1)\" data-full-url=\"https:\/\/pokaa.fr\/wp-content\/uploads\/2025\/12\/03\/marche-de-noel-huningue-1.png\" decoding=\"async\" loading=\"lazy\"  \/>            <\/p>\n<p>                <img width=\"751\" height=\"500\" src=\"https:\/\/www.europesays.com\/fr\/wp-content\/uploads\/2025\/12\/marche-de-noel-huningue-3-751x500.png\" class=\"attachment-gallery size-gallery\" alt=\"March\u00e9 de No\u00ebl Huningue (3)\" data-full-url=\"https:\/\/pokaa.fr\/wp-content\/uploads\/2025\/12\/03\/marche-de-noel-huningue-3.png\" decoding=\"async\" loading=\"lazy\"  \/>            <\/p>\n<p>                <img width=\"373\" height=\"500\" src=\"https:\/\/www.europesays.com\/fr\/wp-content\/uploads\/2025\/12\/marche-de-noel-de-sierentz-2-373x500.png\" class=\"attachment-gallery size-gallery\" alt=\"March\u00e9 de No\u00ebl de Sierentz (2)\" data-full-url=\"https:\/\/pokaa.fr\/wp-content\/uploads\/2025\/12\/03\/marche-de-noel-de-sierentz-2.png\" decoding=\"async\" loading=\"lazy\"  \/>            <\/p>\n<p>                <img width=\"1339\" height=\"500\" src=\"https:\/\/www.europesays.com\/fr\/wp-content\/uploads\/2025\/12\/marche-de-noel-de-sierentz-1-1339x500.png\" class=\"attachment-gallery size-gallery\" alt=\"March\u00e9 de No\u00ebl de Sierentz (1)\" data-full-url=\"https:\/\/pokaa.fr\/wp-content\/uploads\/2025\/12\/03\/marche-de-noel-de-sierentz-1-1500x560.png\" decoding=\"async\" loading=\"lazy\"  \/>            <\/p>\n<p>                    1. 2. \u00a9 Ville de Huningue, 3. 4. \u00a9 Ville de Sierentz \/ Documents remis<\/p>\n<p><strong>Du 13 au 14 d\u00e9cembre<\/strong>, c\u2019est au tour du village de <strong>Kembs<\/strong> de se mettre aux couleurs de No\u00ebl. Au programme\u00a0: <strong>march\u00e9 des associations, mais aussi des M\u00e9tiers d\u2019art et d\u2019Artisanat, ainsi que des spectacles, concerts, ateliers bricolage.<\/strong> Cerise sur le g\u00e2teau, vous pourrez profiter <strong>d\u2019une exposition<\/strong> des \u00ab\u00a0artistes du Patelin\u00a0\u00bb, et cette derni\u00e8re reste en place jusqu\u2019au 3 f\u00e9vrier\u00a0!<\/p>\n<p><strong>Du 12 au 14 d\u00e9cembre,<\/strong> rendez-vous \u00e0 <strong>Saint-Louis<\/strong>, et plus sp\u00e9cifiquement \u00e0 la <strong>Cit\u00e9 Danzas<\/strong>, pour un march\u00e9 de No\u00ebl 3 en 1. <strong>Stands de cr\u00e9ateurs\/rices, march\u00e9 de No\u00ebl upcycl\u00e9 et solidaire, et march\u00e9 traditionnel<\/strong> vous attendent.<\/p>\n<p>Dans ces quatre lieux se tiennent des march\u00e9s \u00e0 tomber, mais aussi <strong>des chasses aux tr\u00e9sors \u00e0 faire en famille.<\/strong> Jusqu\u2019au 4 janvier, vous pourrez profiter de <strong>4 parcours diff\u00e9rents,<\/strong> pour partir \u00e0 l\u2019aventure en autonomie. Le principe\u00a0? <strong>R\u00e9soudre des \u00e9nigmes en lien avec le folklore alsacien, avec une r\u00e9compense surprise \u00e0 la cl\u00e9 : pour y participer, c\u2019est <a href=\"https:\/\/www.saintlouis-tourisme.fr\/temps-fort\/la-feerie-de-noel\/?fbclid=IwY2xjawOSptRleHRuA2FlbQIxMABicmlkETE0QjFwY3dYcGsyZmZsdHluc3J0YwZhcHBfaWQQMjIyMDM5MTc4ODIwMDg5MgABHswzX2dCAUDIwUjIZ7FcvfhYLp7fxi-WTqr53hyUo8yXaoGtyv2STIM0Rb9b_aem_wnNlHY7pYRKIRwlCcFaVmA#chasse\" target=\"_blank\" rel=\"noopener\">par ici<\/a> !<\/strong><\/p>\n<p>                <img width=\"918\" height=\"500\" src=\"https:\/\/www.europesays.com\/fr\/wp-content\/uploads\/2025\/12\/marche-de-noel-cite-danzas-saint-louis-1-918x500.png\" class=\"attachment-gallery size-gallery\" alt=\"March\u00e9 de No\u00ebl Cit\u00e9 Danzas Saint-Louis (1)\" data-full-url=\"https:\/\/pokaa.fr\/wp-content\/uploads\/2025\/12\/03\/marche-de-noel-cite-danzas-saint-louis-1-1500x817.png\" decoding=\"async\" loading=\"lazy\"  \/>            <\/p>\n<p>                <img width=\"767\" height=\"500\" src=\"https:\/\/www.europesays.com\/fr\/wp-content\/uploads\/2025\/12\/marche-de-noel-cite-danzas-saint-louis-4-767x500.png\" class=\"attachment-gallery size-gallery\" alt=\"March\u00e9 de No\u00ebl Cit\u00e9 Danzas Saint-Louis (4)\" data-full-url=\"https:\/\/pokaa.fr\/wp-content\/uploads\/2025\/12\/03\/marche-de-noel-cite-danzas-saint-louis-4.png\" decoding=\"async\" loading=\"lazy\"  \/>            <\/p>\n<p>                <img width=\"902\" height=\"500\" src=\"https:\/\/www.europesays.com\/fr\/wp-content\/uploads\/2025\/12\/marche-de-noel-cite-danzas-saint-louis-3-902x500.png\" class=\"attachment-gallery size-gallery\" alt=\"March\u00e9 de No\u00ebl Cit\u00e9 Danzas Saint-Louis (3)\" data-full-url=\"https:\/\/pokaa.fr\/wp-content\/uploads\/2025\/12\/03\/marche-de-noel-cite-danzas-saint-louis-3-1500x831.png\" decoding=\"async\" loading=\"lazy\"  \/>            <\/p>\n<p>                    \u00a9 Ville de Saint-Louis \/ Documents remis<\/p>\n<p>Par-del\u00e0 les fronti\u00e8res : No\u00ebl en trois dimensions<\/p>\n<p>L\u2019avantage du Pays de Saint-Louis, c\u2019est qu\u2019on peut f\u00eater No\u00ebl \u00e0 la sauce de <strong>trois pays diff\u00e9rents.<\/strong> En traversant le Rhin, vous pouvez aller vous r\u00e9galer au march\u00e9 de No\u00ebl de <strong>L\u00f6rrach, du 5 au 14 d\u00e9cembre.<\/strong> L\u2019occasion de d\u00e9guster des gourmandises, tout en profitant <strong>des diff\u00e9rents concerts<\/strong> de l\u2019\u00e9cole de musique.<\/p>\n<p>Du c\u00f4t\u00e9 Suisse, <strong>l\u2019immanquable march\u00e9 de B\u00e2le se tient jusqu\u2019au 23 d\u00e9cembre<\/strong>, avec ses d\u00e9cors \u00e0 tomber. De quoi vous r\u00e9chauffer le c\u0153ur au bord du Rhin, et faire une escapade d\u00e9paysante dans la magie de No\u00ebl.<\/p>\n<p>                <a href=\"https:\/\/pokaa.fr\/2022\/12\/03\/concert-dans-une-roulotte-street-food-et-feerie-on-a-decouvert-le-tres-mignon-marche-de-noel-de-bale\/\" target=\"_blank\" rel=\"noopener\"><br \/>\n                    <img width=\"450\" height=\"270\" src=\"https:\/\/www.europesays.com\/fr\/wp-content\/uploads\/2025\/11\/image00067-450x270.jpeg\" class=\"attachment-card-horizontal--same-subject size-card-horizontal--same-subject wp-post-image\" alt=\"\" decoding=\"async\" loading=\"lazy\"\/>                <\/a><\/p>\n<p>                <img width=\"765\" height=\"500\" src=\"https:\/\/www.europesays.com\/fr\/wp-content\/uploads\/2025\/12\/marche-de-noel-lorrach-2-765x500.png\" class=\"attachment-gallery size-gallery\" alt=\"March\u00e9 de noel L\u00f6rrach (2)\" data-full-url=\"https:\/\/pokaa.fr\/wp-content\/uploads\/2025\/12\/03\/marche-de-noel-lorrach-2.png\" decoding=\"async\" loading=\"lazy\"  \/>            <\/p>\n<p>                <img width=\"754\" height=\"500\" src=\"https:\/\/www.europesays.com\/fr\/wp-content\/uploads\/2025\/12\/marche-de-noel-lorrach-1-754x500.png\" class=\"attachment-gallery size-gallery\" alt=\"March\u00e9 de noel L\u00f6rrach (1)\" data-full-url=\"https:\/\/pokaa.fr\/wp-content\/uploads\/2025\/12\/03\/marche-de-noel-lorrach-1.png\" decoding=\"async\" loading=\"lazy\"  \/>            <\/p>\n<p>                <img width=\"375\" height=\"500\" src=\"https:\/\/www.europesays.com\/fr\/wp-content\/uploads\/2025\/12\/image00028-375x500.jpeg\" class=\"attachment-gallery size-gallery\" alt=\"b\u00e2le no\u00ebl\" data-full-url=\"https:\/\/pokaa.fr\/wp-content\/uploads\/2022\/12\/image00028.jpeg\" decoding=\"async\" loading=\"lazy\"  \/>            <\/p>\n<p>                <img width=\"375\" height=\"500\" src=\"https:\/\/www.europesays.com\/fr\/wp-content\/uploads\/2025\/11\/image00063-375x500.jpeg\" class=\"attachment-gallery size-gallery\" alt=\"b\u00e2le no\u00ebl\" data-full-url=\"https:\/\/pokaa.fr\/wp-content\/uploads\/2022\/12\/image00063.jpeg\" decoding=\"async\" loading=\"lazy\"  \/>            <\/p>\n<p>                <img width=\"667\" height=\"500\" src=\"https:\/\/www.europesays.com\/fr\/wp-content\/uploads\/2025\/12\/image00046-667x500.jpeg\" class=\"attachment-gallery size-gallery\" alt=\"b\u00e2le no\u00ebl\" data-full-url=\"https:\/\/pokaa.fr\/wp-content\/uploads\/2022\/12\/image00046.jpeg\" decoding=\"async\" loading=\"lazy\"  \/>            <\/p>\n<p>                    1. 2. \u00a9 Ville de L\u00f6rrach \/ Documents remis ; 3. \u00e0 5. B\u00e2le. \u00a9 Bastien Pietronave \/ Pokaa<\/p>\n<p>Finir l\u2019escapade par une \u00e9tape artistique<\/p>\n<p><strong>C\u00f4t\u00e9 culture,<\/strong> on n\u2019est pas en reste\u00a0: <strong><a href=\"https:\/\/pokaa.fr\/2025\/11\/15\/plus-de-300-oeuvres-fascinantes-yayoi-kusama-expose-son-art-a-1h30-de-strasbourg\/\" target=\"_blank\" rel=\"noopener\">la Fondation Beyeler, juste \u00e0 c\u00f4t\u00e9 de B\u00e2le, accueille l\u2019exposition de Yayoi Kusama<\/a> jusqu\u2019au 25 janvier,<\/strong> avec des installations immersives \u00e0 couper le souffle. Et pour finir le tour de Saint-Louis, <strong>la Fondation Fernet-Branca pr\u00e9sente une expo photo,<\/strong> avec 9 artistes qui exp\u00e9rimentent autour de la d\u00e9construction de l\u2019image.<\/p>\n<p>                <img width=\"400\" height=\"500\" src=\"https:\/\/www.europesays.com\/fr\/wp-content\/uploads\/2025\/11\/screen-expo-kusama-400x500.jpg\" class=\"attachment-gallery size-gallery\" alt=\"kusama\" data-full-url=\"https:\/\/pokaa.fr\/wp-content\/uploads\/2025\/11\/10\/screen-expo-kusama.jpg\" decoding=\"async\" loading=\"lazy\"  \/>            <\/p>\n<p>                <img width=\"667\" height=\"500\" src=\"https:\/\/www.europesays.com\/fr\/wp-content\/uploads\/2025\/11\/installationsansicht-infinity-mirrored-room-the-hope-of-the-polka-dots-39889-def-667x500.jpg\" class=\"attachment-gallery size-gallery\" alt=\"Yayoi Kusama\" data-full-url=\"https:\/\/pokaa.fr\/wp-content\/uploads\/2025\/11\/14\/installationsansicht-infinity-mirrored-room-the-hope-of-the-polka-dots-39889-def.jpg\" decoding=\"async\" loading=\"lazy\"  \/>            <\/p>\n<p>                <img width=\"400\" height=\"400\" src=\"https:\/\/www.europesays.com\/fr\/wp-content\/uploads\/2025\/12\/julien-salinas-le-ciel-est-noir-2025.jpg\" class=\"attachment-gallery size-gallery\" alt=\"Julien Salinas le ciel est noir 2025\" data-full-url=\"https:\/\/www.europesays.com\/fr\/wp-content\/uploads\/2025\/12\/julien-salinas-le-ciel-est-noir-2025.jpg\" decoding=\"async\" loading=\"lazy\"  \/>            <\/p>\n<p>                <img width=\"531\" height=\"400\" src=\"https:\/\/www.europesays.com\/fr\/wp-content\/uploads\/2025\/12\/ffb-2025-structures-martin-bilinovac-gewachshaus-iii-web.jpg\" class=\"attachment-gallery size-gallery\" alt=\"Martin_Bilinovac_Gewachshaus_III_web\" data-full-url=\"https:\/\/www.europesays.com\/fr\/wp-content\/uploads\/2025\/12\/ffb-2025-structures-martin-bilinovac-gewachshaus-iii-web.jpg\" decoding=\"async\" loading=\"lazy\"  \/>            <\/p>\n<p>                <img width=\"414\" height=\"500\" src=\"https:\/\/www.europesays.com\/fr\/wp-content\/uploads\/2025\/12\/capture-decran-2025-12-03-171929-414x500.png\" class=\"attachment-gallery size-gallery\" alt=\"Fondation Fernet-Branca Saint Louis\" data-full-url=\"https:\/\/pokaa.fr\/wp-content\/uploads\/2025\/12\/03\/capture-decran-2025-12-03-171929.png\" decoding=\"async\" loading=\"lazy\"  \/>            <\/p>\n<p>                    1. 2. \u00a9 Yayoi Kusama &#8211; Mark Niedermann &#8211; Fondation Beyeler, 3. \u00a9 Julien Salinas, 4. \u00a9 Martin Bilinovac, 5. \u00a9 Fondation Fernet-Branca \/ Captures d&rsquo;\u00e9cran<\/p>\n<p>                <a href=\"https:\/\/pokaa.fr\/2025\/11\/15\/plus-de-300-oeuvres-fascinantes-yayoi-kusama-expose-son-art-a-1h30-de-strasbourg\/\" target=\"_blank\" rel=\"noopener\"><br \/>\n                    <img width=\"450\" height=\"270\" src=\"https:\/\/www.europesays.com\/fr\/wp-content\/uploads\/2025\/12\/c1-450x270.jpg\" class=\"attachment-card-horizontal--same-subject size-card-horizontal--same-subject wp-post-image\" alt=\"\" decoding=\"async\" loading=\"lazy\"\/>                <\/a><\/p>\n<p>Ce programme n\u2019est qu\u2019un aper\u00e7u de tout ce que vous pouvez faire dans la r\u00e9gion pendant le mois de d\u00e9cembre. <strong>Pour d\u2019autres id\u00e9es ou plus d\u2019infos, c\u2019est <a href=\"https:\/\/www.saintlouis-tourisme.fr\/plus-demotions\/lagenda\/recherche\/themes\/noel\/\" target=\"_blank\" rel=\"noopener\">par ici<\/a>\u00a0! Et vous, vous avez des recommandations dans le coin\u00a0?<\/strong><\/p>\n<p>    <img width=\"800\" height=\"526\" src=\"https:\/\/www.europesays.com\/fr\/wp-content\/uploads\/2025\/12\/marche-de-noel-cite-danzas-saint-louis-2-800x526.png\" class=\"attachment-image-size-L size-image-size-L\" alt=\"March\u00e9 de No\u00ebl Cit\u00e9 Danzas Saint-Louis (2)\" decoding=\"async\" loading=\"lazy\"  \/>         \u00a9 Ville de Saint-Louis \/ Document remis <\/p>\n","protected":false},"excerpt":{"rendered":"Envie de profiter de la magie de No\u00ebl en faisant un city trip, le temps d\u2019un week-end loin&hellip;\n","protected":false},"author":2,"featured_media":578799,"comment_status":"","ping_status":"","sticky":false,"template":"","format":"standard","meta":{"footnotes":""},"categories":[2820],"tags":[1111,11,7447,1777,674,1011,27,775,36053,12,25,13969,640,47516],"class_list":{"0":"post-578798","1":"post","2":"type-post","3":"status-publish","4":"format-standard","5":"has-post-thumbnail","7":"category-strasbourg","8":"tag-actu","9":"tag-actualites","10":"tag-bale","11":"tag-eu","12":"tag-europe","13":"tag-fr","14":"tag-france","15":"tag-grand-est","16":"tag-marche-de-noel","17":"tag-news","18":"tag-republique-francaise","19":"tag-saint-louis","20":"tag-strasbourg","21":"tag-yayoi-kusama"},"share_on_mastodon":{"url":"https:\/\/pubeurope.com\/@fr\/115664394804989330","error":""},"_links":{"self":[{"href":"https:\/\/www.europesays.com\/fr\/wp-json\/wp\/v2\/posts\/578798","targetHints":{"allow":["GET"]}}],"collection":[{"href":"https:\/\/www.europesays.com\/fr\/wp-json\/wp\/v2\/posts"}],"about":[{"href":"https:\/\/www.europesays.com\/fr\/wp-json\/wp\/v2\/types\/post"}],"author":[{"embeddable":true,"href":"https:\/\/www.europesays.com\/fr\/wp-json\/wp\/v2\/users\/2"}],"replies":[{"embeddable":true,"href":"https:\/\/www.europesays.com\/fr\/wp-json\/wp\/v2\/comments?post=578798"}],"version-history":[{"count":0,"href":"https:\/\/www.europesays.com\/fr\/wp-json\/wp\/v2\/posts\/578798\/revisions"}],"wp:featuredmedia":[{"embeddable":true,"href":"https:\/\/www.europesays.com\/fr\/wp-json\/wp\/v2\/media\/578799"}],"wp:attachment":[{"href":"https:\/\/www.europesays.com\/fr\/wp-json\/wp\/v2\/media?parent=578798"}],"wp:term":[{"taxonomy":"category","embeddable":true,"href":"https:\/\/www.europesays.com\/fr\/wp-json\/wp\/v2\/categories?post=578798"},{"taxonomy":"post_tag","embeddable":true,"href":"https:\/\/www.europesays.com\/fr\/wp-json\/wp\/v2\/tags?post=578798"}],"curies":[{"name":"wp","href":"https:\/\/api.w.org\/{rel}","templated":true}]}}