{"id":578804,"date":"2025-12-05T01:37:20","date_gmt":"2025-12-05T01:37:20","guid":{"rendered":"https:\/\/www.europesays.com\/fr\/578804\/"},"modified":"2025-12-05T01:37:20","modified_gmt":"2025-12-05T01:37:20","slug":"les-cambriolages-en-forte-hausse-dans-lagglomeration-nantaise-il-faut-compliquer-la-vie-des","status":"publish","type":"post","link":"https:\/\/www.europesays.com\/fr\/578804\/","title":{"rendered":"Les cambriolages en forte hausse dans l\u2019agglom\u00e9ration nantaise : \u00ab Il faut compliquer la vie des"},"content":{"rendered":"<p>\u00c0 Nantes d\u2019abord. Mais aussi \u00e0 Saint-Herblain et Orvault.<\/p>\n<p>Depuis deux mois environ, le nombre de cambriolages a bondi dans ces trois communes de l\u2019agglom\u00e9ration nantaise. \u00c0 la Direction interd\u00e9partementale de la police nationale (DIPN), une carte est quotidiennement actualis\u00e9e.<\/p>\n<p>Et l\u2019on observe que les faits sont assez diffus, &#8230;<\/p>\n<p>\u00a0<\/p>\n","protected":false},"excerpt":{"rendered":"\u00c0 Nantes d\u2019abord. Mais aussi \u00e0 Saint-Herblain et Orvault. Depuis deux mois environ, le nombre de cambriolages a&hellip;\n","protected":false},"author":2,"featured_media":578805,"comment_status":"","ping_status":"","sticky":false,"template":"","format":"standard","meta":{"footnotes":""},"categories":[2818],"tags":[1111,11,38929,9462,69292,1777,674,8290,9212,1011,27,4508,7127,766,12,2636,25,4717,42807],"class_list":{"0":"post-578804","1":"post","2":"type-post","3":"status-publish","4":"format-standard","5":"has-post-thumbnail","7":"category-nantes","8":"tag-actu","9":"tag-actualites","10":"tag-agglomeration","11":"tag-cambriolages","12":"tag-compliquer","13":"tag-eu","14":"tag-europe","15":"tag-faut","16":"tag-forte","17":"tag-fr","18":"tag-france","19":"tag-hausse","20":"tag-nantaise","21":"tag-nantes","22":"tag-news","23":"tag-pays-de-la-loire","24":"tag-republique-francaise","25":"tag-vie","26":"tag-voleurs"},"share_on_mastodon":{"url":"https:\/\/pubeurope.com\/@fr\/115664404030097582","error":""},"_links":{"self":[{"href":"https:\/\/www.europesays.com\/fr\/wp-json\/wp\/v2\/posts\/578804","targetHints":{"allow":["GET"]}}],"collection":[{"href":"https:\/\/www.europesays.com\/fr\/wp-json\/wp\/v2\/posts"}],"about":[{"href":"https:\/\/www.europesays.com\/fr\/wp-json\/wp\/v2\/types\/post"}],"author":[{"embeddable":true,"href":"https:\/\/www.europesays.com\/fr\/wp-json\/wp\/v2\/users\/2"}],"replies":[{"embeddable":true,"href":"https:\/\/www.europesays.com\/fr\/wp-json\/wp\/v2\/comments?post=578804"}],"version-history":[{"count":0,"href":"https:\/\/www.europesays.com\/fr\/wp-json\/wp\/v2\/posts\/578804\/revisions"}],"wp:featuredmedia":[{"embeddable":true,"href":"https:\/\/www.europesays.com\/fr\/wp-json\/wp\/v2\/media\/578805"}],"wp:attachment":[{"href":"https:\/\/www.europesays.com\/fr\/wp-json\/wp\/v2\/media?parent=578804"}],"wp:term":[{"taxonomy":"category","embeddable":true,"href":"https:\/\/www.europesays.com\/fr\/wp-json\/wp\/v2\/categories?post=578804"},{"taxonomy":"post_tag","embeddable":true,"href":"https:\/\/www.europesays.com\/fr\/wp-json\/wp\/v2\/tags?post=578804"}],"curies":[{"name":"wp","href":"https:\/\/api.w.org\/{rel}","templated":true}]}}