{"id":578810,"date":"2025-12-05T01:41:13","date_gmt":"2025-12-05T01:41:13","guid":{"rendered":"https:\/\/www.europesays.com\/fr\/578810\/"},"modified":"2025-12-05T01:41:13","modified_gmt":"2025-12-05T01:41:13","slug":"previsions-du-vendredi-5-decembre-2025-3","status":"publish","type":"post","link":"https:\/\/www.europesays.com\/fr\/578810\/","title":{"rendered":"pr\u00e9visions du vendredi 5 d\u00e9cembre 2025"},"content":{"rendered":"<p>La grisaille ne se disperse toujours pas, il y aura encore des nuages aujourd&rsquo;hui. Les temp\u00e9ratures seront de 9\u00b0C \u00e0 Bordeaux. Une brise de sud-ouest soufflera l\u00e9g\u00e8rement. Le matin, le soleil sera cach\u00e9 derri\u00e8re de l\u00e9gers nuages. On anticipe des valeurs avoisinant 8\u00b0C. Le soleil peinera \u00e0 percer au milieu des nuages qui perdureront dans l&rsquo;apr\u00e8s-midi. Mauvais temps : on pr\u00e9voit des pluies \u00e9parses. Les maximales atteindront les 11\u00b0C alors que les minimales seront de 9\u00b0C. Il faudra emporter son parapluie le soir pour se prot\u00e9ger des pluies \u00e9parses. Il va faire 10\u00b0C en moyenne. On s&rsquo;attend \u00e0 une nuit pluvieuse entre vendredi et samedi.<\/p>\n<p>Demain, Bordeaux devra encore attendre avant que les nuages ne se dissipent. Des pluies \u00e9parses vont tomber sur la ville. Une m\u00e9t\u00e9o plus chaude est \u00e0 pr\u00e9voir \u00e9tant donn\u00e9 que le mercure va enregistrer une l\u00e9g\u00e8re hausse. Les temp\u00e9ratures afficheront entre 12 et 15\u00b0C. Un vent de sud-ouest rafra\u00eechira un peu l&rsquo;atmosph\u00e8re. Le matin, toujours des nuages dans le ciel qui emp\u00eachent le soleil de faire son apparition. Les valeurs seront comprises entre 12 et 15\u00b0C. Les nuages \u00e0 pr\u00e9voir demain apr\u00e8s-midi, et un ciel encore gris. Les temp\u00e9ratures s&rsquo;\u00e9chelonneront entre 12\u00b0C et 15\u00b0C. On notera la pr\u00e9sence persistante de nuages demain soir. Du mauvais temps est \u00e0 pr\u00e9voir. Des pluies \u00e9parses vont tomber.<\/p>\n<p>Une am\u00e9lioration est pr\u00e9vue pour les jours \u00e0 venir. Comptez sur 14\u00b0C en moyenne qui accompagneront des journ\u00e9es ensoleill\u00e9es.<\/p>\n<p><\/p>\n","protected":false},"excerpt":{"rendered":"La grisaille ne se disperse toujours pas, il y aura encore des nuages aujourd&rsquo;hui. Les temp\u00e9ratures seront de&hellip;\n","protected":false},"author":2,"featured_media":578811,"comment_status":"","ping_status":"","sticky":false,"template":"","format":"standard","meta":{"footnotes":""},"categories":[2817],"tags":[1111,11,1997,1777,674,1011,27,12,2219,2119,25],"class_list":{"0":"post-578810","1":"post","2":"type-post","3":"status-publish","4":"format-standard","5":"has-post-thumbnail","7":"category-bordeaux","8":"tag-actu","9":"tag-actualites","10":"tag-bordeaux","11":"tag-eu","12":"tag-europe","13":"tag-fr","14":"tag-france","15":"tag-news","16":"tag-nouvelle-aquitaine","17":"tag-previsions-meteo","18":"tag-republique-francaise"},"share_on_mastodon":{"url":"https:\/\/pubeurope.com\/@fr\/115664419840076130","error":""},"_links":{"self":[{"href":"https:\/\/www.europesays.com\/fr\/wp-json\/wp\/v2\/posts\/578810","targetHints":{"allow":["GET"]}}],"collection":[{"href":"https:\/\/www.europesays.com\/fr\/wp-json\/wp\/v2\/posts"}],"about":[{"href":"https:\/\/www.europesays.com\/fr\/wp-json\/wp\/v2\/types\/post"}],"author":[{"embeddable":true,"href":"https:\/\/www.europesays.com\/fr\/wp-json\/wp\/v2\/users\/2"}],"replies":[{"embeddable":true,"href":"https:\/\/www.europesays.com\/fr\/wp-json\/wp\/v2\/comments?post=578810"}],"version-history":[{"count":0,"href":"https:\/\/www.europesays.com\/fr\/wp-json\/wp\/v2\/posts\/578810\/revisions"}],"wp:featuredmedia":[{"embeddable":true,"href":"https:\/\/www.europesays.com\/fr\/wp-json\/wp\/v2\/media\/578811"}],"wp:attachment":[{"href":"https:\/\/www.europesays.com\/fr\/wp-json\/wp\/v2\/media?parent=578810"}],"wp:term":[{"taxonomy":"category","embeddable":true,"href":"https:\/\/www.europesays.com\/fr\/wp-json\/wp\/v2\/categories?post=578810"},{"taxonomy":"post_tag","embeddable":true,"href":"https:\/\/www.europesays.com\/fr\/wp-json\/wp\/v2\/tags?post=578810"}],"curies":[{"name":"wp","href":"https:\/\/api.w.org\/{rel}","templated":true}]}}