{"id":578814,"date":"2025-12-05T01:43:13","date_gmt":"2025-12-05T01:43:13","guid":{"rendered":"https:\/\/www.europesays.com\/fr\/578814\/"},"modified":"2025-12-05T01:43:13","modified_gmt":"2025-12-05T01:43:13","slug":"previsions-du-vendredi-5-decembre-2025-4","status":"publish","type":"post","link":"https:\/\/www.europesays.com\/fr\/578814\/","title":{"rendered":"pr\u00e9visions du vendredi 5 d\u00e9cembre 2025"},"content":{"rendered":"<p>C&rsquo;est sous un ciel maussade que va se d\u00e9rouler la journ\u00e9e. Les nuages se maintiennent sur Toulouse. Les maximales pourront atteindre 11\u00b0C tandis que les minimales seront de 6\u00b0C. Une l\u00e9g\u00e8re brise d&rsquo;ouest soufflera. Le matin, toujours des nuages dans le ciel qui emp\u00eachent le soleil d&rsquo;appara\u00eetre. Des pluies \u00e9parses tomberont. Les valeurs s&rsquo;\u00e9chelonneront entre 6 et 10\u00b0C. Des \u00e9claircies feront leur apparition dans l&rsquo;apr\u00e8s-midi. Les temp\u00e9ratures s&rsquo;\u00e9chelonneront de 9 \u00e0 11\u00b0C. C&rsquo;est \u00e0 un ciel tapiss\u00e9 de nuages qu&rsquo;il faudra s&rsquo;attendre le soir. Des pluies \u00e9parses sont pr\u00e9vues. On anticipe des valeurs d&rsquo;environ 9\u00b0C. Pendant que vous dormirez, dans la nuit de vendredi \u00e0 samedi, le ciel sera pluvieux.<\/p>\n<p>On notera la pr\u00e9sence persistante de nuages demain \u00e0 Toulouse. La m\u00e9t\u00e9o va se r\u00e9chauffer avec une augmentation de quelques degr\u00e9s. Il va faire en moyenne 11\u00b0C. Encore de la grisaille le matin. Les nuages vont s&rsquo;attarder. Il faudra pr\u00e9voir son parapluie pour \u00e9viter les pluies \u00e9parses. Les temp\u00e9ratures afficheront entre 9 et 12\u00b0C. Un vent de sud-ouest rafra\u00eechira un peu l&rsquo;atmosph\u00e8re. L&rsquo;apr\u00e8s-midi va rester voil\u00e9 \u00e0 cause de nuages qui perdurent dans le ciel. Les valeurs seront comprises entre 12\u00b0C et 14\u00b0C. On annonce des \u00e9claircies pour cette soir\u00e9e. Un petit vent de sud-ouest sera ressenti par les habitants.<\/p>\n<p>Une am\u00e9lioration est pr\u00e9vue les jours suivants. Une m\u00e9t\u00e9o ensoleill\u00e9e, avec des temp\u00e9ratures de 14\u00b0C environ, est attendue.<\/p>\n<p><\/p>\n","protected":false},"excerpt":{"rendered":"C&rsquo;est sous un ciel maussade que va se d\u00e9rouler la journ\u00e9e. Les nuages se maintiennent sur Toulouse. Les&hellip;\n","protected":false},"author":2,"featured_media":578815,"comment_status":"","ping_status":"","sticky":false,"template":"","format":"standard","meta":{"footnotes":""},"categories":[2816],"tags":[1111,11,1777,674,1011,27,12,2680,2119,25,2312],"class_list":{"0":"post-578814","1":"post","2":"type-post","3":"status-publish","4":"format-standard","5":"has-post-thumbnail","7":"category-toulouse","8":"tag-actu","9":"tag-actualites","10":"tag-eu","11":"tag-europe","12":"tag-fr","13":"tag-france","14":"tag-news","15":"tag-occitanie","16":"tag-previsions-meteo","17":"tag-republique-francaise","18":"tag-toulouse"},"share_on_mastodon":{"url":"https:\/\/pubeurope.com\/@fr\/115664427669873757","error":""},"_links":{"self":[{"href":"https:\/\/www.europesays.com\/fr\/wp-json\/wp\/v2\/posts\/578814","targetHints":{"allow":["GET"]}}],"collection":[{"href":"https:\/\/www.europesays.com\/fr\/wp-json\/wp\/v2\/posts"}],"about":[{"href":"https:\/\/www.europesays.com\/fr\/wp-json\/wp\/v2\/types\/post"}],"author":[{"embeddable":true,"href":"https:\/\/www.europesays.com\/fr\/wp-json\/wp\/v2\/users\/2"}],"replies":[{"embeddable":true,"href":"https:\/\/www.europesays.com\/fr\/wp-json\/wp\/v2\/comments?post=578814"}],"version-history":[{"count":0,"href":"https:\/\/www.europesays.com\/fr\/wp-json\/wp\/v2\/posts\/578814\/revisions"}],"wp:featuredmedia":[{"embeddable":true,"href":"https:\/\/www.europesays.com\/fr\/wp-json\/wp\/v2\/media\/578815"}],"wp:attachment":[{"href":"https:\/\/www.europesays.com\/fr\/wp-json\/wp\/v2\/media?parent=578814"}],"wp:term":[{"taxonomy":"category","embeddable":true,"href":"https:\/\/www.europesays.com\/fr\/wp-json\/wp\/v2\/categories?post=578814"},{"taxonomy":"post_tag","embeddable":true,"href":"https:\/\/www.europesays.com\/fr\/wp-json\/wp\/v2\/tags?post=578814"}],"curies":[{"name":"wp","href":"https:\/\/api.w.org\/{rel}","templated":true}]}}