{"id":578816,"date":"2025-12-05T01:44:32","date_gmt":"2025-12-05T01:44:32","guid":{"rendered":"https:\/\/www.europesays.com\/fr\/578816\/"},"modified":"2025-12-05T01:44:32","modified_gmt":"2025-12-05T01:44:32","slug":"cyclistes-et-usagers-de-trottinettes-sensibilises-a-limportance-de-leclairage","status":"publish","type":"post","link":"https:\/\/www.europesays.com\/fr\/578816\/","title":{"rendered":"Cyclistes et usagers de trottinettes sensibilis\u00e9s \u00e0 l\u2019importance de l\u2019\u00e9clairage"},"content":{"rendered":"<p class=\"introduction\">\u00c0 l\u2019approche de l\u2019hiver, la Ville de Roubaix, aux c\u00f4t\u00e9s de la Police municipale et de l\u2019association Droit au V\u00e9lo, a men\u00e9 plusieurs actions pour sensibiliser cyclistes et usagers de trottinettes \u00e0 l\u2019importance de l\u2019\u00e9clairage. Entre pr\u00e9vention, distribution d\u2019\u00e9quipements et contr\u00f4les cibl\u00e9s, l\u2019objectif est clair : renforcer la s\u00e9curit\u00e9 de tous dans des conditions de circulation nocturne plus risqu\u00e9es.<\/p>\n<p>Un stand de sensibilisation au carrefour du boulevard de Douai<\/p>\n<p>Install\u00e9e \u00e0 proximit\u00e9 de l\u2019arr\u00eat de tramway H\u00f4pital Victor-Provo, au croisement du boulevard de Douai et du boulevard du G\u00e9n\u00e9ral-de-Gaulle, l\u2019<a href=\"https:\/\/droitauvelo.org\/\" target=\"_blank\" rel=\"noopener\">ADAV<\/a> a accueilli les cyclistes pour rappeler les r\u00e8gles d\u2019\u00e9clairage indispensables, en donnant des conseils pour \u00eatre bien vu la nuit, en v\u00e9rifiant les \u00e9quipements et en distribuant des accessoires d\u2019\u00e9clairage en cas de besoin.<\/p>\n<p>Pourquoi cette vigilance renforc\u00e9e ?<\/p>\n<p>Ces actions s\u2019appuient sur plusieurs constats alarmants :<\/p>\n<ol>\n<li><strong>Moins de 10 % des trajets \u00e0 v\u00e9lo ont lieu la nuit<\/strong>, mais ils repr\u00e9sentent <strong>20 % des accidents corporels ou mortels<\/strong> (Bilan S\u00e9curit\u00e9 Routi\u00e8re 2018).<\/li>\n<li><strong>+34 % d\u2019accidents impliquant un pi\u00e9ton<\/strong> lors de l\u2019heure de pointe du soir (17h\u201319h). En 2024, <strong>46 % des pi\u00e9tons tu\u00e9s<\/strong> l\u2019ont \u00e9t\u00e9 de nuit (ONISR).<\/li>\n<li><strong>57 % des cyclistes<\/strong> roulent en ville la nuit <strong>sans \u00e9clairage adapt\u00e9<\/strong> (Pr\u00e9vention Routi\u00e8re).<br \/>Du c\u00f4t\u00e9 des trottinettes, <strong>46 % des usagers n\u2019allument pas leurs feux<\/strong> (Assurance Pr\u00e9vention).<\/li>\n<\/ol>\n<p>Des chiffres qui justifient des actions de pr\u00e9vention, mais aussi des contr\u00f4les plus fermes lorsque les dangers sont av\u00e9r\u00e9s.<\/p>\n<p>Rappel : les \u00e9quipements obligatoires \u00e0 v\u00e9lo<\/p>\n<p>Pour circuler de nuit ou par faible visibilit\u00e9, le v\u00e9lo doit \u00eatre \u00e9quip\u00e9 de :<\/p>\n<ul>\n<li>une <strong>lumi\u00e8re avant blanche ou jaune<\/strong>,<\/li>\n<li>une <strong>lumi\u00e8re arri\u00e8re rouge non clignotante<\/strong>,<\/li>\n<li>des <strong>catadioptres orange sur chaque roue<\/strong>,<\/li>\n<li>des catadioptres <strong>avant et arri\u00e8re<\/strong>,<\/li>\n<li>des catadioptres <strong>orange sur chaque p\u00e9dale<\/strong>,<\/li>\n<li>un <strong>gilet r\u00e9fl\u00e9chissant<\/strong> hors agglom\u00e9ration la nuit.<\/li>\n<\/ul>\n<p>Pr\u00e9vention puis verbalisation : le bilan des op\u00e9rations de la Police municipale<\/p>\n<p>D\u00e9but d\u00e9cembre, la Police municipale a men\u00e9 trois points fixes (deux pr\u00e9ventifs, suivis d\u2019un contr\u00f4le r\u00e9pressif) rue de Barbieux, \u00e0 l\u2019angle de l\u2019avenue Gustave-Delory.<\/p>\n<p><strong>Les infractions constat\u00e9es <\/strong>correspondent \u00e0 des <strong>d\u00e9faut d\u2019\u00e9clairage<\/strong>, <strong>conduite avec casque audio<\/strong> ou <strong>transport de passager<\/strong> (s) sur trottinette\u2026 Sans \u00e9clairage, parfois \u00e0 deux ou trois par trottinette, casque audio sur les oreilles, certains n\u2019h\u00e9sitent pas \u00e0 <strong>franchir un feu rouge fixe<\/strong> dans une zone pourtant accidentog\u00e8ne.<\/p>\n<p>Face \u00e0 l\u2019augmentation de l\u2019utilisation de ces modes de d\u00e9placements et au trafic dense aux heures de pointe, la Ville de Roubaix rappelle <strong>l\u2019importance de l\u2019\u00e9clairage et de la visibilit\u00e9 pour tous les usagers, cyclistes comme pi\u00e9tons.<\/strong> Ces op\u00e9rations de pr\u00e9vention et de contr\u00f4le se poursuivront, de mani\u00e8re r\u00e9guli\u00e8re, afin de renforcer la s\u00e9curit\u00e9 de chacun.<\/p>\n","protected":false},"excerpt":{"rendered":"\u00c0 l\u2019approche de l\u2019hiver, la Ville de Roubaix, aux c\u00f4t\u00e9s de la Police municipale et de l\u2019association Droit&hellip;\n","protected":false},"author":2,"featured_media":578817,"comment_status":"","ping_status":"","sticky":false,"template":"","format":"standard","meta":{"footnotes":""},"categories":[2815],"tags":[1111,11,1777,674,1011,27,811,1307,12,6543,25,656,37328,208],"class_list":{"0":"post-578816","1":"post","2":"type-post","3":"status-publish","4":"format-standard","5":"has-post-thumbnail","7":"category-lille","8":"tag-actu","9":"tag-actualites","10":"tag-eu","11":"tag-europe","12":"tag-fr","13":"tag-france","14":"tag-hauts-de-france","15":"tag-lille","16":"tag-news","17":"tag-prevention","18":"tag-republique-francaise","19":"tag-securite","20":"tag-trottinettes","21":"tag-velo"},"share_on_mastodon":{"url":"https:\/\/pubeurope.com\/@fr\/115664431673884598","error":""},"_links":{"self":[{"href":"https:\/\/www.europesays.com\/fr\/wp-json\/wp\/v2\/posts\/578816","targetHints":{"allow":["GET"]}}],"collection":[{"href":"https:\/\/www.europesays.com\/fr\/wp-json\/wp\/v2\/posts"}],"about":[{"href":"https:\/\/www.europesays.com\/fr\/wp-json\/wp\/v2\/types\/post"}],"author":[{"embeddable":true,"href":"https:\/\/www.europesays.com\/fr\/wp-json\/wp\/v2\/users\/2"}],"replies":[{"embeddable":true,"href":"https:\/\/www.europesays.com\/fr\/wp-json\/wp\/v2\/comments?post=578816"}],"version-history":[{"count":0,"href":"https:\/\/www.europesays.com\/fr\/wp-json\/wp\/v2\/posts\/578816\/revisions"}],"wp:featuredmedia":[{"embeddable":true,"href":"https:\/\/www.europesays.com\/fr\/wp-json\/wp\/v2\/media\/578817"}],"wp:attachment":[{"href":"https:\/\/www.europesays.com\/fr\/wp-json\/wp\/v2\/media?parent=578816"}],"wp:term":[{"taxonomy":"category","embeddable":true,"href":"https:\/\/www.europesays.com\/fr\/wp-json\/wp\/v2\/categories?post=578816"},{"taxonomy":"post_tag","embeddable":true,"href":"https:\/\/www.europesays.com\/fr\/wp-json\/wp\/v2\/tags?post=578816"}],"curies":[{"name":"wp","href":"https:\/\/api.w.org\/{rel}","templated":true}]}}