{"id":578818,"date":"2025-12-05T01:45:18","date_gmt":"2025-12-05T01:45:18","guid":{"rendered":"https:\/\/www.europesays.com\/fr\/578818\/"},"modified":"2025-12-05T01:45:18","modified_gmt":"2025-12-05T01:45:18","slug":"previsions-du-vendredi-5-decembre-2025-5","status":"publish","type":"post","link":"https:\/\/www.europesays.com\/fr\/578818\/","title":{"rendered":"pr\u00e9visions du vendredi 5 d\u00e9cembre 2025"},"content":{"rendered":"<p>\u00c0 Lille, les temp\u00e9ratures afficheront entre 3\u00b0C et 7\u00b0C dans la journ\u00e9e. Le ciel va l\u00e9g\u00e8rement se d\u00e9gager dans la matin\u00e9e avec des \u00e9claircies. On pr\u00e9voit des valeurs d&rsquo;environ 4\u00b0C. Un vent de sud-ouest rafra\u00eechira l\u00e9g\u00e8rement l&rsquo;atmosph\u00e8re. Le soleil se montrerait plus t\u00f4t dans l&rsquo;apr\u00e8s-midi si de l\u00e9gers nuages ne g\u00eanaient pas son apparition. Les temp\u00e9ratures seront de 6\u00b0C au minimum et de 7\u00b0C au maximum. Les nuages \u00e0 pr\u00e9voir le soir, et un ciel encore gris. Durant votre sommeil, dans la nuit de vendredi \u00e0 samedi, le ciel sera pluvieux.<\/p>\n<p>Lille, o\u00f9 des nuages perdureront demain, continuera de guetter le soleil. Il va pleuvoir. Une m\u00e9t\u00e9o plus chaude est attendue \u00e9tant donn\u00e9 que les temp\u00e9ratures vont conna\u00eetre une augmentation. Les valeurs s&rsquo;\u00e9chelonneront entre 6 et 11\u00b0C. Un vent de sud-ouest, enregistrant 31 km\/h, soufflera. La matin\u00e9e va rester couverte \u00e0 cause de nuages qui persistent dans le ciel. Les temp\u00e9ratures seront comprises entre 9 et 10\u00b0C. Demain apr\u00e8s-midi, des nuages ne voudront pas c\u00e9der leur place au soleil. Les maximales pourront atteindre 11\u00b0C alors que les minimales seront de 10\u00b0C. Demain soir, encore des nuages dans le ciel qui emp\u00eachent le soleil de faire son apparition. Des pluies \u00e9parses tomberont. Les valeurs iront de 10 \u00e0 11\u00b0C.<\/p>\n<p>Un temps mitig\u00e9 est \u00e0 pr\u00e9voir les jours qui suivent. On s&rsquo;attend \u00e0 une d\u00e9gradation lundi, apr\u00e8s une journ\u00e9e nuageuse dimanche.<\/p>\n<p><\/p>\n","protected":false},"excerpt":{"rendered":"\u00c0 Lille, les temp\u00e9ratures afficheront entre 3\u00b0C et 7\u00b0C dans la journ\u00e9e. Le ciel va l\u00e9g\u00e8rement se d\u00e9gager&hellip;\n","protected":false},"author":2,"featured_media":578819,"comment_status":"","ping_status":"","sticky":false,"template":"","format":"standard","meta":{"footnotes":""},"categories":[2815],"tags":[1111,11,1777,674,1011,27,811,1307,12,2119,25],"class_list":{"0":"post-578818","1":"post","2":"type-post","3":"status-publish","4":"format-standard","5":"has-post-thumbnail","7":"category-lille","8":"tag-actu","9":"tag-actualites","10":"tag-eu","11":"tag-europe","12":"tag-fr","13":"tag-france","14":"tag-hauts-de-france","15":"tag-lille","16":"tag-news","17":"tag-previsions-meteo","18":"tag-republique-francaise"},"share_on_mastodon":{"url":"https:\/\/pubeurope.com\/@fr\/115664435926566049","error":""},"_links":{"self":[{"href":"https:\/\/www.europesays.com\/fr\/wp-json\/wp\/v2\/posts\/578818","targetHints":{"allow":["GET"]}}],"collection":[{"href":"https:\/\/www.europesays.com\/fr\/wp-json\/wp\/v2\/posts"}],"about":[{"href":"https:\/\/www.europesays.com\/fr\/wp-json\/wp\/v2\/types\/post"}],"author":[{"embeddable":true,"href":"https:\/\/www.europesays.com\/fr\/wp-json\/wp\/v2\/users\/2"}],"replies":[{"embeddable":true,"href":"https:\/\/www.europesays.com\/fr\/wp-json\/wp\/v2\/comments?post=578818"}],"version-history":[{"count":0,"href":"https:\/\/www.europesays.com\/fr\/wp-json\/wp\/v2\/posts\/578818\/revisions"}],"wp:featuredmedia":[{"embeddable":true,"href":"https:\/\/www.europesays.com\/fr\/wp-json\/wp\/v2\/media\/578819"}],"wp:attachment":[{"href":"https:\/\/www.europesays.com\/fr\/wp-json\/wp\/v2\/media?parent=578818"}],"wp:term":[{"taxonomy":"category","embeddable":true,"href":"https:\/\/www.europesays.com\/fr\/wp-json\/wp\/v2\/categories?post=578818"},{"taxonomy":"post_tag","embeddable":true,"href":"https:\/\/www.europesays.com\/fr\/wp-json\/wp\/v2\/tags?post=578818"}],"curies":[{"name":"wp","href":"https:\/\/api.w.org\/{rel}","templated":true}]}}