{"id":578830,"date":"2025-12-05T01:52:17","date_gmt":"2025-12-05T01:52:17","guid":{"rendered":"https:\/\/www.europesays.com\/fr\/578830\/"},"modified":"2025-12-05T01:52:17","modified_gmt":"2025-12-05T01:52:17","slug":"une-proprietaire-condamnee-pour-abandon-et-mauvais-traitement-sur-ses-animaux","status":"publish","type":"post","link":"https:\/\/www.europesays.com\/fr\/578830\/","title":{"rendered":"une propri\u00e9taire condamn\u00e9e pour abandon et mauvais traitement sur ses animaux"},"content":{"rendered":"<p class=\"article__intro\">Une propri\u00e9taire de chevaux et d&rsquo;un \u00e2ne a \u00e9t\u00e9 reconnue coupable d&rsquo;abandon volontaire d&rsquo;animaux et de mauvais traitement, jeudi 4 d\u00e9cembre 2025, par le tribunal de Foix (Ari\u00e8ge). Les audiences pour maltraitance deviennent de plus en plus r\u00e9currentes, mais les associations de d\u00e9fense des animaux regrettent que les peines ne soient pas assez lourdes.<\/p>\n<p>\n      L\u2019actu des r\u00e9gions\n    <\/p>\n<p>\n      Chaque jour, un tour d\u2019horizon des principales infos de toutes les r\u00e9gions.\n    <\/p>\n<p>    France T\u00e9l\u00e9visions utilise votre adresse e-mail afin de vous envoyer la newsletter \u00ab\u00a0L\u2019actu des r\u00e9gions\u00a0\u00bb. Vous pouvez vous d\u00e9sinscrire \u00e0 tout moment via le lien en bas de cette newsletter. <a target=\"_blank\" href=\"https:\/\/www.francetelevisions.fr\/groupe\/confidentialite\/politique-de-confidentialite\/politique-de-confidentialite-de-france-televisions-6503\" rel=\"noopener\">Notre politique de confidentialit\u00e9<\/a><\/p>\n<p>\u00ab\u00a0J&rsquo;ai film\u00e9 les chevaux, ils \u00e9taient dans un \u00e9tat catastrophique, se rem\u00e9more Johanna Randavel, pr\u00e9sidente de l&rsquo;association <a href=\"https:\/\/www.facebook.com\/libreenbarguillere\/\" target=\"_blank\" rel=\"noopener noreferrer nofollow\" data-tooltip-url=\"https:\/\/www.facebook.com\/libreenbarguillere\/\">Libre en Barguill\u00e8re<\/a>. J&rsquo;ai constat\u00e9 que les chevaux mangeaient des ronces, mangeaient leur crottin. Il n&rsquo;y avait absolument pas de foin, il n&rsquo;y avait pas d&rsquo;eau.\u00a0\u00bb Le 2 janvier dernier, suite \u00e0 un signalement, Johanna Randavel se rend dans un champ \u00e0 Luzenac en Ari\u00e8ge et d\u00e9couvre l&rsquo;horreur. Des chevaux amaigris sont d\u00e9tenus dans des conditions d\u00e9plorables. L&rsquo;association de sauvetage d&rsquo;\u00e9quid\u00e9s les r\u00e9cup\u00e8re et porte plainte.<\/p>\n<p><a data-article-figure=\"\" href=\"https:\/\/france3-regions.franceinfo.fr\/image\/fJH93dnJQcJ_qG_4lqEFkeg-XpQ\/1920x1280\/regions\/2025\/12\/04\/6c29336e-1dbf-4e6f-8a3c-ad96cabd56cd-6931b772b4198169211442.jpg\" data-pswp-width=\"1920\" data-pswp-height=\"1280\" target=\"_blank\" rel=\"noopener\"><\/p>\n<p>          <img width=\"600\" height=\"400\" class=\"article-image lazy\" data-src=\"https:\/\/www.europesays.com\/fr\/wp-content\/uploads\/2025\/12\/6c29336e-1dbf-4e6f-8a3c-ad96cabd56cd-6931b772b4198169211442.jpg\" alt=\"Le 2 janvier 2025, la pr\u00e9sidente d'une association de sauvetage d'\u00e9quid\u00e9s a d\u00e9couvert que des chevaux \u00e9taient oblig\u00e9s de manger &quot;des ronces&quot; et &quot;leur crottin&quot;, dans un champ en Ari\u00e8ge.\" fetchpriority=\"high\" as=\"image\"\/><\/p>\n<p>\n            Le 2 janvier 2025, la pr\u00e9sidente d&rsquo;une association de sauvetage d&rsquo;\u00e9quid\u00e9s a d\u00e9couvert que des chevaux \u00e9taient oblig\u00e9s de manger \u00ab\u00a0des ronces\u00a0\u00bb et \u00ab\u00a0leur crottin\u00a0\u00bb, dans un champ en Ari\u00e8ge.<br \/>\n                           \u2022<br \/>\n                                      \u00a9 Association Libre en Barguill\u00e8re\n                      <\/p>\n<p><\/a><\/p>\n<p>C&rsquo;est ce jeudi 4 d\u00e9cembre que le tribunal de Foix a rendu sa d\u00e9cision sur l&rsquo;affaire. La propri\u00e9taire a \u00e9t\u00e9 d\u00e9clar\u00e9e coupable pour abandon volontaire d&rsquo;un animal domestique et mauvais traitement. Elle est condamn\u00e9e \u00e0 une peine de quatre mois d&#8217;emprisonnement avec sursis, une interdiction d\u00e9finitive de d\u00e9tenir un animal et d&rsquo;exercer une activit\u00e9 professionnelle en lien avec la prise en charge d&rsquo;animaux. Elle doit pr\u00e8s de 10.000 euros d&rsquo;amende aux diff\u00e9rentes parties civiles, les animaux lui sont confisqu\u00e9s et sont remis \u00e0 l&rsquo;association Libre en Barguill\u00e8re.<\/p>\n<p>Mais ce genre de dossier n&rsquo;est pas inhabituel. \u00ab\u00a0Les procureurs et les parquets audiencent de plus en plus d&rsquo;affaires de maltraitance animale parce que c&rsquo;est devenu un objectif de politique p\u00e9nale dans de nombreux parquets, explique Caroline Lanty, avocate de la fondation 30 Millions d&rsquo;Amis. En revanche, on a toujours des peines qui sont tr\u00e8s en de\u00e7\u00e0 des maximums encourus, y compris sur des faits qui justifieraient des condamnations\u00a0tr\u00e8s forte.\u00a0\u00bb<\/p>\n<p>Par exemple, la peine maximale pour de graves s\u00e9vices est de <a href=\"https:\/\/www.legifrance.gouv.fr\/codes\/section_lc\/LEGITEXT000006070719\/LEGISCTA000006149860\" target=\"_blank\" rel=\"noopener noreferrer nofollow\" data-tooltip-url=\"https:\/\/www.legifrance.gouv.fr\/codes\/section_lc\/LEGITEXT000006070719\/LEGISCTA000006149860\">trois ans de prison et 45 000 euros d\u2019amende<\/a>. Mais les parquets pr\u00e9f\u00e8rent condamner \u00e0 des peines, qui servent plut\u00f4t de mise en garde.<\/p>\n<\/p>\n<p>\u00ab\u00a0Il y a une esp\u00e8ce de mansu\u00e9tude, d&rsquo;excuse, en se disant on ne va pas taper tr\u00e8s fort dans un premier temps, explique l&rsquo;avocate. La personne est pr\u00e9sent\u00e9e pour la premi\u00e8re fois devant la juridiction qui dit bon, nous vous condamnons, mais sur une peine bien inf\u00e9rieure \u00e0 ce qui est encouru pour vous donner un avertissement ferme. Et malheureusement, on retrouve r\u00e9guli\u00e8rement ces personnes qui ont \u00e9t\u00e9 d\u00e9faillantes par la suite, trois ou quatre ans plus tard sur les m\u00eames faits car elles ont recommenc\u00e9 \u00e0 l&rsquo;\u00e9gard d&rsquo;autres animaux.\u00a0\u00bb<\/p>\n","protected":false},"excerpt":{"rendered":"Une propri\u00e9taire de chevaux et d&rsquo;un \u00e2ne a \u00e9t\u00e9 reconnue coupable d&rsquo;abandon volontaire d&rsquo;animaux et de mauvais traitement,&hellip;\n","protected":false},"author":2,"featured_media":578831,"comment_status":"","ping_status":"","sticky":false,"template":"","format":"standard","meta":{"footnotes":""},"categories":[1888],"tags":[1111,1928,11,1927,1777,674,1011,27,12,1926,626,1925,25],"class_list":{"0":"post-578830","1":"post","2":"type-post","3":"status-publish","4":"format-standard","5":"has-post-thumbnail","7":"category-paris","8":"tag-actu","9":"tag-actu-paris","10":"tag-actualites","11":"tag-actualites-paris","12":"tag-eu","13":"tag-europe","14":"tag-fr","15":"tag-france","16":"tag-news","17":"tag-news-paris","18":"tag-paris","19":"tag-paris-news","20":"tag-republique-francaise"},"share_on_mastodon":{"url":"https:\/\/pubeurope.com\/@fr\/115664463164605656","error":""},"_links":{"self":[{"href":"https:\/\/www.europesays.com\/fr\/wp-json\/wp\/v2\/posts\/578830","targetHints":{"allow":["GET"]}}],"collection":[{"href":"https:\/\/www.europesays.com\/fr\/wp-json\/wp\/v2\/posts"}],"about":[{"href":"https:\/\/www.europesays.com\/fr\/wp-json\/wp\/v2\/types\/post"}],"author":[{"embeddable":true,"href":"https:\/\/www.europesays.com\/fr\/wp-json\/wp\/v2\/users\/2"}],"replies":[{"embeddable":true,"href":"https:\/\/www.europesays.com\/fr\/wp-json\/wp\/v2\/comments?post=578830"}],"version-history":[{"count":0,"href":"https:\/\/www.europesays.com\/fr\/wp-json\/wp\/v2\/posts\/578830\/revisions"}],"wp:featuredmedia":[{"embeddable":true,"href":"https:\/\/www.europesays.com\/fr\/wp-json\/wp\/v2\/media\/578831"}],"wp:attachment":[{"href":"https:\/\/www.europesays.com\/fr\/wp-json\/wp\/v2\/media?parent=578830"}],"wp:term":[{"taxonomy":"category","embeddable":true,"href":"https:\/\/www.europesays.com\/fr\/wp-json\/wp\/v2\/categories?post=578830"},{"taxonomy":"post_tag","embeddable":true,"href":"https:\/\/www.europesays.com\/fr\/wp-json\/wp\/v2\/tags?post=578830"}],"curies":[{"name":"wp","href":"https:\/\/api.w.org\/{rel}","templated":true}]}}