{"id":578838,"date":"2025-12-05T01:56:23","date_gmt":"2025-12-05T01:56:23","guid":{"rendered":"https:\/\/www.europesays.com\/fr\/578838\/"},"modified":"2025-12-05T01:56:23","modified_gmt":"2025-12-05T01:56:23","slug":"la-russie-bloque-les-appels-facetime","status":"publish","type":"post","link":"https:\/\/www.europesays.com\/fr\/578838\/","title":{"rendered":"La Russie bloque les appels FaceTime"},"content":{"rendered":"<p>Il n\u2019est plus possible de passer des appels FaceTime en Russie. Les autorit\u00e9s reprochent au service d\u2019Apple de faciliter des op\u00e9rations terroristes. Le pays m\u00e8ne une v\u00e9ritable gu\u00e9rilla contre les plateformes \u00e9trang\u00e8res.<\/p>\n<p>La <strong>Russie<\/strong> a <strong>FaceTime<\/strong> en horreur. Le r\u00e9gulateur des t\u00e9l\u00e9communications, le Roskomnadzor, accuse le service d\u2019Apple \u2014 qui permet de passer des appels audio ou vid\u00e9o gratuitement \u2014 de permettre l\u2019organisation d\u2019attaques terroristes dans le pays, de faciliter le recrutement d\u2019ex\u00e9cutants de ces op\u00e9rations, la fraude et \u00ab\u00a0d\u2019autres crimes\u00a0\u00bb. Les autorit\u00e9s, qui n\u2019ont fourni aucune preuve de ce qu\u2019elles avancent, ont donc d\u00e9cid\u00e9 de fermer FaceTime.<\/p>\n<p> La s\u00e9curit\u00e9 int\u00e9rieure a bon dos <\/p>\n<p>Le vrai probl\u00e8me, c\u2019est que les conversations FaceTime, tout comme les iMessages, sont chiffr\u00e9s de bout en bout\u00a0: il est donc impossible pour quiconque, gouvernements comme Apple, de surveiller les discussions. Depuis ce jeudi, des utilisateurs russes de FaceTime ont d\u2019ailleurs pu constater que le service \u00e9tait bloqu\u00e9, rapporte Reuters.<\/p>\n<p>WhatsApp et Telegram sont \u00e9galement dans le collimateur de la Russie, certains appels sur ces deux messageries sont bloqu\u00e9s depuis cet \u00e9t\u00e9. Il leur est reproch\u00e9 de refuser de partager des informations dans des affaires de fraude ou de terrorisme. La semaine derni\u00e8re, le Roskomnadzor a menac\u00e9 de bloquer totalement WhatsApp. La Russie veut forcer la main des possesseurs de smartphones \u00e0 <a href=\"https:\/\/www.01net.com\/actualites\/en-russie-la-messagerie-nationale-max-bientot-obligatoire-sur-tous-les-smartphones.html\" target=\"_blank\" rel=\"noopener\">utiliser la messagerie officielle MAX<\/a>, ouverte aux quatre vents et qui facilite la surveillance de la population.<\/p>\n<p>Dans un tout autre domaine, la m\u00eame agence a bloqu\u00e9 cette semaine l\u2019acc\u00e8s \u00e0 la plateforme am\u00e9ricaine de jeux pour enfants Roblox. Pas de terrorisme, cette fois\u00a0: elle est accus\u00e9e de diffuser des contenus extr\u00e9mistes et de la \u00ab\u00a0propagande LGBT\u00a0\u00bb.<\/p>\n<blockquote style=\"border:1px solid grey;border-radius:8px;\">\n<p class=\"text-base text-neutral-700 dark:text-neutral-300\" style=\"color:grey;\">\ud83d\udc49\ud83c\udffb Suivez l\u2019actualit\u00e9 tech en temps r\u00e9el\u00a0: ajoutez 01net \u00e0 vos sources sur <a href=\"https:\/\/news.google.com\/publications\/CAAqBwgKMJPsvAswoIfUAw?hl=fr&amp;gl=FR&amp;ceid=FR%3Afr\" target=\"_blank\" rel=\"noopener\">Google Actualit\u00e9s<\/a>, abonnez-vous \u00e0 notre canal <a href=\"https:\/\/whatsapp.com\/channel\/0029VaH5gKg6xCSG9nQQhQ1Z\" target=\"_blank\" rel=\"noopener\">WhatsApp<\/a> ou suivez-nous en vid\u00e9o sur <a href=\"https:\/\/www.tiktok.com\/@01net.com\" target=\"_blank\" rel=\"noopener\">TikTok<\/a>.<\/p>\n<\/blockquote>\n<p class=\"post-source text-right text-sm opacity-70 not-prose\">\n            Source :<br \/>\n            <a href=\"https:\/\/www.reuters.com\/business\/retail-consumer\/russia-imposes-restrictions-apples-facetime-app-agencies-say-2025-12-04\/\" target=\"_blank\" rel=\"noopener\" class=\"italic\"><br \/>\n              Reuters<br \/>\n            <\/a>\n          <\/p>\n<p>              <script async src=\"\/\/www.tiktok.com\/embed.js\"><\/script><\/p>\n","protected":false},"excerpt":{"rendered":"Il n\u2019est plus possible de passer des appels FaceTime en Russie. Les autorit\u00e9s reprochent au service d\u2019Apple de&hellip;\n","protected":false},"author":2,"featured_media":578839,"comment_status":"","ping_status":"","sticky":false,"template":"","format":"standard","meta":{"footnotes":""},"categories":[1591],"tags":[11,69293,1887,12,1885,1886,132],"class_list":{"0":"post-578838","1":"post","2":"type-post","3":"status-publish","4":"format-standard","5":"has-post-thumbnail","7":"category-russie","8":"tag-actualites","9":"tag-facetime","10":"tag-federation-de-russie","11":"tag-news","12":"tag-russia","13":"tag-russian-federation","14":"tag-russie"},"share_on_mastodon":{"url":"https:\/\/pubeurope.com\/@fr\/115664478901873310","error":""},"_links":{"self":[{"href":"https:\/\/www.europesays.com\/fr\/wp-json\/wp\/v2\/posts\/578838","targetHints":{"allow":["GET"]}}],"collection":[{"href":"https:\/\/www.europesays.com\/fr\/wp-json\/wp\/v2\/posts"}],"about":[{"href":"https:\/\/www.europesays.com\/fr\/wp-json\/wp\/v2\/types\/post"}],"author":[{"embeddable":true,"href":"https:\/\/www.europesays.com\/fr\/wp-json\/wp\/v2\/users\/2"}],"replies":[{"embeddable":true,"href":"https:\/\/www.europesays.com\/fr\/wp-json\/wp\/v2\/comments?post=578838"}],"version-history":[{"count":0,"href":"https:\/\/www.europesays.com\/fr\/wp-json\/wp\/v2\/posts\/578838\/revisions"}],"wp:featuredmedia":[{"embeddable":true,"href":"https:\/\/www.europesays.com\/fr\/wp-json\/wp\/v2\/media\/578839"}],"wp:attachment":[{"href":"https:\/\/www.europesays.com\/fr\/wp-json\/wp\/v2\/media?parent=578838"}],"wp:term":[{"taxonomy":"category","embeddable":true,"href":"https:\/\/www.europesays.com\/fr\/wp-json\/wp\/v2\/categories?post=578838"},{"taxonomy":"post_tag","embeddable":true,"href":"https:\/\/www.europesays.com\/fr\/wp-json\/wp\/v2\/tags?post=578838"}],"curies":[{"name":"wp","href":"https:\/\/api.w.org\/{rel}","templated":true}]}}