{"id":578846,"date":"2025-12-05T02:00:21","date_gmt":"2025-12-05T02:00:21","guid":{"rendered":"https:\/\/www.europesays.com\/fr\/578846\/"},"modified":"2025-12-05T02:00:21","modified_gmt":"2025-12-05T02:00:21","slug":"solidarite-sous-le-feu-la-repression-du-mouvement-palestinien-par-lallemagne","status":"publish","type":"post","link":"https:\/\/www.europesays.com\/fr\/578846\/","title":{"rendered":"SOLIDARIT\u00c9 SOUS LE FEU \u2013 La r\u00e9pression du mouvement palestinien par l&rsquo;Allemagne"},"content":{"rendered":"<p>Un rapport de l\u2019Institut transnational<\/p>\n<p><strong>R\u00e9sum\u00e9 du rapport<\/strong><\/p>\n<p>Ce rapport documente comment, apr\u00e8s le 7 octobre 2023, les autorit\u00e9s allemandes ont apport\u00e9 un soutien politique, diplomatique et mat\u00e9riel ind\u00e9fectible \u00e0 Isra\u00ebl pour son g\u00e9nocide \u00e0 Gaza, assorti de mesures r\u00e9pressives d\u2019envergure contre le mouvement pro-palestinien en Allemagne. Ces mesures comprennent non seulement l\u2019interdiction des manifestations et les violences polici\u00e8res, mais aussi des campagnes de diffamation, l\u2019exclusion des \u00e9v\u00e9nements culturels, des repr\u00e9sailles sur le lieu de travail et l\u2019instrumentalisation du droit de l\u2019immigration et de l\u2019asile. Ensemble, ces mesures cr\u00e9ent un cadre r\u00e9pressif qui criminalise presque toute forme de solidarit\u00e9 effective avec la Palestine en Allemagne et restreint les libert\u00e9s civiles les plus fondamentales.<\/p>\n<p>Ce rapport couvre les 18 premiers mois du g\u00e9nocide, du 7 octobre 2023 \u00e0 fin avril 2025. Il s\u2019appuie sur des entretiens avec des militants et une analyse de la situation juridique et politique, ainsi que sur des \u00e9tudes de cas portant sur quatre piliers de r\u00e9pression qui structurent le rapport\u00a0:<\/p>\n<p>(1) La responsabilit\u00e9 partag\u00e9e de l\u2019Allemagne dans l\u2019occupation et le g\u00e9nocide isra\u00e9liens \u00e0 Gaza ;<\/p>\n<p>(2) le cadre politique et juridique qui confond d\u00e9lib\u00e9r\u00e9ment l\u2019antisionisme et l\u2019antis\u00e9mitisme ;<\/p>\n<p>(3) le recours \u00e0 la police, \u00e0 la surveillance, \u00e0 la violence, \u00e0 la censure et aux pressions \u00e9conomiques contre les militants et les voix critiques ; ainsi que<\/p>\n<p>(4) le r\u00f4le des m\u00e9dias, des organisations non gouvernementales (ONG) et de certaines parties de la gauche politique dans le maintien de ce climat.<\/p>\n<p>Le rapport r\u00e9v\u00e8le que le \u00ab boomerang \u00bb d\u2019Aim\u00e9 C\u00e9saire revient avec force des colonies vers la m\u00e9tropole depuis octobre 2023. Le soutien allemand au syst\u00e8me d\u2019apartheid isra\u00e9lien et aux crimes de guerre isra\u00e9liens se traduit sur le plan int\u00e9rieur par des mesures r\u00e9pressives, une surveillance de masse, des violences polici\u00e8res et des restrictions \u00e0 la libert\u00e9 d\u2019expression. L\u2019Allemagne ne se contente pas d\u2019adopter cette violence\u00a0: elle la perfectionne, l\u2019institutionnalise et l\u2019exporte. Le pays est devenu un terrain d\u2019exp\u00e9rimentation pour la criminalisation de la solidarit\u00e9 avec la Palestine. Il explore les limites de la r\u00e9pression de la libert\u00e9 d\u2019expression, de l\u2019interdiction des manifestations et du franchissement des fronti\u00e8res de l\u2019ordre constitutionnel, jusqu\u2019\u00e0 le rendre presque m\u00e9connaissable.<\/p>\n<p>La r\u00e9pression du mouvement pro-palestinien repose fondamentalement sur l\u2019amalgame d\u00e9lib\u00e9r\u00e9 entre antis\u00e9mitisme et antisionisme. La responsabilit\u00e9 historique de l\u2019Allemagne dans l\u2019Holocauste est r\u00e9guli\u00e8rement invoqu\u00e9e pour justifier un autre g\u00e9nocide et la r\u00e9pression de ceux qui s\u2019y opposent. Les critiques de l\u2019\u00c9tat d\u2019Isra\u00ebl, y compris de nombreux Juifs, sont qualifi\u00e9s d\u2019antis\u00e9mites, tandis que les Palestiniens qui pleurent leurs morts et r\u00e9clament justice sont consid\u00e9r\u00e9s comme une menace pour l\u2019ordre public.<\/p>\n<p>Ces repr\u00e9sailles ne sont pas uniquement le fait de la force d\u2019\u00c9tat. Les m\u00e9dias jouent \u00e9galement un r\u00f4le crucial en soutenant ces mesures, en minimisant syst\u00e9matiquement le g\u00e9nocide \u00e0 Gaza et les violences perp\u00e9tr\u00e9es contre les Palestiniens. Les discours de la politique et de la police allemandes sont adopt\u00e9s sans esprit critique, par exemple lorsque le mouvement de solidarit\u00e9 est d\u00e9nigr\u00e9, voire que des appels \u00e0 la violence sont lanc\u00e9s contre lui, tandis que, dans le m\u00eame temps, un silence pesant est impos\u00e9 aux espaces de plus en plus restreints de la soci\u00e9t\u00e9 civile. Les acteurs lib\u00e9raux au sein de cette soci\u00e9t\u00e9 civile ont ralli\u00e9 leurs membres \u00e0 leur cause, exclu les voix palestiniennes et gard\u00e9 le silence face \u00e0 la r\u00e9pression. Et m\u00eame certains pans de la gauche et des mouvements sociaux allemands, craignant une perte de prestige ou des coupes budg\u00e9taires, ont h\u00e9sit\u00e9 \u00e0 s\u2019opposer \u00e0 la mont\u00e9e de l\u2019autoritarisme. Pire encore, ils l\u2019ont parfois m\u00eame aliment\u00e9.<\/p>\n<p>Cependant, les mesures r\u00e9pressives ne visaient pas uniquement le mouvement pro-palestinien, mais servaient \u00e9galement de terrain d\u2019exp\u00e9rimentation pour de nouvelles d\u00e9rives autoritaires. Le lien avec la question migratoire est crucial \u00e0 cet \u00e9gard. Sous pr\u00e9texte de lutter contre l\u2019antis\u00e9mitisme et l\u2019extr\u00e9misme, et dans un contexte de politiques migratoires de plus en plus s\u00e9v\u00e8res et meurtri\u00e8res, le droit de l\u2019immigration est lui aussi devenu un instrument de contr\u00f4le politique. Sur la base de motifs futiles tels que des publications sur les r\u00e9seaux sociaux ou la participation \u00e0 des manifestations, l\u2019\u00c9tat a refus\u00e9 des visas, expuls\u00e9 des personnes ou interrompu leurs proc\u00e9dures de naturalisation. Le statut de r\u00e9sident, la naturalisation et le droit d\u2019asile sont d\u00e9sormais conditionn\u00e9s par une conformit\u00e9 id\u00e9ologique. Tandis que les autorit\u00e9s pointent r\u00e9guli\u00e8rement du doigt la mont\u00e9e de l\u2019antis\u00e9mitisme, d\u2019autres formes de racisme, notamment l\u2019islamophobie, ont connu une forte augmentation, mettant en danger la s\u00e9curit\u00e9, voire la vie, des personnes concern\u00e9es.<\/p>\n<p>Cette r\u00e9pression ne se d\u00e9roule pas de mani\u00e8re isol\u00e9e, mais s\u2019inscrit dans un glissement soci\u00e9tal vers la droite et une militarisation et une s\u00e9curisation croissantes de la vie politique en Allemagne et dans le monde. Nous assistons non seulement \u00e0 une complicit\u00e9 de g\u00e9nocide, mais aussi \u00e0 une tentative de remilitariser la soci\u00e9t\u00e9 allemande, de qualifier les opinions dissidentes d\u2019extr\u00e9misme et d\u2019assimiler les mouvements de lib\u00e9ration au nazisme. Les mesures actuellement test\u00e9es contre le mouvement pro-palestinien pourraient fort bien \u00eatre utilis\u00e9es ult\u00e9rieurement contre d\u2019autres groupes d\u2019opposition, des \u00e9cologistes aux antimilitaristes.<\/p>\n<p>Nombreuses sont les personnes directement touch\u00e9es au quotidien. Les entretiens avec des militants pr\u00e9sent\u00e9s dans ce rapport d\u00e9montrent que beaucoup de Palestiniens, d\u2019Arabes, de musulmans et de juifs antisionistes vivent dans un climat de peur et de violence, et pourtant, ils continuent de r\u00e9sister. Tandis que les m\u00e9dias persistent \u00e0 relayer le discours officiel, le nombre de personnes qui d\u00e9masquent ces mensonges officiels ne cesse de cro\u00eetre. Malgr\u00e9 les violences polici\u00e8res, les manifestations se poursuivent et la voix palestinienne reste in\u00e9branlable.<\/p>\n<p><strong>introduction<\/strong><\/p>\n<p>Au moment de la r\u00e9daction de ce document, le deuxi\u00e8me mois de l\u2019accord de paix orwellien \u00e0 Gaza vient de commencer. Cet accord, sous la menace des \u00c9tats-Unis, a d\u00e9sormais re\u00e7u l\u2019aval du Conseil de s\u00e9curit\u00e9 des Nations Unies. (1) Au lieu d\u2019une forme de paix, cependant, la population de Gaza subit ce qui ne peut \u00eatre qualifi\u00e9 que de g\u00e9nocide prolong\u00e9. Depuis l\u2019entr\u00e9e en vigueur de l\u2019accord, Isra\u00ebl le viole presque quotidiennement par des attaques qui ont d\u00e9j\u00e0 fait plus de 312 morts et plus de 760 bless\u00e9s. Le nombre de victimes confirm\u00e9es \u00e0 Gaza depuis le 7 octobre 2023 s\u2019\u00e9l\u00e8ve ainsi \u00e0 plus de 69\u00a0000. (2) Le nombre de camions qu\u2019Isra\u00ebl autorise \u00e0 entrer \u00e0 Gaza ne repr\u00e9sente qu\u2019une fraction de ce qui serait n\u00e9cessaire pour \u00e9viter la famine d\u00e9lib\u00e9r\u00e9ment provoqu\u00e9e. Les restrictions arbitraires impos\u00e9es par Isra\u00ebl sur l\u2019importation de 350 produits alimentaires de base aggravent encore la situation. (3) Parall\u00e8lement, les attaques violentes perp\u00e9tr\u00e9es par des colons en Cisjordanie, soutenus par l\u2019arm\u00e9e isra\u00e9lienne, ont atteint un nouveau paroxysme. Le Parlement isra\u00e9lien a \u00e9galement approuv\u00e9 officiellement le plan colonialiste d\u2019annexion de ce territoire. (4)<\/p>\n<p>Malgr\u00e9 cela, le chancelier Friedrich Merz a officiellement d\u00e9clar\u00e9 la crise termin\u00e9e. Dans une interview du 9 octobre, interrog\u00e9 sur le \u00ab plan de paix \u00bb, il a r\u00e9pondu : \u00ab Il n\u2019y a plus aucune raison pour que les Palestiniens manifestent en Allemagne. La paix r\u00e9gnera \u00e0 Gaza, et c\u2019est une bonne nouvelle. \u00bb (5) Malgr\u00e9 ses propos, des dizaines de milliers de personnes ont d\u00e9fil\u00e9 dans les rues de Berlin le 11 octobre pour protester contre la complicit\u00e9 de l\u2019Allemagne, exiger que les responsables du g\u00e9nocide rendent des comptes et mettre fin \u00e0 l\u2019apartheid et au colonialisme. (6) La police a r\u00e9agi violemment. Les manifestants ont subi des coups \u00e0 la t\u00eate, \u00e0 la poitrine et \u00e0 l\u2019abdomen, des violences, des \u00e9tranglements et des arrestations arbitraires, dont au moins trois mineurs. (7) Comme le d\u00e9montre ce rapport, il ne s\u2019agit en aucun cas d\u2019une exception, mais bien d\u2019une nouvelle norme pour les personnes qui manifestent contre le g\u00e9nocide.<\/p>\n<p>Le 19 octobre 2023, les attaques isra\u00e9liennes avaient d\u00e9j\u00e0 fait environ 3\u00a0500 morts \u00e0 Gaza (8), et le seul centre de canc\u00e9rologie de la bande de Gaza \u00e9tait au bord de la fermeture. Dix jours plus t\u00f4t, le ministre isra\u00e9lien de la D\u00e9fense avait annonc\u00e9 publiquement un \u00ab\u00a0si\u00e8ge total\u00a0\u00bb de Gaza, d\u00e9clarant\u00a0: \u00ab\u00a0Il n\u2019y aura ni \u00e9lectricit\u00e9, ni nourriture, ni carburant, tout sera coup\u00e9.\u00a0\u00bb Il avait \u00e9galement qualifi\u00e9 les Palestiniens d\u2019\u00ab\u00a0animaux humains\u00a0\u00bb (9). Apr\u00e8s avoir affirm\u00e9 sa pleine solidarit\u00e9 avec Isra\u00ebl face \u00e0 ce qui commen\u00e7ait d\u00e9j\u00e0 \u00e0 se transformer en g\u00e9nocide, le chancelier Olaf Scholz d\u00e9clara au Bundestag que l\u2019Allemagne devait prendre une \u00ab\u00a0position claire\u00a0\u00bb contre l\u2019antis\u00e9mitisme et la \u00ab\u00a0glorification de la violence\u00a0\u00bb (10). Cette \u00ab\u00a0position\u00a0\u00bb impliquait d\u00e9j\u00e0 une interdiction totale des manifestations anti-isra\u00e9liennes \u00e0 Berlin et une r\u00e9pression polici\u00e8re violente contre toute forme de solidarit\u00e9 avec les Palestiniens \u2013 et ce n\u2019\u00e9tait que le d\u00e9but. Le gouvernement allemand a ensuite insist\u00e9 sur ce que l\u2019ancienne chanceli\u00e8re Angela Merkel a appel\u00e9 la \u00ab raison d\u2019\u00c9tat \u00bb, \u00e0 savoir le soutien inconditionnel \u00e0 Isra\u00ebl. Depuis lors, cette doctrine est utilis\u00e9e en Allemagne comme une arme pour faire taire les voix critiques.<\/p>\n<p>L\u2019analyse du \u00ab boomerang \u00bb utilis\u00e9e par l\u2019avocate palestino-am\u00e9ricaine Noura Erekat pour d\u00e9crire la situation aux \u00c9tats-Unis peut s\u2019appliquer tout autant \u00e0 l\u2019Allemagne\u00a0; (11) depuis octobre 2023, nous assistons au retour en force du \u00ab\u00a0boomerang\u00a0\u00bb d\u2019Aim\u00e9 C\u00e9saire, des colonies \u00e0 la m\u00e9tropole. Le soutien allemand au syst\u00e8me d\u2019apartheid isra\u00e9lien et aux crimes de guerre isra\u00e9liens se traduit sur le plan int\u00e9rieur par des mesures r\u00e9pressives, une surveillance de masse, des violences polici\u00e8res et des restrictions \u00e0 la libert\u00e9 d\u2019expression. L\u2019Allemagne ne se contente pas d\u2019adopter cette violence\u00a0: elle la perfectionne, l\u2019institutionnalise et l\u2019exporte. Le pays est devenu un terrain d\u2019exp\u00e9rimentation pour la criminalisation de la solidarit\u00e9 palestinienne. Il explore les limites de la r\u00e9pression de la libert\u00e9 d\u2019expression, de l\u2019interdiction des manifestations et du franchissement des fronti\u00e8res de l\u2019ordre constitutionnel jusqu\u2019\u00e0 le rendre presque m\u00e9connaissable. Ce qui se passe aujourd\u2019hui \u00e0 Berlin servira de mod\u00e8le \u00e0 d\u2019autres pays demain.<\/p>\n<p>\u00c0 l\u2019\u00e9chelle mondiale, la question palestinienne est devenue un enjeu majeur de la r\u00e9pression \u00e9tatique. Selon l\u2019ONG internationale Civicus, rien qu\u2019en 2024, plus de 10 % des cas document\u00e9s de restriction du droit \u00e0 la libert\u00e9 d\u2019expression dans le monde concernaient cette question. (12) L\u2019approche allemande se distingue par son ampleur et son intensit\u00e9\u00a0: le rapport \u00ab\u00a0Espace civique 2025\u00a0\u00bb du Forum civique europ\u00e9en d\u00e9signe explicitement l\u2019Allemagne comme l\u2019un des pays les plus r\u00e9pressifs dans sa gestion des manifestations pro-palestiniennes. (13) L\u2019indice de r\u00e9pression du Centre europ\u00e9en d\u2019assistance juridique a recens\u00e9 plus de 700 incidents en Allemagne depuis 2019 (la plupart apr\u00e8s le 7 octobre 2023), touchant des milliers de personnes issues de divers secteurs de la soci\u00e9t\u00e9. (14)<\/p>\n<p>La r\u00e9pression du mouvement pro-palestinien repose fondamentalement sur l\u2019amalgame d\u00e9lib\u00e9r\u00e9 entre antis\u00e9mitisme et antisionisme. La responsabilit\u00e9 historique de l\u2019Allemagne dans l\u2019Holocauste est r\u00e9guli\u00e8rement invoqu\u00e9e pour justifier un autre g\u00e9nocide et la r\u00e9pression de ceux qui s\u2019y opposent. Les critiques de l\u2019\u00c9tat d\u2019Isra\u00ebl, y compris de nombreux Juifs, sont qualifi\u00e9s d\u2019antis\u00e9mites, tandis que les Palestiniens qui pleurent leurs morts et r\u00e9clament justice sont consid\u00e9r\u00e9s comme une menace pour l\u2019ordre public. L\u2019intelligence artificielle pourrait \u00eatre utilis\u00e9e \u00e0 l\u2019avenir pour traquer les personnes soup\u00e7onn\u00e9es d\u2019antis\u00e9mitisme. (15) Cependant, le soutien de l\u2019Allemagne \u00e0 Isra\u00ebl est davantage motiv\u00e9 par des raisons mat\u00e9rielles que par des consid\u00e9rations \u00e9thiques\u00a0: en alignant sa politique \u00e9trang\u00e8re sur les int\u00e9r\u00eats g\u00e9ostrat\u00e9giques des \u00c9tats-Unis, des entreprises d\u2019armement comme Rheinmetall ont pu accro\u00eetre leurs profits de plus de 2\u00a0000\u00a0% au cours des dix derni\u00e8res ann\u00e9es. (16) Comme l\u2019\u00e9crivait James Baldwin en 1979\u00a0: \u00ab\u00a0L\u2019\u00c9tat d\u2019Isra\u00ebl a \u00e9t\u00e9 cr\u00e9\u00e9 non pas pour sauver les Juifs, mais pour sauver les int\u00e9r\u00eats occidentaux.\u00a0\u00bb (17)<\/p>\n<p>Ce rapport d\u00e9taille les co\u00fbts associ\u00e9s \u00e0 cette op\u00e9ration de sauvetage en Allemagne. Il documente non seulement les interdictions de manifestations, les violences polici\u00e8res et les arrestations massives, mais aussi les licenciements, les suspensions universitaires, la fermeture de comptes bancaires, les expulsions, les mesures de surveillance, la censure et les menaces de retrait de titres de s\u00e9jour. Prises ensemble, ces mesures cr\u00e9ent un cadre r\u00e9pressif qui criminalise presque toute forme de solidarit\u00e9 effective avec la Palestine en Allemagne et restreint les libert\u00e9s civiles les plus fondamentales.<\/p>\n<p>Ces repr\u00e9sailles ne sont pas uniquement le fait de la force d\u2019\u00c9tat. Les m\u00e9dias jouent \u00e9galement un r\u00f4le crucial en soutenant ces mesures, en minimisant syst\u00e9matiquement le g\u00e9nocide \u00e0 Gaza et les violences perp\u00e9tr\u00e9es contre les Palestiniens. Les discours de la politique et de la police allemandes sont adopt\u00e9s sans esprit critique, par exemple lorsque le mouvement de solidarit\u00e9 est d\u00e9nigr\u00e9, voire que des appels \u00e0 la violence sont lanc\u00e9s contre lui, tandis que, dans le m\u00eame temps, un silence pesant est impos\u00e9 aux espaces de plus en plus restreints de la soci\u00e9t\u00e9 civile. Les acteurs lib\u00e9raux au sein de cette soci\u00e9t\u00e9 civile ont ralli\u00e9 leurs membres \u00e0 leur cause, exclu les voix palestiniennes et gard\u00e9 le silence face \u00e0 la r\u00e9pression. Et m\u00eame certains pans de la gauche et des mouvements sociaux allemands, craignant une perte de prestige ou des coupes budg\u00e9taires, ont h\u00e9sit\u00e9 \u00e0 s\u2019opposer \u00e0 la mont\u00e9e de l\u2019autoritarisme. Pire encore, ils l\u2019ont parfois m\u00eame aliment\u00e9.<\/p>\n<p>Cependant, les mesures r\u00e9pressives ne visaient pas uniquement le mouvement pro-palestinien, mais servaient \u00e9galement de terrain d\u2019exp\u00e9rimentation pour de nouvelles d\u00e9rives autoritaires. Le lien avec la question migratoire est crucial \u00e0 cet \u00e9gard. Sous pr\u00e9texte de lutter contre l\u2019antis\u00e9mitisme et l\u2019extr\u00e9misme, et dans un contexte de politiques migratoires de plus en plus s\u00e9v\u00e8res et meurtri\u00e8res, le droit de l\u2019immigration est lui aussi devenu un instrument de contr\u00f4le politique. Sur la base de crit\u00e8res futiles tels que des publications sur les r\u00e9seaux sociaux ou la participation \u00e0 des manifestations, l\u2019\u00c9tat a refus\u00e9 des visas, expuls\u00e9 des personnes ou interrompu leurs proc\u00e9dures de naturalisation. Le statut de r\u00e9sident, la naturalisation et le droit d\u2019asile sont d\u00e9sormais subordonn\u00e9s \u00e0 une conformit\u00e9 id\u00e9ologique. Si les autorit\u00e9s \u00e9tatiques pointent r\u00e9guli\u00e8rement du doigt la mont\u00e9e de l\u2019antis\u00e9mitisme, d\u2019autres formes de racisme, notamment l\u2019islamophobie, ont connu une forte augmentation, mettant en danger la sant\u00e9 et la vie des personnes concern\u00e9es. Le Rapport sur les droits fondamentaux 2025, rapport alternatif de la soci\u00e9t\u00e9 civile au rapport annuel sur la protection de la Constitution, affirme\u00a0: \u00ab\u00a0L\u2019exercice des libert\u00e9s civiles est entrav\u00e9 ou interdit avec une intensit\u00e9 et une agressivit\u00e9 sans pr\u00e9c\u00e9dent.\u00a0\u00bb En outre, le rapport souligne que les migrants sont les plus touch\u00e9s par cette restriction des droits. (18)<\/p>\n<p>Cette r\u00e9pression ne se d\u00e9roule pas de mani\u00e8re isol\u00e9e, mais s\u2019inscrit dans un vaste et puissant glissement \u00e0 droite, ainsi que dans la s\u00e9curisation et la militarisation de pans entiers de la vie politique en Allemagne et dans le monde. Nous assistons non seulement \u00e0 une complicit\u00e9 de g\u00e9nocide, mais aussi \u00e0 une tentative de remilitariser la soci\u00e9t\u00e9 allemande, de qualifier les opinions dissidentes d\u2019extr\u00e9misme et d\u2019assimiler les mouvements de lib\u00e9ration au nazisme. Le cin\u00e9aste Dror Dayan souligne\u00a0: \u00ab\u00a0Alors que l\u2019Allemagne n\u2019a jamais rompu avec son pass\u00e9 nazi, elle compare tous ses ennemis \u2013 qu\u2019il s\u2019agisse des combattants palestiniens pour la libert\u00e9 ou de la Russie \u2013 \u00e0 ses propres nazis. Tandis que l\u2019Allemagne soutient ses propres n\u00e9onazis au sein de l\u2019AfD et de la CDU, elle tente simultan\u00e9ment de se pr\u00e9senter au monde comme si elle combattait les nazis. Elle ment tout simplement sur l\u2019identit\u00e9 de ces nazis.\u00a0\u00bb (19) Sous pr\u00e9texte de s\u00e9curit\u00e9 publique, les pouvoirs de police ont \u00e9t\u00e9 \u00e9tendus. Les mesures actuellement test\u00e9es sur le mouvement pro-palestinien pourraient tr\u00e8s bien \u00eatre utilis\u00e9es ult\u00e9rieurement contre d\u2019autres groupes d\u2019opposition, des \u00e9cologistes aux antimilitaristes. Comme l\u2019indique un article r\u00e9cent de Junge Welt, l\u2019\u00c9tat \u00ab se pr\u00e9pare \u00e0 pouvoir agir contre toute opposition pacifiste afin d\u2019atteindre la capacit\u00e9 de guerre qu\u2019il souhaite \u00bb. (20)<\/p>\n<p>Nombreuses sont les personnes directement affect\u00e9es au quotidien. Beaucoup de Palestiniens, d\u2019Arabes, de musulmans et de juifs antisionistes vivent dans un climat de peur et de violence, et pourtant, ils continuent de r\u00e9sister. Tandis que les m\u00e9dias persistent \u00e0 relayer le discours officiel, le nombre de personnes qui d\u00e9masquent ces mensonges officiels ne cesse de cro\u00eetre. Selon un sondage de mai 2025, 80 % des Allemands consid\u00e8rent les actions d\u2019Isra\u00ebl \u00e0 Gaza comme injustifi\u00e9es, soit une augmentation de 11 % par rapport \u00e0 mars 2024. (21) Un autre sondage a r\u00e9v\u00e9l\u00e9 que 70 % s\u2019opposent au soutien militaire de l\u2019Allemagne \u00e0 Isra\u00ebl. (22) Malgr\u00e9 les violences polici\u00e8res, les manifestations se poursuivent et la voix des Palestiniens reste in\u00e9branlable. Comme le rappelle l\u2019avocate Nadija Samour, reprenant les mots de Gandhi\u00a0: \u00ab\u00a0D\u2019abord, ils nous ignorent, ensuite ils se moquent de nous, ensuite ils nous combattent, et enfin nous triomphons.\u00a0\u00bb (23)<\/p>\n<p><strong>Conclusion : Un jour, l\u2019Allemagne aura toujours \u00e9t\u00e9 contre.<\/strong><\/p>\n<blockquote>\n<p>Ni la puissance, ni l\u2019argent, ni les armes, ni la propagande du monde ne peuvent plus masquer la plaie de la Palestine. \u2013 Arundhati Roy (24)<\/p>\n<\/blockquote>\n<p>Quiconque suit le syst\u00e8me scolaire allemand et est confront\u00e9 aux horreurs de l\u2019Holocauste se posera t\u00f4t ou tard un certain nombre de questions\u00a0: Comment une telle chose a-t-elle pu se produire\u00a0? Pourquoi personne ne l\u2019a-t-il emp\u00each\u00e9e\u00a0? Qu\u2019aurais-je fait\u00a0? Si l\u2019on regarde les deux derni\u00e8res ann\u00e9es, la r\u00e9ponse est\u00a0: Exactement la m\u00eame.<\/p>\n<p>Le 25 octobre 2023, soit trois semaines seulement apr\u00e8s le d\u00e9but des bombardements sur Gaza, le journaliste \u00e9gypto-canadien Omar El Akkad \u00e9crivait\u00a0: \u00ab\u00a0Un jour, quand il n\u2019y aura plus de danger, quand personne n\u2019aura plus \u00e0 craindre de repr\u00e9sailles personnelles, quand on pourra appeler un chat un chat, quand il sera trop tard pour demander des comptes, tout le monde aura \u00e9t\u00e9 contre tout cela depuis le d\u00e9but.\u00a0\u00bb Sa d\u00e9claration a fait le tour du monde. Comme l\u2019a d\u00e9montr\u00e9 la premi\u00e8re partie de ce rapport, l\u2019Allemagne est actuellement complice du g\u00e9nocide \u00e0 Gaza et, une fois de plus, elle a failli \u00e0 sa mission de se ranger du bon c\u00f4t\u00e9 de l\u2019histoire. Reste \u00e0 savoir combien de temps il faudra aux dirigeants pour affirmer qu\u2019ils ont, en r\u00e9alit\u00e9, toujours \u00e9t\u00e9 critiques envers Isra\u00ebl.<\/p>\n<p>Les cyniques pourraient se demander comment les victimes de ce g\u00e9nocide seront comm\u00e9mor\u00e9es en Allemagne \u00e0 l\u2019avenir. Y aura-t-il des journ\u00e9es de recueillement o\u00f9 des personnalit\u00e9s politiques d\u00e9poseront des fleurs \u00e0 Gaza, des visites obligatoires dans les mus\u00e9es du g\u00e9nocide, des manuels scolaires qui enseigneront aux enfants \u2013 une fois de plus \u2013 qu\u2019une telle chose ne doit plus jamais se reproduire\u00a0? Combien de fois l\u2019histoire devra-t-elle se r\u00e9p\u00e9ter avant que nous en tirions les le\u00e7ons\u00a0?<\/p>\n<p>Si les deux derni\u00e8res ann\u00e9es ont eu un m\u00e9rite, c\u2019est bien celui de d\u00e9masquer les \u00ab\u00a0valeurs occidentales\u00a0\u00bb et de r\u00e9v\u00e9ler ce qui a toujours \u00e9t\u00e9 \u00e9vident pour ceux qui en souffrent\u00a0: pour les migrants abandonn\u00e9s \u00e0 leur sort en M\u00e9diterran\u00e9e\u00a0; pour ceux dont les familles ont \u00e9t\u00e9 tu\u00e9es par des armes allemandes lors de guerres de l\u2019OTAN soutenues par l\u2019Allemagne\u00a0; pour les victimes de la violence d\u2019extr\u00eame droite, dont l\u2019\u00c9tat a ignor\u00e9, voire \u00e9touff\u00e9, les cas. Ces membres les plus vuln\u00e9rables de la soci\u00e9t\u00e9 connaissent la v\u00e9rit\u00e9 depuis longtemps, mais l\u2019hypocrisie est d\u00e9sormais si flagrante qu\u2019il est impossible de l\u2019ignorer.<\/p>\n<p>Ce rapport d\u00e9montre que le soutien ind\u00e9fectible de l\u2019Allemagne au g\u00e9nocide isra\u00e9lien \u00e0 l\u2019\u00e9tranger s\u2019accompagne de mesures r\u00e9pressives g\u00e9n\u00e9ralis\u00e9es contre la solidarit\u00e9 pro-palestinienne sur son territoire. Depuis des d\u00e9cennies, les autorit\u00e9s ont mis en place un cadre politique et juridique qui amalgame d\u00e9lib\u00e9r\u00e9ment antisionisme et antis\u00e9mitisme, afin de museler toute critique d\u2019Isra\u00ebl. L\u2019\u00c9tat r\u00e9pond \u00e0 ces critiques par la criminalisation, le recours \u00e0 des proc\u00e9dures judiciaires abusives, un d\u00e9ploiement massif de forces de police, la violence, la censure, l\u2019exclusion des plateformes publiques et des pressions \u00e9conomiques sur les militants, avec le soutien d\u2019une grande partie des m\u00e9dias et m\u00eame de certains segments des ONG et de la gauche.<\/p>\n<p>De ce fait, l\u2019Allemagne a consid\u00e9rablement chang\u00e9. L\u2019obligation de se conformer aux directives politiques au sein des institutions culturelles, scientifiques et municipales a r\u00e9duit l\u2019espace disponible pour l\u2019action de la soci\u00e9t\u00e9 civile. Alors que la gouvernance est de plus en plus marqu\u00e9e par la s\u00e9curit\u00e9, l\u2019expansion des pouvoirs de police et la mont\u00e9e du militarisme s\u2019immiscent toujours plus profond\u00e9ment dans le quotidien des citoyens. L\u2019appartenance est d\u00e9sormais plus fortement conditionn\u00e9e, car l\u2019acc\u00e8s aux plateformes publiques, aux financements, voire aux permis de s\u00e9jour et \u00e0 la citoyennet\u00e9, d\u00e9pend d\u00e9sormais de l\u2019adh\u00e9sion aux discours officiels.<\/p>\n<p>Le g\u00e9nocide a cependant aussi engendr\u00e9 l\u2019\u00e9veil politique d\u2019une nouvelle g\u00e9n\u00e9ration de militants en Allemagne, pour la plupart issus de l\u2019immigration, de confession musulmane et\/ou de minorit\u00e9s racis\u00e9es. La crainte d\u2019\u00eatre tax\u00e9 d\u2019antis\u00e9mitisme a divis\u00e9 la quasi-totalit\u00e9 des mouvements, du mouvement pour le climat aux initiatives antiracistes. Face \u00e0 une criminalisation g\u00e9n\u00e9ralis\u00e9e, \u00e0 des coupes budg\u00e9taires et \u00e0 des structures de plus en plus autoritaires, la gauche a perdu de l\u2019influence, du moins pour l\u2019instant. Parall\u00e8lement, cette situation offre l\u2019opportunit\u00e9 de rompre avec un mod\u00e8le \u00e9tatique domin\u00e9 par les ONG et d\u2019adopter une position plus radicale et sinc\u00e8re\u00a0: une position qui exige non pas de simples r\u00e9formes superficielles, mais un changement syst\u00e9mique pour nommer le capitalisme, le colonialisme et le g\u00e9nocide par leur nom et les combattre sans \u00e9quivoque.<\/p>\n<p>Auteur : Josephine Solanki \u2013 R\u00e9dactrice : Deborah Eade \u2013 Conception : Evan Clayburg<\/p>\n<p>Remerciements\u00a0: Hebh Jamal (journaliste et militante palestinienne), Majed Abusalama (cofondateur de Palestine Speaks), Niamh N\u00ed Bhriain (coordinatrice du programme Guerre et Pacification au Transnational Institute), Ruth Rohde (chercheuse chez Shadow World Investigations), Udi Raz (membre de Jewish Voice for a Just Peace in the Middle East) et cinq militants qui pr\u00e9f\u00e8rent rester anonymes.<\/p>\n<p>Publi\u00e9 par l\u2019Institut transnational \u2013 Amsterdam, novembre 2025<\/p>\n<p>La version int\u00e9grale du rapport est disponible en anglais sur <a href=\"https:\/\/www.tni.org\/en\/publication\/solidarity-under-siege?utm_campaign%3DTransnational%2520Institute%2520newsletter%26utm_content%3DThis%2520month%253A%2520Standing%2520Firm%2520on%2520the%2520International%2520Day%2520of%2520Solidarity%2520with%2520the%2520Palestinian%2520People%26utm_medium%3Demail%26utm_source%3Dgetresponse\" target=\"_blank\" rel=\"noopener\">tni.org\/solidarityundersiege<\/a> .<\/p>\n<p>\u00a0<\/p>\n<p><strong>Notes de bas de page<\/strong><\/p>\n<p>1 https:\/\/www.reuters.com\/world\/middle-east\/russia-proposes-its-own-un-resolution-gaza-challenge-us-draft-2025-11-13\/<\/p>\n<p>2 https:\/\/www.aljazeera.com\/news\/2025\/11\/11\/how-many-times-has-israel-violated-the-gaza-ceasefire-here-are-the-numbers<\/p>\n<p>3 Ibid.<\/p>\n<p>4 https:\/\/progressive.international\/wire\/2025-11-10-pi-briefing-no-41-palestine-stolen-or-decolonised\/en<\/p>\n<p>5 https:\/\/www.tagesschau.de\/inland\/innenpolitik\/merz-interview-102.html<\/p>\n<p>D\u00e9claration de United 4 Gaza et al.\u00a0: Violences polici\u00e8res lors de la manifestation \u00ab\u00a0UNITED 4GAZA \u00e0 Berlin\u00a0\u00bb le 11 octobre 2025. 11 octobre https:\/\/www.instagram.com\/p\/DPt1ALECazm\/?img_index=10<\/p>\n<p>7 Ibid.<\/p>\n<p>8 https:\/\/www.aljazeera.com\/news\/2023\/10\/19\/israel-hamas-war-list-of-key-events-day-13<\/p>\n<p>9 https:\/\/www.timesofisrael.com\/liveblog_entry\/defense-minister-announces-complete-siege-of-gaza-no-power-food-or-fuel\/<\/p>\n<p>10 https:\/\/www.bundesregierung.de\/breg-de\/aktuelles\/regierungserklaerung-scholz-2231140<\/p>\n<p>11 https:\/\/www.bostonreview.net\/articles\/the-boomerang-comes-back\/<\/p>\n<p>12 https:\/\/www.middleeasteye.net\/news\/ten-percent-all-civic-repression-worldwide-related-palestine-study-finds<\/p>\n<p>13 https:\/\/civic-forum.eu\/civicspace25<\/p>\n<p>14 https:\/\/www.index-of-repression.org\/additional-resources<\/p>\n<p>15 https:\/\/jacobin.com\/2025\/05\/germany-ai-palestine-israel-antisemitism?s=08<\/p>\n<p>16 https:\/\/www.theleftberlin.com\/news-from-berlin-and-germany-20th-may-2025\/?utm_source=substack&amp;utm_medium=email<\/p>\n<p>17 https:\/\/www.aljazeera.com\/opinions\/2023\/10\/18\/a-letter-to-europe-from-a-palestinian<\/p>\n<p>18 https:\/\/www.jungewelt.de\/artikel\/500467.grundrechte-report-2025-galoppierende-entrechtung.html<\/p>\n<p>19 https:\/\/www.theleftberlin.com\/dror-dayan-from-the-river-to-the-sea\/<\/p>\n<p>20 https:\/\/www.jungewelt.de\/artikel\/500217.eskalation-mit-vorsatz.html<\/p>\n<p>21 https:\/\/www.spiegel.de\/ausland\/israel-gaza-konflikt-deutsche-bevoelkerung-kritisiert-laut-umfrage-israels-vorgehen-im-gazastreifen-a-da6630fa-8c9c-43a7-9fbf-2c0fd88a68cd<\/p>\n<p>22 https:\/\/koerber-stiftung.de\/site\/assets\/files\/43886\/the-berlin-pulse_2024-25.pdf<\/p>\n<p>23 https:\/\/www.theleftberlin.com\/germanys-authoritarian-turn-palestine-repression-police\/<\/p>\n<p>24 Arundhati Roy, \u00ab\u00a0Aucune propagande au monde ne peut masquer la plaie de la Palestine\u00a0: discours d\u2019acceptation du prix PEN Pinter d\u2019Arundhati Roy\u00a0\u00bb. The Wire, 11 octobre 2024. https:\/\/thewire.in\/rights\/palestine-israel-apartheid-arundhati-roy-pen-pinter-prize<\/p>\n<p><img loading=\"lazy\" decoding=\"async\" class=\"size-full wp-image-2620428 alignleft\" src=\"https:\/\/www.europesays.com\/fr\/wp-content\/uploads\/2025\/12\/TNI-Logo-1.jpg\" alt=\"\" width=\"88\" height=\"83\"\/><\/p>\n<p><strong>Donner vie aux id\u00e9es \u2013 depuis 1974<\/strong><\/p>\n<p>L\u2019Institut transnational (TNI) est un institut international de recherche et de plaidoyer qui \u0153uvre pour la construction d\u2019une plan\u00e8te juste, d\u00e9mocratique et durable. Depuis plus de 50 ans, le TNI constitue un lien unique entre les mouvements sociaux, les universitaires engag\u00e9s et les d\u00e9cideurs politiques.<\/p>\n<p class=\"partnersite\"><a href=\"https:\/\/www.tni.org\/es\/node\/19100?translation=en\" target=\"_blank\" rel=\"noopener\">L\u2019article original est accessible ici<\/a><\/p>\n<p>    <script async src=\"\/\/www.instagram.com\/embed.js\"><\/script><\/p>\n","protected":false},"excerpt":{"rendered":"Un rapport de l\u2019Institut transnational R\u00e9sum\u00e9 du rapport Ce rapport documente comment, apr\u00e8s le 7 octobre 2023, les&hellip;\n","protected":false},"author":2,"featured_media":578847,"comment_status":"","ping_status":"","sticky":false,"template":"","format":"standard","meta":{"footnotes":""},"categories":[1587],"tags":[11,672,1804,69294,1805,1803,1777,674,1801,12,69295,1802],"class_list":{"0":"post-578846","1":"post","2":"type-post","3":"status-publish","4":"format-standard","5":"has-post-thumbnail","7":"category-allemagne","8":"tag-actualites","9":"tag-allemagne","10":"tag-bundesrepublik-deutschland","11":"tag-conflit-israel-palestine","12":"tag-de","13":"tag-deutschland","14":"tag-eu","15":"tag-europe","16":"tag-germany","17":"tag-news","18":"tag-repression-mouvement-palestinien","19":"tag-republique-federale-dallemagne"},"share_on_mastodon":{"url":"https:\/\/pubeurope.com\/@fr\/115664495294748663","error":""},"_links":{"self":[{"href":"https:\/\/www.europesays.com\/fr\/wp-json\/wp\/v2\/posts\/578846","targetHints":{"allow":["GET"]}}],"collection":[{"href":"https:\/\/www.europesays.com\/fr\/wp-json\/wp\/v2\/posts"}],"about":[{"href":"https:\/\/www.europesays.com\/fr\/wp-json\/wp\/v2\/types\/post"}],"author":[{"embeddable":true,"href":"https:\/\/www.europesays.com\/fr\/wp-json\/wp\/v2\/users\/2"}],"replies":[{"embeddable":true,"href":"https:\/\/www.europesays.com\/fr\/wp-json\/wp\/v2\/comments?post=578846"}],"version-history":[{"count":0,"href":"https:\/\/www.europesays.com\/fr\/wp-json\/wp\/v2\/posts\/578846\/revisions"}],"wp:featuredmedia":[{"embeddable":true,"href":"https:\/\/www.europesays.com\/fr\/wp-json\/wp\/v2\/media\/578847"}],"wp:attachment":[{"href":"https:\/\/www.europesays.com\/fr\/wp-json\/wp\/v2\/media?parent=578846"}],"wp:term":[{"taxonomy":"category","embeddable":true,"href":"https:\/\/www.europesays.com\/fr\/wp-json\/wp\/v2\/categories?post=578846"},{"taxonomy":"post_tag","embeddable":true,"href":"https:\/\/www.europesays.com\/fr\/wp-json\/wp\/v2\/tags?post=578846"}],"curies":[{"name":"wp","href":"https:\/\/api.w.org\/{rel}","templated":true}]}}