{"id":57885,"date":"2025-04-27T23:05:15","date_gmt":"2025-04-27T23:05:15","guid":{"rendered":"https:\/\/www.europesays.com\/fr\/57885\/"},"modified":"2025-04-27T23:05:15","modified_gmt":"2025-04-27T23:05:15","slug":"marseille-ne-fait-quune-bouchee-de-brest-et-reprend-la-deuxieme-place","status":"publish","type":"post","link":"https:\/\/www.europesays.com\/fr\/57885\/","title":{"rendered":"Marseille ne fait qu\u2019une bouch\u00e9e de Brest et reprend la deuxi\u00e8me place"},"content":{"rendered":"<p>Gr\u00e2ce notamment \u00e0 un tripl\u00e9 d\u2019Amine Gouiri, l\u2019OM a facilement battu Brest (4-1) ce dimanche soir en cl\u00f4ture de la 31e journ\u00e9e.<\/p>\n<p class=\"fig-paragraph\">L\u2019OM encha\u00eene. Au meilleur moment. Une semaine apr\u00e8s sa nette victoire face \u00e0 Montpellier (5-1), le club phoc\u00e9en s\u2019est impos\u00e9 cette fois face \u00e0 Brest, en cl\u00f4ture de la 31e journ\u00e9e de Ligue 1 (4-1). Tout n\u2019a pas \u00e9t\u00e9 parfait, mais les Marseillais, port\u00e9s par un Gouiri en \u00e9tat de gr\u00e2ce, ont fait le job. Ils profitent de ce succ\u00e8s pour reprendre la deuxi\u00e8me place du classement. Avec deux points d\u2019avance sur Lille, leur prochain adversaire, et trois sur Monaco.<\/p>\n<p>Gouiri fait le show<\/p>\n<p class=\"fig-paragraph\">Dans cette course \u00e0 la Ligue des champions pleine de suspense, la pression est tr\u00e8s forte sur l\u2019OM. Et notamment sur Roberto De Zerbi.\u00a0<a href=\"http:\/\/www.lefigaro.fr\/sports\/football\/ligue-1\/ligue-1-operation-2e-place-l-om-s-envole-en-stage-a-rome-pour-preparer-le-sprint-final-20250422\" data-fig-type=\"NewsFlash\" data-gtm-custom-categorie=\"navigation\" data-gtm-custom-action=\"crossclick\" data-gtm-custom-label=\"Contextuel\" data-gtm-event=\"customEventSPE\" data-fig-domain=\"LEFIGARO\" target=\"_blank\" rel=\"noopener\">Instigateur de la mise au vert romaine de son \u00e9quipe<\/a>, l\u2019entra\u00eeneur italien a d\u00e9cid\u00e9 d\u2019innover dans son onze de d\u00e9part. Exit son 3-4-3 devenu lisible ces derni\u00e8res semaines, le retour de blessure de Balerdi l\u2019a incit\u00e9 \u00e0 aligner une d\u00e9fense \u00e0 quatre. Dans le jeu, ce changement n\u2019a pas franchement permis aux Olympiens d\u2019afficher une r\u00e9elle ma\u00eetrise collective en premi\u00e8re p\u00e9riode, face \u00e0 des Brestois accrocheurs. \u00c0 d\u00e9faut d\u2019\u00eatre brillant, l\u2019OM a su se montrer efficace. A l\u2019image de Gouiri. Titulaire en pointe, l\u2019ancien Rennais a id\u00e9alement lanc\u00e9 les siens en ouvrant le score d\u2019entr\u00e9e (1-0, 8e). Avant de r\u00e9galer le V\u00e9lodrome, d\u2019une sublime bicyclette synonyme de break avant la pause (3-1, 45e). Entre-temps, Greenwood, avec l\u2019aide malheureuse de Chardonnet, avait remis l\u2019OM sur de bons rails (2-1, 37e), peu apr\u00e8s l\u2019\u00e9galisation bretonne sign\u00e9e Sima (1-1, 27e).<\/p>\n<p>Dauphin \u00e0 trois journ\u00e9es de la fin<\/p>\n<p class=\"fig-paragraph\">Bien pay\u00e9 de rentrer aux vestiaires avec deux buts d\u2019avance, l\u2019OM est rest\u00e9 prudent et n\u2019a pas voulu prendre le moindre risque en seconde p\u00e9riode, en positionnant son bloc plus bas. Un choix pas franchement ambitieux . Mais payant. Rarement mis en difficult\u00e9 derri\u00e8re, hormis sur une frappe de Pereira Lage bien repouss\u00e9e par Rulli (76e), les Marseillais ont g\u00e9r\u00e9 le deuxi\u00e8me acte sans trembler. Bien aid\u00e9s par le troisi\u00e8me but plein de sang-froid de Gouiri. L\u2019international alg\u00e9rien a rapidement achev\u00e9 tout espoir de r\u00e9volte adverse en remportant facilement son duel avec Coudert, habituelle doublure de Bizot (4-1, 63e). Alors que le SB29 a dit adieu \u00e0 l\u2019Europe la saison prochaine, l\u2019OM s\u2019est parfaitement repositionn\u00e9 dans la lutte \u00e0 la Ligue des champions. Il reste maintenant trois journ\u00e9es aux Phoc\u00e9ens pour conforter cette avance et valider une qualification que tout un club attend.<\/p>\n","protected":false},"excerpt":{"rendered":"Gr\u00e2ce notamment \u00e0 un tripl\u00e9 d\u2019Amine Gouiri, l\u2019OM a facilement battu Brest (4-1) ce dimanche soir en cl\u00f4ture&hellip;\n","protected":false},"author":2,"featured_media":57886,"comment_status":"","ping_status":"","sticky":false,"template":"","format":"standard","meta":{"footnotes":""},"categories":[2814],"tags":[1111,11,2329,15361,525,1981,814,1777,674,2257,63,1011,27,3309,66,1307,884,955,12,1176,978,882,93,25,1980],"class_list":{"0":"post-57885","1":"post","2":"type-post","3":"status-publish","4":"format-standard","5":"has-post-thumbnail","7":"category-marseille","8":"tag-actu","9":"tag-actualites","10":"tag-adrien-rabiot","11":"tag-amine-gouiri","12":"tag-calendrier","13":"tag-classement","14":"tag-direct","15":"tag-eu","16":"tag-europe","17":"tag-foot","18":"tag-football","19":"tag-fr","20":"tag-france","21":"tag-l1","22":"tag-ligue-1","23":"tag-lille","24":"tag-marseille","25":"tag-match","26":"tag-news","27":"tag-olympique-de-marseille","28":"tag-olympique-lyonnais","29":"tag-provence-alpes-cote-dazur","30":"tag-psg","31":"tag-republique-francaise","32":"tag-resultats"},"share_on_mastodon":{"url":"https:\/\/pubeurope.com\/@fr\/114412435906002685","error":""},"_links":{"self":[{"href":"https:\/\/www.europesays.com\/fr\/wp-json\/wp\/v2\/posts\/57885","targetHints":{"allow":["GET"]}}],"collection":[{"href":"https:\/\/www.europesays.com\/fr\/wp-json\/wp\/v2\/posts"}],"about":[{"href":"https:\/\/www.europesays.com\/fr\/wp-json\/wp\/v2\/types\/post"}],"author":[{"embeddable":true,"href":"https:\/\/www.europesays.com\/fr\/wp-json\/wp\/v2\/users\/2"}],"replies":[{"embeddable":true,"href":"https:\/\/www.europesays.com\/fr\/wp-json\/wp\/v2\/comments?post=57885"}],"version-history":[{"count":0,"href":"https:\/\/www.europesays.com\/fr\/wp-json\/wp\/v2\/posts\/57885\/revisions"}],"wp:featuredmedia":[{"embeddable":true,"href":"https:\/\/www.europesays.com\/fr\/wp-json\/wp\/v2\/media\/57886"}],"wp:attachment":[{"href":"https:\/\/www.europesays.com\/fr\/wp-json\/wp\/v2\/media?parent=57885"}],"wp:term":[{"taxonomy":"category","embeddable":true,"href":"https:\/\/www.europesays.com\/fr\/wp-json\/wp\/v2\/categories?post=57885"},{"taxonomy":"post_tag","embeddable":true,"href":"https:\/\/www.europesays.com\/fr\/wp-json\/wp\/v2\/tags?post=57885"}],"curies":[{"name":"wp","href":"https:\/\/api.w.org\/{rel}","templated":true}]}}