{"id":578850,"date":"2025-12-05T02:02:12","date_gmt":"2025-12-05T02:02:12","guid":{"rendered":"https:\/\/www.europesays.com\/fr\/578850\/"},"modified":"2025-12-05T02:02:12","modified_gmt":"2025-12-05T02:02:12","slug":"la-ministre-anand-conclut-sa-participation-aux-reunions-avec-lunion-europeenne-et-a-la-reunion-des-ministres-des-affaires-etrangeres-de-lotan-a-bruxelles","status":"publish","type":"post","link":"https:\/\/www.europesays.com\/fr\/578850\/","title":{"rendered":"La ministre Anand conclut sa participation aux r\u00e9unions avec l\u2019Union europ\u00e9enne et \u00e0 la r\u00e9union des ministres des Affaires \u00e9trang\u00e8res de l\u2019OTAN \u00e0 Bruxelles"},"content":{"rendered":"<p>Le 4 d\u00e9cembre 2025 \u2013 Bruxelles, Belgique \u2013 Affaires mondiales Canada<\/p>\n<p>La ministre des Affaires \u00e9trang\u00e8res, l\u2019honorable Anita\u00a0Anand, a conclu aujourd\u2019hui sa visite \u00e0 Bruxelles, en Belgique, o\u00f9 elle a renforc\u00e9 la coop\u00e9ration du Canada avec l\u2019Union europ\u00e9enne (UE) et particip\u00e9 \u00e0 la r\u00e9union des ministres des Affaires \u00e9trang\u00e8res de l\u2019OTAN.<\/p>\n<p>Le 2\u00a0d\u00e9cembre, la ministre Anand a rencontr\u00e9 le commissaire europ\u00e9en \u00e0 l\u2019\u00c9conomie et \u00e0 la Productivit\u00e9, Valdis\u00a0Dombrovskis, pour faire progresser les discussions sur l\u2019aide \u00e9conomique essentielle destin\u00e9e \u00e0 l\u2019Ukraine. Elle a \u00e9galement rencontr\u00e9 l\u2019envoy\u00e9 de l\u2019UE pour les sanctions, David\u00a0O\u2019Sullivan, afin de renforcer la coop\u00e9ration entre le Canada et l\u2019UE sur la mise en \u0153uvre des sanctions contre la Russie.<\/p>\n<p>Le 3\u00a0d\u00e9cembre, la ministre Anand a particip\u00e9 \u00e0 la r\u00e9union des ministres des Affaires \u00e9trang\u00e8res de l\u2019OTAN, o\u00f9 les discussions ont port\u00e9 sur la s\u00e9curit\u00e9 euro-atlantique et les d\u00e9fis auxquels l\u2019Alliance est confront\u00e9e, notamment l\u2019agression russe dans la r\u00e9gion euro-atlantique. Lors de la r\u00e9union du Conseil OTAN-Ukraine, la ministre a discut\u00e9 avec les Alli\u00e9s, l\u2019Ukraine et l\u2019UE de la meilleure voie \u00e0 suivre pour parvenir \u00e0 une paix juste et durable en Ukraine, et a r\u00e9it\u00e9r\u00e9 l\u2019appui ind\u00e9fectible du Canada \u00e0 la souverainet\u00e9 et \u00e0 l\u2019ind\u00e9pendance de l\u2019Ukraine, et \u00e0 son droit fondamental d\u2019exister comme nation libre.<\/p>\n<p>La ministre a annonc\u00e9 un appui suppl\u00e9mentaire de 35\u00a0millions de dollars au Programme global d\u2019aide de l\u2019OTAN \u00e0 l\u2019Ukraine afin de r\u00e9pondre aux besoins imm\u00e9diats, \u00e0 moyen et \u00e0 long terme de l\u2019Ukraine en mati\u00e8re de s\u00e9curit\u00e9 et de d\u00e9fense. De plus, elle a attir\u00e9 l\u2019attention sur l\u2019annonce du ministre McGuinty selon laquelle le Canada contribuera \u00e0 l\u2019achat d\u2019un deuxi\u00e8me lot d\u2019\u00e9quipements militaires essentiels am\u00e9ricains figurant sur la liste des besoins prioris\u00e9s de l\u2019Ukraine (PURL) \u00e9tablie par l\u2019Organisation du Trait\u00e9 de l\u2019Atlantique Nord (OTAN), en partenariat avec d\u2019autres pays alli\u00e9s de l\u2019OTAN. La contribution du Canada \u00e0 cette initiative relative \u00e0 la PURL s\u2019\u00e9l\u00e8vera \u00e0 200 millions de dollars canadiens. L\u2019annonce fait suite \u00e0 celle faite en ao\u00fbt dernier par le premier ministre Mark Carney concernant le financement int\u00e9gral par le Canada d\u2019un pr\u00e9c\u00e9dent ensemble de capacit\u00e9s figurant sur la PURL, portant la contribution totale du Canada \u00e0 l\u2019initiative relative \u00e0 la PURL \u00e0 890 millions de dollars canadiens.<\/p>\n<p>En marge de la r\u00e9union minist\u00e9rielle de l\u2019OTAN, la ministre Anand s\u2019est entretenue avec le secr\u00e9taire g\u00e9n\u00e9ral de l\u2019OTAN, Mark\u00a0Rutte, pour r\u00e9affirmer le soutien \u00e0 l\u2019Ukraine et souligner l\u2019importance de la s\u00e9curit\u00e9 dans l\u2019Arctique pour assurer la s\u00e9curit\u00e9 de l\u2019Alliance. La ministre a \u00e9galement tenu des rencontres bilat\u00e9rales avec ses homologues d\u2019Allemagne (Johann\u00a0Wadephul), de Bulgarie (Georg\u00a0Georgiev), d\u2019Espagne (Jos\u00e9\u00a0Manuel\u00a0Albares\u00a0Bueno), de Lettonie (Baiba\u00a0Bra\u017ee) des Pays-Bas (David\u00a0van\u00a0Weel), de Slov\u00e9nie (Tanja Fajon), et de Turquie (Hakan Fidan). Ces discussions ont permis de faire progresser les priorit\u00e9s communes et d\u2019explorer des possibilit\u00e9s de consolider la coop\u00e9ration dans les domaines de l\u2019\u00e9conomie et de la d\u00e9fense.<\/p>\n","protected":false},"excerpt":{"rendered":"Le 4 d\u00e9cembre 2025 \u2013 Bruxelles, Belgique \u2013 Affaires mondiales Canada La ministre des Affaires \u00e9trang\u00e8res, l\u2019honorable Anita\u00a0Anand,&hellip;\n","protected":false},"author":2,"featured_media":578851,"comment_status":"","ping_status":"","sticky":false,"template":"","format":"standard","meta":{"footnotes":""},"categories":[1586],"tags":[11,260,39652,828,574,39653,38969,1777,674,1779,1011,27,8660,1577,12,25,132,1778,220,364],"class_list":{"0":"post-578850","1":"post","2":"type-post","3":"status-publish","4":"format-standard","5":"has-post-thumbnail","7":"category-europe","8":"tag-actualites","9":"tag-affaires-etrangeres","10":"tag-affaires-mondiales-canada","11":"tag-belgique","12":"tag-canada","13":"tag-canada-et-le-monde","14":"tag-communiques-de-presse","15":"tag-eu","16":"tag-europe","17":"tag-european-union","18":"tag-fr","19":"tag-france","20":"tag-grand-public","21":"tag-l","22":"tag-news","23":"tag-republique-francaise","24":"tag-russie","25":"tag-ue","26":"tag-ukraine","27":"tag-union-europeenne"},"share_on_mastodon":{"url":"https:\/\/pubeurope.com\/@fr\/115664502567859499","error":""},"_links":{"self":[{"href":"https:\/\/www.europesays.com\/fr\/wp-json\/wp\/v2\/posts\/578850","targetHints":{"allow":["GET"]}}],"collection":[{"href":"https:\/\/www.europesays.com\/fr\/wp-json\/wp\/v2\/posts"}],"about":[{"href":"https:\/\/www.europesays.com\/fr\/wp-json\/wp\/v2\/types\/post"}],"author":[{"embeddable":true,"href":"https:\/\/www.europesays.com\/fr\/wp-json\/wp\/v2\/users\/2"}],"replies":[{"embeddable":true,"href":"https:\/\/www.europesays.com\/fr\/wp-json\/wp\/v2\/comments?post=578850"}],"version-history":[{"count":0,"href":"https:\/\/www.europesays.com\/fr\/wp-json\/wp\/v2\/posts\/578850\/revisions"}],"wp:featuredmedia":[{"embeddable":true,"href":"https:\/\/www.europesays.com\/fr\/wp-json\/wp\/v2\/media\/578851"}],"wp:attachment":[{"href":"https:\/\/www.europesays.com\/fr\/wp-json\/wp\/v2\/media?parent=578850"}],"wp:term":[{"taxonomy":"category","embeddable":true,"href":"https:\/\/www.europesays.com\/fr\/wp-json\/wp\/v2\/categories?post=578850"},{"taxonomy":"post_tag","embeddable":true,"href":"https:\/\/www.europesays.com\/fr\/wp-json\/wp\/v2\/tags?post=578850"}],"curies":[{"name":"wp","href":"https:\/\/api.w.org\/{rel}","templated":true}]}}